{"id":21469,"date":"2024-01-11T09:43:45","date_gmt":"2024-01-11T12:43:45","guid":{"rendered":"https:\/\/imais.online\/portal\/?p=21469"},"modified":"2024-01-11T09:43:46","modified_gmt":"2024-01-11T12:43:46","slug":"primeira-acao-de-vacinacao-contra-raiva-animal-do-ano-em-indaiatuba-acontece-dia-27-de-janeiro","status":"publish","type":"post","link":"https:\/\/imais.online\/portal\/primeira-acao-de-vacinacao-contra-raiva-animal-do-ano-em-indaiatuba-acontece-dia-27-de-janeiro\/","title":{"rendered":"Primeira a\u00e7\u00e3o de vacina\u00e7\u00e3o contra raiva animal do ano em Indaiatuba acontece dia 27 de janeiro"},"content":{"rendered":"<div class=\"imais-before-content-placement\" id=\"imais-2655973934\"><script async src=\"\/\/pagead2.googlesyndication.com\/pagead\/js\/adsbygoogle.js?client=ca-pub-8787528412751566\" crossorigin=\"anonymous\"><\/script><ins class=\"adsbygoogle\" style=\"display:block;\" data-ad-client=\"ca-pub-8787528412751566\" \ndata-ad-slot=\"\" \ndata-ad-format=\"auto\"><\/ins>\n<script> \n(adsbygoogle = window.adsbygoogle || []).push({}); \n<\/script>\n<\/div>\n<p><em><small>Tutores devem fazer agendamento no link disponibilizado pela Prefeitura<\/small><\/em><\/p>\n\n\n\n<p>A Secretaria de Sa\u00fade de Indaiatuba informa que a primeira a\u00e7\u00e3o de vacina\u00e7\u00e3o contra raiva animal de 2024 ser\u00e1 realizada no \u00faltimo s\u00e1bado de janeiro (27\/01). Nesta primeira edi\u00e7\u00e3o do ano, a campanha de vacina\u00e7\u00e3o antirr\u00e1bica ser\u00e1 realizada apenas no Parque PET do Jardim Esplanada, das 9h \u00e0s 13h. Os tutores de c\u00e3es e gatos podem fazer o agendamento a partir desta quinta-feira (11\/01), no&nbsp;<a href=\"https:\/\/www.indaiatuba.sp.gov.br\/saude\/vigilancia-em-saude\/vigilancia-epidemiologica\/vacinacao-contra-raiva\/\">link<\/a>&nbsp;disponibilizado no site da Prefeitura.<\/p>\n\n\n\n<p>A vacina\u00e7\u00e3o tem o apoio do Compda (Conselho Municipal de Prote\u00e7\u00e3o dos Direitos dos Animais). A recomenda\u00e7\u00e3o aos tutores \u00e9 que n\u00e3o esque\u00e7am de levar a carteira de vacina\u00e7\u00e3o do pet no dia do evento, e o c\u00e3o dever\u00e1 ser conduzido em coleira e o gato dentro de um saco de tecido.<\/p>\n\n\n\n<p>Como o posto de vacina\u00e7\u00e3o ser\u00e1 em local aberto, a a\u00e7\u00e3o ser\u00e1 cancelada em caso de chuva.<\/p>\n\n\n\n<p><strong>Servi\u00e7o<\/strong><\/p>\n\n\n\n<p>Vacina\u00e7\u00e3o contra raiva animal<\/p>\n\n\n\n<p>Dia: 27 de janeiro<\/p>\n\n\n\n<p>Hor\u00e1rio: das 9h \u00e0s 13h<\/p>\n\n\n\n<p>Local: Parque PET do Jardim Esplanada (em frente ao col\u00e9gio Objetivo)<\/p>\n","protected":false},"excerpt":{"rendered":"<p>Tutores devem fazer agendamento no link disponibilizado pela Prefeitura A Secretaria de Sa\u00fade de Indaiatuba informa que a primeira a\u00e7\u00e3o de vacina\u00e7\u00e3o contra raiva animal de 2024 ser\u00e1 realizada no \u00faltimo s\u00e1bado de janeiro (27\/01). Nesta primeira edi\u00e7\u00e3o do ano, a campanha de vacina\u00e7\u00e3o antirr\u00e1bica ser\u00e1 realizada apenas no Parque PET do Jardim Esplanada, das [&hellip;]<\/p>\n","protected":false},"author":8,"featured_media":21470,"comment_status":"closed","ping_status":"open","sticky":false,"template":"","format":"standard","meta":{"rop_custom_images_group":[],"rop_custom_messages_group":[],"rop_publish_now":"initial","rop_publish_now_accounts":[],"rop_publish_now_history":[],"rop_publish_now_status":"pending","footnotes":""},"categories":[188],"tags":[],"class_list":["post-21469","post","type-post","status-publish","format-standard","has-post-thumbnail","hentry","category-indaiatuba"],"amp_enabled":true,"_links":{"self":[{"href":"https:\/\/imais.online\/portal\/wp-json\/wp\/v2\/posts\/21469","targetHints":{"allow":["GET"]}}],"collection":[{"href":"https:\/\/imais.online\/portal\/wp-json\/wp\/v2\/posts"}],"about":[{"href":"https:\/\/imais.online\/portal\/wp-json\/wp\/v2\/types\/post"}],"author":[{"embeddable":true,"href":"https:\/\/imais.online\/portal\/wp-json\/wp\/v2\/users\/8"}],"replies":[{"embeddable":true,"href":"https:\/\/imais.online\/portal\/wp-json\/wp\/v2\/comments?post=21469"}],"version-history":[{"count":1,"href":"https:\/\/imais.online\/portal\/wp-json\/wp\/v2\/posts\/21469\/revisions"}],"predecessor-version":[{"id":21471,"href":"https:\/\/imais.online\/portal\/wp-json\/wp\/v2\/posts\/21469\/revisions\/21471"}],"wp:featuredmedia":[{"embeddable":true,"href":"https:\/\/imais.online\/portal\/wp-json\/wp\/v2\/media\/21470"}],"wp:attachment":[{"href":"https:\/\/imais.online\/portal\/wp-json\/wp\/v2\/media?parent=21469"}],"wp:term":[{"taxonomy":"category","embeddable":true,"href":"https:\/\/imais.online\/portal\/wp-json\/wp\/v2\/categories?post=21469"},{"taxonomy":"post_tag","embeddable":true,"href":"https:\/\/imais.online\/portal\/wp-json\/wp\/v2\/tags?post=21469"}],"curies":[{"name":"wp","href":"https:\/\/api.w.org\/{rel}","templated":true}]}}