{"id":21484,"date":"2024-01-11T10:45:22","date_gmt":"2024-01-11T13:45:22","guid":{"rendered":"https:\/\/imais.online\/portal\/?p=21484"},"modified":"2024-01-11T10:45:23","modified_gmt":"2024-01-11T13:45:23","slug":"414-anos-de-itu-show-com-diogo-nogueira-e-muito-mais","status":"publish","type":"post","link":"https:\/\/imais.online\/portal\/414-anos-de-itu-show-com-diogo-nogueira-e-muito-mais\/","title":{"rendered":"414 Anos de Itu: show com Diogo Nogueira e muito\u00a0mais"},"content":{"rendered":"<div class=\"imais-before-content-placement\" id=\"imais-1576892973\"><script async src=\"\/\/pagead2.googlesyndication.com\/pagead\/js\/adsbygoogle.js?client=ca-pub-8787528412751566\" crossorigin=\"anonymous\"><\/script><ins class=\"adsbygoogle\" style=\"display:block;\" data-ad-client=\"ca-pub-8787528412751566\" \ndata-ad-slot=\"\" \ndata-ad-format=\"auto\"><\/ins>\n<script> \n(adsbygoogle = window.adsbygoogle || []).push({}); \n<\/script>\n<\/div>\n<p><em>A programa\u00e7\u00e3o conta com uma agenda de inaugura\u00e7\u00f5es de obras e outras atra\u00e7\u00f5es para celebrar o anivers\u00e1rio da cidade<\/em><\/p>\n\n\n\n<p>O sambista Diogo Nogueira ser\u00e1 uma das atra\u00e7\u00f5es da programa\u00e7\u00e3o de anivers\u00e1rio de 414 Anos de Itu, realizada pela Prefeitura. O cantor se apresenta no dia 02 de fevereiro (sexta-feira), data da funda\u00e7\u00e3o da cidade, a partir das 20h em palco montado na Pra\u00e7a Washington Luiz (em frente ao Est\u00e1dio Novelli J\u00fanior). A programa\u00e7\u00e3o conta com diversas outras atra\u00e7\u00f5es e uma sequ\u00eancia de inaugura\u00e7\u00f5es de obras p\u00fablicas nas \u00e1reas de abastecimento de \u00e1gua, educa\u00e7\u00e3o, cultura e meio ambiente.<\/p>\n\n\n\n<p>Confira a seguir tudo que a Prefeitura preparou para Itu em seu anivers\u00e1rio:<\/p>\n\n\n\n<p><strong>Quinta-feira 01\/12<\/strong><\/p>\n\n\n\n<p>18h \u2013 Acendimento da Pira e Medalha Domingos Fernandes e Apresenta\u00e7\u00e3o Banda Marcial \u2013 Pra\u00e7a Padre Anchieta (Bom Jesus), s\/n \u2013 Centro<\/p>\n\n\n\n<p>20h \u2013 Apresenta\u00e7\u00e3o do Coro Municipal na Igreja Bom Jesus \u2013 Pra\u00e7a Padre Anchieta, s\/n \u2013 Centro<\/p>\n\n\n\n<p><strong>Sexta-feira 02\/02<\/strong><\/p>\n\n\n\n<p>Agenda de inaugura\u00e7\u00f5es<\/p>\n\n\n\n<p>8h \u2013 Reinaugura\u00e7\u00e3o do Centro de Educa\u00e7\u00e3o Ambiental \u201cMiguel Lorente Villa\u201d \u2013 CEA Villa, Rua Anthigio Cavecchini, 745, Bairro Presidente M\u00e9dici<\/p>\n\n\n\n<p>10h \u2013 Reinaugura\u00e7\u00e3o do Espa\u00e7o Cultural \u201cAlmeida Jr\u201d, R. Paula Souza, 664 \u2013 Centro<\/p>\n\n\n\n<p>14h \u2013 Teste da Adutora do novo sistema Utu-Gua\u00e7u<\/p>\n\n\n\n<p>16h \u2013 Inaugura\u00e7\u00e3o da Rede Saber VI \u201cProf\u00aa Marilze Calil\u201d, Rua Valinhos, s\/n\u00ba \u2013 Cidade Nova<\/p>\n\n\n\n<p>Agenda de eventos<\/p>\n\n\n\n<p>12h \u2013 Tradicional Corte do Bolo, Pra\u00e7a Padre Miguel (Matriz), Centro<\/p>\n\n\n\n<p>20h \u2013 Show Diogo Nogueira, Pra\u00e7a Washington Luiz, Jardim do Est\u00e1dio<\/p>\n\n\n\n<p><strong>S\u00e1bado 03\/02<\/strong><\/p>\n\n\n\n<p>20h \u2013 Apresenta\u00e7\u00e3o do grupo Jatosamba, Avenida da Paz Universal, esquina com a Rua Itupeva \u2013 Cidade Nova<\/p>\n\n\n\n<p><strong>Domingo 04\/02<\/strong><\/p>\n\n\n\n<p>7h \u2013 Passeio Cicl\u00edstico \u201cPedalando pelos Caminhos Ituanos\u201d, Trajeto Rural: Caminho do Jurumirim, Sa\u00edda da Prefeitura de Itu \u2013 Av Itu 400 Anos, 111, Itu Novo Centro.<\/p>\n\n\n\n<p><em>Fonte: Prefeitura de Itu <\/em><\/p>\n","protected":false},"excerpt":{"rendered":"<p>A programa\u00e7\u00e3o conta com uma agenda de inaugura\u00e7\u00f5es de obras e outras atra\u00e7\u00f5es para celebrar o anivers\u00e1rio da cidade O sambista Diogo Nogueira ser\u00e1 uma das atra\u00e7\u00f5es da programa\u00e7\u00e3o de anivers\u00e1rio de 414 Anos de Itu, realizada pela Prefeitura. O cantor se apresenta no dia 02 de fevereiro (sexta-feira), data da funda\u00e7\u00e3o da cidade, a [&hellip;]<\/p>\n","protected":false},"author":8,"featured_media":21485,"comment_status":"closed","ping_status":"open","sticky":false,"template":"","format":"standard","meta":{"rop_custom_images_group":[],"rop_custom_messages_group":[],"rop_publish_now":"initial","rop_publish_now_accounts":[],"rop_publish_now_history":[],"rop_publish_now_status":"pending","footnotes":""},"categories":[230],"tags":[],"class_list":["post-21484","post","type-post","status-publish","format-standard","has-post-thumbnail","hentry","category-interior"],"amp_enabled":true,"_links":{"self":[{"href":"https:\/\/imais.online\/portal\/wp-json\/wp\/v2\/posts\/21484","targetHints":{"allow":["GET"]}}],"collection":[{"href":"https:\/\/imais.online\/portal\/wp-json\/wp\/v2\/posts"}],"about":[{"href":"https:\/\/imais.online\/portal\/wp-json\/wp\/v2\/types\/post"}],"author":[{"embeddable":true,"href":"https:\/\/imais.online\/portal\/wp-json\/wp\/v2\/users\/8"}],"replies":[{"embeddable":true,"href":"https:\/\/imais.online\/portal\/wp-json\/wp\/v2\/comments?post=21484"}],"version-history":[{"count":1,"href":"https:\/\/imais.online\/portal\/wp-json\/wp\/v2\/posts\/21484\/revisions"}],"predecessor-version":[{"id":21486,"href":"https:\/\/imais.online\/portal\/wp-json\/wp\/v2\/posts\/21484\/revisions\/21486"}],"wp:featuredmedia":[{"embeddable":true,"href":"https:\/\/imais.online\/portal\/wp-json\/wp\/v2\/media\/21485"}],"wp:attachment":[{"href":"https:\/\/imais.online\/portal\/wp-json\/wp\/v2\/media?parent=21484"}],"wp:term":[{"taxonomy":"category","embeddable":true,"href":"https:\/\/imais.online\/portal\/wp-json\/wp\/v2\/categories?post=21484"},{"taxonomy":"post_tag","embeddable":true,"href":"https:\/\/imais.online\/portal\/wp-json\/wp\/v2\/tags?post=21484"}],"curies":[{"name":"wp","href":"https:\/\/api.w.org\/{rel}","templated":true}]}}