{"id":21487,"date":"2024-01-11T10:52:39","date_gmt":"2024-01-11T13:52:39","guid":{"rendered":"https:\/\/imais.online\/portal\/?p=21487"},"modified":"2024-01-11T10:52:40","modified_gmt":"2024-01-11T13:52:40","slug":"nova-carteira-de-identidade-prazo-para-que-estados-comecem-a-emitir-documento-termina-nesta-quinta-feira-11","status":"publish","type":"post","link":"https:\/\/imais.online\/portal\/nova-carteira-de-identidade-prazo-para-que-estados-comecem-a-emitir-documento-termina-nesta-quinta-feira-11\/","title":{"rendered":"Nova carteira de identidade: prazo para que estados comecem a emitir documento termina nesta quinta-feira (11)"},"content":{"rendered":"<div class=\"imais-before-content-placement\" id=\"imais-1451701000\"><script async src=\"\/\/pagead2.googlesyndication.com\/pagead\/js\/adsbygoogle.js?client=ca-pub-8787528412751566\" crossorigin=\"anonymous\"><\/script><ins class=\"adsbygoogle\" style=\"display:block;\" data-ad-client=\"ca-pub-8787528412751566\" \ndata-ad-slot=\"\" \ndata-ad-format=\"auto\"><\/ins>\n<script> \n(adsbygoogle = window.adsbygoogle || []).push({}); \n<\/script>\n<\/div>\n<h2 class=\"wp-block-heading\">Prazo divulgado pelo governo terminava inicialmente em 6 de dezembro, mas houve amplia\u00e7\u00e3o ap\u00f3s pedido dos estados. Documento unifica registro geral em todas unidades da federa\u00e7\u00e3o por meio do CPF.<\/h2>\n\n\n\n<p>O prazo para que os estados comecem a emitir a nova Carteira de Identidade Nacional (CIN) termina nesta quinta-feira (11), informou o Minist\u00e9rio da Gest\u00e3o e da Inova\u00e7\u00e3o em Servi\u00e7os P\u00fablicos. Segundo a pasta,\u00a0o prazo coincide com o limite definido pela<strong>\u00a0Lei n\u00ba 14.534\/23<\/strong>, que determina o Cadastro de Pessoas F\u00edsicas (CPF) como o n\u00famero do registro geral da carteira de identidade.<\/p>\n\n\n\n<p>Anteriormente, o prazo divulgado pelo governo era 6 de dezembro, mas, a pedido dos estados, houve essa amplia\u00e7\u00e3o. O Minist\u00e9rio da Gest\u00e3o e da Inova\u00e7\u00e3o em Servi\u00e7os P\u00fablicos (MGI),\u00a0<strong>3 milh\u00f5es<\/strong>\u00a0de brasileiros j\u00e1 emitiram o novo documento.<\/p>\n\n\n\n<p>O documento unifica o registro geral (RG) em todas as unidades da federa\u00e7\u00e3o por meio do Cadastro de Pessoas F\u00edsicas, o que possibilita &#8220;melhorar os cadastros administrativos, fortalecer as verifica\u00e7\u00f5es das For\u00e7as de Seguran\u00e7a P\u00fablica e mitigar os problemas de fraudes no Brasil&#8221;.<\/p>\n\n\n\n<p>Segundo o MGI, at\u00e9 esta quinta-feira,&nbsp;<strong>24 unidades da federa\u00e7\u00e3o<\/strong>&nbsp;j\u00e1 haviam come\u00e7ado a emitir o novo documento:<\/p>\n\n\n\n<ol class=\"wp-block-list\">\n<li>Acre;<\/li>\n\n\n\n<li>Alagoas;<\/li>\n\n\n\n<li>Amazonas;<\/li>\n\n\n\n<li>Cear\u00e1;<\/li>\n\n\n\n<li>Distrito Federal;<\/li>\n\n\n\n<li>Esp\u00edrito Santo;<\/li>\n\n\n\n<li><a class=\"\" href=\"https:\/\/g1.globo.com\/go\/goias\/cidade\/goias\/\">Goi\u00e1s<\/a>;<\/li>\n\n\n\n<li>Maranh\u00e3o;<\/li>\n\n\n\n<li>Mato Grosso;<\/li>\n\n\n\n<li>Mato Grosso do Sul;<\/li>\n\n\n\n<li>Minas Gerais;<\/li>\n\n\n\n<li>Par\u00e1;<\/li>\n\n\n\n<li>Para\u00edba;<\/li>\n\n\n\n<li>Paran\u00e1;<\/li>\n\n\n\n<li>Pernambuco;<\/li>\n\n\n\n<li>Piau\u00ed;<\/li>\n\n\n\n<li><a class=\"\" href=\"https:\/\/g1.globo.com\/rj\/rio-de-janeiro\/cidade\/rio-de-janeiro\/\">Rio de Janeiro<\/a>;<\/li>\n\n\n\n<li>Rio Grande do Norte;<\/li>\n\n\n\n<li>Rio Grande do Sul;<\/li>\n\n\n\n<li>Rond\u00f4nia;<\/li>\n\n\n\n<li>Santa Catarina;<\/li>\n\n\n\n<li>S\u00e3o Paulo;<\/li>\n\n\n\n<li>Sergipe;<\/li>\n\n\n\n<li>Tocantins<\/li>\n<\/ol>\n\n\n\n<p>O&nbsp;<a class=\"\" href=\"https:\/\/g1.globo.com\/\">g1<\/a>&nbsp;questionou a pasta se outra unidade da federa\u00e7\u00e3o come\u00e7ou a emiss\u00e3o ap\u00f3s a data, mas n\u00e3o obteve retorno at\u00e9 a \u00faltima atualiza\u00e7\u00e3o desta reportagem.<\/p>\n\n\n\n<h2 class=\"wp-block-heading\"><strong>Veja perguntas e respostas sobre o novo documento<\/strong><\/h2>\n\n\n\n<ul class=\"wp-block-list\">\n<li><strong>O que muda com a nova identidade?<\/strong><\/li>\n<\/ul>\n\n\n\n<p>A Carteira de Identidade Nacional segue o disposto na Lei n\u00ba 14.534\/2023, sancionada pelo presidente Lula, que&nbsp;determina o CPF como n\u00famero \u00fanico e suficiente para identifica\u00e7\u00e3o do cidad\u00e3o nos bancos de dados de servi\u00e7os p\u00fablicos.<\/p>\n\n\n\n<p>Antes, cada cidad\u00e3o poderia ter at\u00e9 27 RGs diferentes, um por unidade da federa\u00e7\u00e3o. Com a implementa\u00e7\u00e3o da nova identidade, o brasileiro passa a adotar apenas o CPF como n\u00famero identificador.<\/p>\n\n\n\n<ul class=\"wp-block-list\">\n<li><strong>Qual motivo da unifica\u00e7\u00e3o entre RG e CPF?<\/strong><\/li>\n<\/ul>\n\n\n\n<p>Com a nova identidade, a probabilidade de fraudes \u00e9 menor, visto que antes era poss\u00edvel que a mesma pessoa tivesse um n\u00famero de RG por estado, al\u00e9m do CPF. Com a CIN, o cidad\u00e3o passa a ter um n\u00famero de identifica\u00e7\u00e3o apenas.<\/p>\n\n\n\n<p>A nova carteira apresenta ainda um QR Code, que permite verificar a autenticidade do documento, bem como saber se foi furtado ou extraviado, por meio de qualquer smartphone. Conta ainda com um c\u00f3digo de padr\u00e3o internacional chamado MRZ, o mesmo utilizado em passaportes.<\/p>\n\n\n\n<ul class=\"wp-block-list\">\n<li><strong>O que deve acontecer com o RG?<\/strong><\/li>\n<\/ul>\n\n\n\n<p>O RG, segundo o governo, deve cair gradualmente em desuso nos cadastros.<\/p>\n\n\n\n<ul class=\"wp-block-list\">\n<li><strong>Onde o novo documento \u00e9 emitido?<\/strong><\/li>\n<\/ul>\n\n\n\n<p>Para a emiss\u00e3o, a popula\u00e7\u00e3o deve procurar a Secretaria de Seguran\u00e7a P\u00fablica do estado onde deseja ser atendido.<\/p>\n\n\n\n<ul class=\"wp-block-list\">\n<li><strong>Quais documentos s\u00e3o exigidos para a expedi\u00e7\u00e3o do novo RG?<\/strong><\/li>\n<\/ul>\n\n\n\n<p>Para obter a nova identidade, o requerente dever\u00e1 apresentar a certid\u00e3o de nascimento ou de casamento em formato f\u00edsico ou digital. O documento ser\u00e1 expedido em papel de seguran\u00e7a ou em cart\u00e3o de policarbonato (pl\u00e1stico), al\u00e9m do formato digital.<\/p>\n\n\n\n<ul class=\"wp-block-list\">\n<li><strong>Quanto custa a nova identidade?<\/strong><\/li>\n<\/ul>\n\n\n\n<p><strong>A primeira via da CIN e as renova\u00e7\u00f5es, em papel e em formato digital pelo aplicativo GOV.BR, s\u00e3o gratuitas<\/strong>, de acordo com a Lei 7.116\/83.&nbsp;A segunda via, por\u00e9m, \u00e9 paga e a taxa varia de estado para estado.<\/p>\n\n\n\n<p>Al\u00e9m disso, se o cidad\u00e3o desejar a op\u00e7\u00e3o em policarbonato (pl\u00e1stico) haver\u00e1 cobran\u00e7a por parte do estado emissor.<\/p>\n\n\n\n<ul class=\"wp-block-list\">\n<li><strong>A nova CNI \u00e9 obrigat\u00f3ria?<\/strong><\/li>\n<\/ul>\n\n\n\n<p>Sim. A antiga carteira de identidade ainda n\u00e3o perdeu a validade, mas s\u00f3 ser\u00e1 aceita at\u00e9 28 de fevereiro de 2032.<\/p>\n\n\n\n<p>Fonte G1<\/p>\n","protected":false},"excerpt":{"rendered":"<p>Prazo divulgado pelo governo terminava inicialmente em 6 de dezembro, mas houve amplia\u00e7\u00e3o ap\u00f3s pedido dos estados. Documento unifica registro geral em todas unidades da federa\u00e7\u00e3o por meio do CPF. O prazo para que os estados comecem a emitir a nova Carteira de Identidade Nacional (CIN) termina nesta quinta-feira (11), informou o Minist\u00e9rio da Gest\u00e3o [&hellip;]<\/p>\n","protected":false},"author":8,"featured_media":21488,"comment_status":"closed","ping_status":"open","sticky":false,"template":"","format":"standard","meta":{"rop_custom_images_group":[],"rop_custom_messages_group":[],"rop_publish_now":"initial","rop_publish_now_accounts":[],"rop_publish_now_history":[],"rop_publish_now_status":"pending","footnotes":""},"categories":[189],"tags":[],"class_list":["post-21487","post","type-post","status-publish","format-standard","has-post-thumbnail","hentry","category-brasil"],"amp_enabled":true,"_links":{"self":[{"href":"https:\/\/imais.online\/portal\/wp-json\/wp\/v2\/posts\/21487","targetHints":{"allow":["GET"]}}],"collection":[{"href":"https:\/\/imais.online\/portal\/wp-json\/wp\/v2\/posts"}],"about":[{"href":"https:\/\/imais.online\/portal\/wp-json\/wp\/v2\/types\/post"}],"author":[{"embeddable":true,"href":"https:\/\/imais.online\/portal\/wp-json\/wp\/v2\/users\/8"}],"replies":[{"embeddable":true,"href":"https:\/\/imais.online\/portal\/wp-json\/wp\/v2\/comments?post=21487"}],"version-history":[{"count":1,"href":"https:\/\/imais.online\/portal\/wp-json\/wp\/v2\/posts\/21487\/revisions"}],"predecessor-version":[{"id":21489,"href":"https:\/\/imais.online\/portal\/wp-json\/wp\/v2\/posts\/21487\/revisions\/21489"}],"wp:featuredmedia":[{"embeddable":true,"href":"https:\/\/imais.online\/portal\/wp-json\/wp\/v2\/media\/21488"}],"wp:attachment":[{"href":"https:\/\/imais.online\/portal\/wp-json\/wp\/v2\/media?parent=21487"}],"wp:term":[{"taxonomy":"category","embeddable":true,"href":"https:\/\/imais.online\/portal\/wp-json\/wp\/v2\/categories?post=21487"},{"taxonomy":"post_tag","embeddable":true,"href":"https:\/\/imais.online\/portal\/wp-json\/wp\/v2\/tags?post=21487"}],"curies":[{"name":"wp","href":"https:\/\/api.w.org\/{rel}","templated":true}]}}