{"id":21494,"date":"2024-01-12T10:48:53","date_gmt":"2024-01-12T13:48:53","guid":{"rendered":"https:\/\/imais.online\/portal\/?p=21494"},"modified":"2024-01-12T10:48:54","modified_gmt":"2024-01-12T13:48:54","slug":"aulas-da-rede-municipal-iniciam-em-7-de-fevereiro-para-pre-escola-e-ensino-fundamental-2","status":"publish","type":"post","link":"https:\/\/imais.online\/portal\/aulas-da-rede-municipal-iniciam-em-7-de-fevereiro-para-pre-escola-e-ensino-fundamental-2\/","title":{"rendered":"Aulas da Rede Municipal iniciam em 7 de fevereiro para Pr\u00e9-Escola e Ensino Fundamental"},"content":{"rendered":"<div class=\"imais-before-content-placement\" id=\"imais-77947064\"><script async src=\"\/\/pagead2.googlesyndication.com\/pagead\/js\/adsbygoogle.js?client=ca-pub-8787528412751566\" crossorigin=\"anonymous\"><\/script><ins class=\"adsbygoogle\" style=\"display:block;\" data-ad-client=\"ca-pub-8787528412751566\" \ndata-ad-slot=\"\" \ndata-ad-format=\"auto\"><\/ins>\n<script> \n(adsbygoogle = window.adsbygoogle || []).push({}); \n<\/script>\n<\/div>\n<p><em><small>Creches come\u00e7am a fazer a adapta\u00e7\u00e3o dos novos alunos a partir de 24 de janeiro<\/small><\/em><\/p>\n\n\n\n<p>A Secretaria de Educa\u00e7\u00e3o informa que no dia 7 de fevereiro, quarta-feira, iniciam as aulas do ano letivo de 2024 para os alunos da Pr\u00e9-Escola e Fundamental 1. Para os novos alunos matriculados nas creches, a fase de adapta\u00e7\u00e3o come\u00e7a a partir de 24 de janeiro, portanto os respons\u00e1veis devem aguardar o contato da gest\u00e3o, que informar\u00e1 a data do acolhimento da crian\u00e7a. As unidades conveniadas seguem calend\u00e1rio pr\u00f3prio.<\/p>\n\n\n\n<p>No in\u00edcio do ano letivo os alunos receber\u00e3o a camiseta do projeto Educa \u00c1gua e o material escolar. &nbsp;Alguns itens de uso pessoal s\u00e3o entregues aos estudantes e repostos pelos professores conforme a necessidade. J\u00e1 os materiais de uso coletivo ficam na escola, \u00e0 disposi\u00e7\u00e3o para as atividades em sala de aula.<\/p>\n\n\n\n<p><strong>Contato com a escola<\/strong><\/p>\n\n\n\n<p>As fam\u00edlias devem manter um contato de&nbsp;<em>WhatsApp<\/em>&nbsp;ativo com a escola em que o filho est\u00e1 matriculado, pois todas as informa\u00e7\u00f5es pertinentes \u00e0 vida escolar do aluno ser\u00e3o passadas por este canal de comunica\u00e7\u00e3o. D\u00favidas podem ser esclarecidas nas pr\u00f3prias unidades escolares, de segunda a sexta-feira, das 8h \u00e0s 17h, ou na Secretaria de Educa\u00e7\u00e3o pelo telefone 3801-9191.<\/p>\n","protected":false},"excerpt":{"rendered":"<p>Creches come\u00e7am a fazer a adapta\u00e7\u00e3o dos novos alunos a partir de 24 de janeiro A Secretaria de Educa\u00e7\u00e3o informa que no dia 7 de fevereiro, quarta-feira, iniciam as aulas do ano letivo de 2024 para os alunos da Pr\u00e9-Escola e Fundamental 1. Para os novos alunos matriculados nas creches, a fase de adapta\u00e7\u00e3o come\u00e7a [&hellip;]<\/p>\n","protected":false},"author":8,"featured_media":21495,"comment_status":"closed","ping_status":"open","sticky":false,"template":"","format":"standard","meta":{"rop_custom_images_group":[],"rop_custom_messages_group":[],"rop_publish_now":"initial","rop_publish_now_accounts":[],"rop_publish_now_history":[],"rop_publish_now_status":"pending","footnotes":""},"categories":[188],"tags":[73],"class_list":["post-21494","post","type-post","status-publish","format-standard","has-post-thumbnail","hentry","category-indaiatuba","tag-featured"],"amp_enabled":true,"_links":{"self":[{"href":"https:\/\/imais.online\/portal\/wp-json\/wp\/v2\/posts\/21494","targetHints":{"allow":["GET"]}}],"collection":[{"href":"https:\/\/imais.online\/portal\/wp-json\/wp\/v2\/posts"}],"about":[{"href":"https:\/\/imais.online\/portal\/wp-json\/wp\/v2\/types\/post"}],"author":[{"embeddable":true,"href":"https:\/\/imais.online\/portal\/wp-json\/wp\/v2\/users\/8"}],"replies":[{"embeddable":true,"href":"https:\/\/imais.online\/portal\/wp-json\/wp\/v2\/comments?post=21494"}],"version-history":[{"count":1,"href":"https:\/\/imais.online\/portal\/wp-json\/wp\/v2\/posts\/21494\/revisions"}],"predecessor-version":[{"id":21496,"href":"https:\/\/imais.online\/portal\/wp-json\/wp\/v2\/posts\/21494\/revisions\/21496"}],"wp:featuredmedia":[{"embeddable":true,"href":"https:\/\/imais.online\/portal\/wp-json\/wp\/v2\/media\/21495"}],"wp:attachment":[{"href":"https:\/\/imais.online\/portal\/wp-json\/wp\/v2\/media?parent=21494"}],"wp:term":[{"taxonomy":"category","embeddable":true,"href":"https:\/\/imais.online\/portal\/wp-json\/wp\/v2\/categories?post=21494"},{"taxonomy":"post_tag","embeddable":true,"href":"https:\/\/imais.online\/portal\/wp-json\/wp\/v2\/tags?post=21494"}],"curies":[{"name":"wp","href":"https:\/\/api.w.org\/{rel}","templated":true}]}}