{"id":21500,"date":"2024-01-12T10:59:14","date_gmt":"2024-01-12T13:59:14","guid":{"rendered":"https:\/\/imais.online\/portal\/?p=21500"},"modified":"2024-01-12T10:59:15","modified_gmt":"2024-01-12T13:59:15","slug":"destrocos-do-helicoptero-sumido-ha-12-dias-sao-achados-na-regiao-de-paraibuna-em-sao-paulo","status":"publish","type":"post","link":"https:\/\/imais.online\/portal\/destrocos-do-helicoptero-sumido-ha-12-dias-sao-achados-na-regiao-de-paraibuna-em-sao-paulo\/","title":{"rendered":"Destro\u00e7os do helic\u00f3ptero sumido h\u00e1 12 dias s\u00e3o achados na regi\u00e3o de Paraibuna, em S\u00e3o Paulo"},"content":{"rendered":"<div class=\"imais-before-content-placement\" id=\"imais-3633737912\"><script async src=\"\/\/pagead2.googlesyndication.com\/pagead\/js\/adsbygoogle.js?client=ca-pub-8787528412751566\" crossorigin=\"anonymous\"><\/script><ins class=\"adsbygoogle\" style=\"display:block;\" data-ad-client=\"ca-pub-8787528412751566\" \ndata-ad-slot=\"\" \ndata-ad-format=\"auto\"><\/ins>\n<script> \n(adsbygoogle = window.adsbygoogle || []).push({}); \n<\/script>\n<\/div>\n<h2 class=\"wp-block-heading\">\u00c1guia da Pol\u00edcia Militar localizou a aeronave na manh\u00e3 desta sexta-feira (12); n\u00e3o se sabe se h\u00e1 sobreviventes<\/h2>\n\n\n\n<p>O Helic\u00f3ptero \u00c1guia da Pol\u00edcia Militar localizou na manh\u00e3 desta sexta-feira (12) a aeronave com quatro tripulantes que estava desaparecida desde o dia 31, quando decolou do Campo de Marte, em S\u00e3o Paulo, rumo a Ilhabela, no litoral norte. &nbsp;<\/p>\n\n\n\n<p>As buscas come\u00e7aram no dia 1\u00ba e, desde ent\u00e3o, familiares acompanham o Corpo de Bombeiros. Alguns chegaram a entrar na mata, que \u00e9 bem fechada, com a ajuda de c\u00e3es farejadores.&nbsp;<\/p>\n\n\n\n<p>Os destro\u00e7os foram localizados na regi\u00e3o de Paraibuna, no Vale do Para\u00edba, onde o helic\u00f3ptero fez um pouso for\u00e7ado, antes de decolar novamente.<\/p>\n\n\n\n<p>Estavam a bordo&nbsp;<a href=\"https:\/\/noticias.r7.com\/sao-paulo\/fotos\/sempre-juntas-saiba-quem-sao-mae-e-filha-em-helicoptero-que-desapareceu-em-sp-04012024#\/foto\/1\">Luciana Marley Rodzewics Santos, de 46 anos, e Let\u00edcia Ayumi Rodzewics Sakumoto, de 20<\/a>&nbsp;\u2014 m\u00e3e e filha, respectivamente \u2014, al\u00e9m de&nbsp;Raphael Torres, um amigo, e do piloto,&nbsp;Cassiano Tete Teodoro.<\/p>\n\n\n\n<p>Foi Torres quem chamou o grupo para viajar, na v\u00e9spera do Ano-Novo. A ideia era ir at\u00e9 Ilhabela e voltar no mesmo dia, o que acabou n\u00e3o acontecendo.<\/p>\n\n\n\n<p>Let\u00edcia chegou a mandar uma mensagem ao namorado dizendo que o piloto havia mudado a rota por causa do tempo ruim. Depois disso, o sinal do celular de Luciana foi captado pelos bombeiros por um dia inteiro, mas a mata fechada e as condi\u00e7\u00f5es clim\u00e1ticas dificultaram o trabalho das equipes de resgate.<\/p>\n\n\n\n<p>Fonte R7<\/p>\n","protected":false},"excerpt":{"rendered":"<p>\u00c1guia da Pol\u00edcia Militar localizou a aeronave na manh\u00e3 desta sexta-feira (12); n\u00e3o se sabe se h\u00e1 sobreviventes O Helic\u00f3ptero \u00c1guia da Pol\u00edcia Militar localizou na manh\u00e3 desta sexta-feira (12) a aeronave com quatro tripulantes que estava desaparecida desde o dia 31, quando decolou do Campo de Marte, em S\u00e3o Paulo, rumo a Ilhabela, no [&hellip;]<\/p>\n","protected":false},"author":8,"featured_media":21501,"comment_status":"closed","ping_status":"open","sticky":false,"template":"","format":"standard","meta":{"rop_custom_images_group":[],"rop_custom_messages_group":[],"rop_publish_now":"initial","rop_publish_now_accounts":[],"rop_publish_now_history":[],"rop_publish_now_status":"pending","footnotes":""},"categories":[189],"tags":[],"class_list":["post-21500","post","type-post","status-publish","format-standard","has-post-thumbnail","hentry","category-brasil"],"amp_enabled":true,"_links":{"self":[{"href":"https:\/\/imais.online\/portal\/wp-json\/wp\/v2\/posts\/21500","targetHints":{"allow":["GET"]}}],"collection":[{"href":"https:\/\/imais.online\/portal\/wp-json\/wp\/v2\/posts"}],"about":[{"href":"https:\/\/imais.online\/portal\/wp-json\/wp\/v2\/types\/post"}],"author":[{"embeddable":true,"href":"https:\/\/imais.online\/portal\/wp-json\/wp\/v2\/users\/8"}],"replies":[{"embeddable":true,"href":"https:\/\/imais.online\/portal\/wp-json\/wp\/v2\/comments?post=21500"}],"version-history":[{"count":1,"href":"https:\/\/imais.online\/portal\/wp-json\/wp\/v2\/posts\/21500\/revisions"}],"predecessor-version":[{"id":21502,"href":"https:\/\/imais.online\/portal\/wp-json\/wp\/v2\/posts\/21500\/revisions\/21502"}],"wp:featuredmedia":[{"embeddable":true,"href":"https:\/\/imais.online\/portal\/wp-json\/wp\/v2\/media\/21501"}],"wp:attachment":[{"href":"https:\/\/imais.online\/portal\/wp-json\/wp\/v2\/media?parent=21500"}],"wp:term":[{"taxonomy":"category","embeddable":true,"href":"https:\/\/imais.online\/portal\/wp-json\/wp\/v2\/categories?post=21500"},{"taxonomy":"post_tag","embeddable":true,"href":"https:\/\/imais.online\/portal\/wp-json\/wp\/v2\/tags?post=21500"}],"curies":[{"name":"wp","href":"https:\/\/api.w.org\/{rel}","templated":true}]}}