{"id":21510,"date":"2024-01-13T21:07:00","date_gmt":"2024-01-14T00:07:00","guid":{"rendered":"https:\/\/imais.online\/portal\/?p=21510"},"modified":"2024-01-13T21:11:38","modified_gmt":"2024-01-14T00:11:38","slug":"chuva-na-grande-sp-causa-mortes-deixa-ruas-alagadas-derruba-arvores-e-suspende-pousos-em-congonhas","status":"publish","type":"post","link":"https:\/\/imais.online\/portal\/chuva-na-grande-sp-causa-mortes-deixa-ruas-alagadas-derruba-arvores-e-suspende-pousos-em-congonhas\/","title":{"rendered":"Chuva na Grande SP causa mortes, deixa ruas alagadas, derruba \u00e1rvores e suspende pousos em Congonhas"},"content":{"rendered":"<div class=\"imais-before-content-placement\" id=\"imais-110413283\"><script async src=\"\/\/pagead2.googlesyndication.com\/pagead\/js\/adsbygoogle.js?client=ca-pub-8787528412751566\" crossorigin=\"anonymous\"><\/script><ins class=\"adsbygoogle\" style=\"display:block;\" data-ad-client=\"ca-pub-8787528412751566\" \ndata-ad-slot=\"\" \ndata-ad-format=\"auto\"><\/ins>\n<script> \n(adsbygoogle = window.adsbygoogle || []).push({}); \n<\/script>\n<\/div>\n<h2 class=\"wp-block-heading\">Um menino de 6 anos morreu em Juquitiba ap\u00f3s o ve\u00edculo em que estava ser arrastado na Estrada das Marrecas na madrugada deste s\u00e1bado (13). Em S\u00e3o Bernardo do Campo, um homem de 49 anos morreu ap\u00f3s a casa ser atingida por deslizamento de terra.<\/h2>\n\n\n\n<p>A chuva forte que atingiu&nbsp;S\u00e3o Paulo&nbsp;e a Grande S\u00e3o Paulo entre sexta-feira (12) e madrugada de s\u00e1bado (13) registrou duas mortes, al\u00e9m de ruas alagadas, quedas de \u00e1rvores e a suspens\u00e3o de voos no Aeroporto de Congonhas.<\/p>\n\n\n\n<p>Em&nbsp;Juquitiba,&nbsp;<strong>um menino de 6 anos morreu ap\u00f3s o ve\u00edculo em que estava ser arrastado pela enxurrada<\/strong>, na madrugada deste s\u00e1bado (13).<\/p>\n\n\n\n<p>Segundo chefe de gabinete da Prefeitura de Juquitiba, Alexandre Sousa, o av\u00f4 da crian\u00e7a relatou que foi buscar o neto na capital paulista e, ao retornar para um s\u00edtio, foi surpreendido por uma enxurrada em um ponto da Estrada das Marrecas.<\/p>\n\n\n\n<p>Devido \u00e0 for\u00e7a da chuva, o c\u00f3rrego que fica \u00e0s margens da estrada transbordou. A enxurrada, ent\u00e3o, arrastou a caminhonete para o c\u00f3rrego, que acabou tombando.<\/p>\n\n\n\n<figure class=\"wp-block-image\"><img decoding=\"async\" src=\"https:\/\/s2-g1.glbimg.com\/t9vXT2h8waz3wangTraJOIgPkls=\/0x0:675x469\/984x0\/smart\/filters:strip_icc()\/i.s3.glbimg.com\/v1\/AUTH_59edd422c0c84a879bd37670ae4f538a\/internal_photos\/bs\/2024\/q\/Q\/cUoYYqRIuIsi1WAGpwEQ\/captura-de-tela-2024-01-13-114041.png\" alt=\"Menino de 6 anos morre ap\u00f3s ve\u00edculo ser arrastado por enxurrada em Juquitiba \u2014 Foto: Arquivo Pessoal\/Alexandre Sousa\"\/><\/figure>\n\n\n\n<p>Menino de 6 anos morre ap\u00f3s ve\u00edculo ser arrastado por enxurrada em Juquitiba \u2014 Foto: Arquivo Pessoal\/Alexandre Sousa<\/p>\n\n\n\n<p>Ainda conforme Alexandre, o av\u00f4 do garoto conseguiu sair do ve\u00edculo e come\u00e7ou a procurar o neto no rio, mas o menino ficou preso no banco traseiro do carro, onde n\u00e3o resistiu e morreu.<\/p>\n\n\n\n<p>Segundo Corpo de Bombeiros, equipes foram chamadas por volta das 3h por moradores, que relataram o sumi\u00e7o da crian\u00e7a.<\/p>\n\n\n\n<p>J\u00e1 em&nbsp;<strong>S\u00e3o Bernardo do Campo<\/strong>,&nbsp;<strong>um homem de 49 anos morreu ap\u00f3s ter a casa atingida por um deslizamento de terra durante forte chuva na noite desta sexta-feira (12).&nbsp;<\/strong>A esposa e filha dele tamb\u00e9m estavam no im\u00f3vel, mas n\u00e3o se feriram.<\/p>\n\n\n\n<p>De acordo com o Corpo de Bombeiros, uma equipe foi acionada por volta das 23h para atendimento da ocorr\u00eancia na Rua Odair Vieira, bairro Riacho Grande. No local, os policiais resgataram a v\u00edtima j\u00e1 sem vida.<\/p>\n\n\n\n<figure class=\"wp-block-image\"><img decoding=\"async\" src=\"https:\/\/s2-g1.glbimg.com\/0vVRKpsbT5ldxRCjF44Mn51cIr4=\/0x0:638x665\/984x0\/smart\/filters:strip_icc()\/i.s3.glbimg.com\/v1\/AUTH_59edd422c0c84a879bd37670ae4f538a\/internal_photos\/bs\/2024\/y\/N\/Bqd6tnT2S2AIzq0YBtTg\/captura-de-tela-2024-01-13-082228.png\" alt=\"Deslizamento de terra mata morador em S\u00e3o Bernardo do Campo \u2014 Foto: Divulga\u00e7\u00e3o\/Corpo de Bombeiros\"\/><\/figure>\n\n\n\n<p>Deslizamento de terra mata morador em S\u00e3o Bernardo do Campo \u2014 Foto: Divulga\u00e7\u00e3o\/Corpo de Bombeiros<\/p>\n\n\n\n<p>A Defesa Civil informou que o deslizamento atingiu os fundos da casa onde estava o quarto do morador. A identidade dele n\u00e3o foi divulgada.<\/p>\n\n\n\n<p>Ap\u00f3s vistoria t\u00e9cnica, a resid\u00eancia foi interditada preventivamente. A esposa e filha da v\u00edtima foram encaminhadas para casa de parentes.<\/p>\n\n\n\n<figure class=\"wp-block-image\"><img decoding=\"async\" src=\"https:\/\/s2-g1.glbimg.com\/fipE9O0UNWclypsau7YQGj329qQ=\/0x177:644x705\/984x0\/smart\/filters:strip_icc()\/i.s3.glbimg.com\/v1\/AUTH_59edd422c0c84a879bd37670ae4f538a\/internal_photos\/bs\/2024\/o\/m\/K0dAQETru0jjZznWoTGQ\/captura-de-tela-2024-01-13-082259.png\" alt=\"Deslizamento de terra atinge casa e mata homem em S\u00e3o Bernardo do Campo \u2014 Foto: Divulga\u00e7\u00e3o\/Corpo de Bombeiros\"\/><\/figure>\n\n\n\n<p>Deslizamento de terra atinge casa e mata homem em S\u00e3o Bernardo do Campo \u2014 Foto: Divulga\u00e7\u00e3o\/Corpo de Bombeiros<\/p>\n\n\n\n<p>Em nota, a prefeitura afirmou<strong>&nbsp;que o im\u00f3vel est\u00e1 em \u00e1rea regular e n\u00e3o de risco<\/strong>. Equipes da Defesa Civil vistoriaram casas vizinhas neste s\u00e1bado (13).<\/p>\n\n\n\n<p>&#8220;Nesta manh\u00e3 [s\u00e1bado, 13 de janeiro], um im\u00f3vel situado nas proximidades, na Rua Rosa Inez Bruni Pinchiaro, foi interditado ap\u00f3s nova avalia\u00e7\u00e3o das equipes. Profissionais da Guarda Civil Municipal, Pol\u00edcia Militar e Bombeiros prestaram apoio no atendimento a ocorr\u00eancia&#8221;, afirmou o Executivo, em nota.<\/p>\n\n\n\n<figure class=\"wp-block-image\"><img decoding=\"async\" src=\"https:\/\/s2-g1.glbimg.com\/uJCW6T7uyyJ3PbuC7PdAzV7D4SA=\/0x148:635x737\/984x0\/smart\/filters:strip_icc()\/i.s3.glbimg.com\/v1\/AUTH_59edd422c0c84a879bd37670ae4f538a\/internal_photos\/bs\/2024\/8\/X\/yCIqF2RQGptJS5AX05Sw\/captura-de-tela-2024-01-13-082317.png\" alt=\"Chuva causa deslizamento de terra em S\u00e3o Bernardo do Campo \u2014 Foto: Divulga\u00e7\u00e3o\/Corpo de Bombeiros\"\/><\/figure>\n\n\n\n<p>Chuva causa deslizamento de terra em S\u00e3o Bernardo do Campo \u2014 Foto: Divulga\u00e7\u00e3o\/Corpo de Bombeiros<\/p>\n\n\n\n<p>Ainda conforme a prefeitura, foram registradas 15 ocorr\u00eancias envolvendo o deslizamento de terra do bairro dos Finco, quedas de \u00e1rvores, al\u00e9m de rompimento de cabo de energia na Vila Dayse. A Estrada do Vergueiro, bairro no Jussara, tamb\u00e9m foi interditada ap\u00f3s um deslizamento em um trecho da via.<\/p>\n\n\n\n<p>Em nota, a Secretaria da Seguran\u00e7a P\u00fablica informou que o caso foi registrado como desabamento ou desmoronamento e morte suspeita\/acidental no 3\u00b0 DP de S\u00e3o Bernardo do Campo, que requisitou per\u00edcia e exames ao IML.<\/p>\n\n\n\n<figure class=\"wp-block-image\"><img decoding=\"async\" src=\"https:\/\/s2-g1.glbimg.com\/0YpCh7_h83TvS8rd80xiO4DjRE4=\/0x0:1920x1080\/984x0\/smart\/filters:strip_icc()\/i.s3.glbimg.com\/v1\/AUTH_59edd422c0c84a879bd37670ae4f538a\/internal_photos\/bs\/2024\/Y\/p\/OjqSDhTMevIxuxHpI1pg\/acervo-sp1-limpo-20240113-1130-frame-97482.jpeg\" alt=\"Defesa Civil fez vistoria ap\u00f3s deslizamento de terra em S\u00e3o Bernardo do Campo \u2014 Foto: Reprodu\u00e7\u00e3o\/TV Globo\"\/><\/figure>\n\n\n\n<p>Defesa Civil fez vistoria ap\u00f3s deslizamento de terra em S\u00e3o Bernardo do Campo \u2014 Foto: Reprodu\u00e7\u00e3o\/TV Globo<\/p>\n\n\n\n<h2 class=\"wp-block-heading\">Suspens\u00e3o de voos<\/h2>\n\n\n\n<p>A concession\u00e1ria Aena informou que<strong>&nbsp;o Aeroporto de Congonhas &#8220;teve as opera\u00e7\u00f5es de pouso suspensas na manh\u00e3 deste s\u00e1bado (13), entre 6h21 e 7h44<\/strong>, por conta das condi\u00e7\u00f5es meteorol\u00f3gicas e da inoper\u00e2ncia tempor\u00e1ria de um dos aux\u00edlios \u00e0 navega\u00e7\u00e3o da Torre de Controle&#8221;.<\/p>\n\n\n\n<p>At\u00e9 as 11h45 eram 25 voos cancelados e cinco alternados para outros aeroportos. J\u00e1 s decolagens n\u00e3o foram afetadas.<\/p>\n\n\n\n<figure class=\"wp-block-image\"><img decoding=\"async\" src=\"https:\/\/s2-g1.glbimg.com\/pUTSCryuLv4IkAN2aWFZ8h97tpQ=\/0x120:1200x1332\/984x0\/smart\/filters:strip_icc()\/i.s3.glbimg.com\/v1\/AUTH_59edd422c0c84a879bd37670ae4f538a\/internal_photos\/bs\/2024\/3\/A\/6wzA8vR2yAFBiLeMcZAQ\/whatsapp-image-2024-01-13-at-08.59.08-1-.jpeg\" alt=\"Queda de \u00e1rvore na Rua Manoel da N\u00f3brega, no Para\u00edso, com a Rua Oscar Porto, na zona sul de SP \u2014 Foto: Arquivo Pessoal\"\/><\/figure>\n\n\n\n<p>Queda de \u00e1rvore na Rua Manoel da N\u00f3brega, no Para\u00edso, com a Rua Oscar Porto, na zona sul de SP \u2014 Foto: Arquivo Pessoal<\/p>\n\n\n\n<p>Toda a cidade de S\u00e3o Paulo entrou em estado de aten\u00e7\u00e3o para alagamentos na tarde desta sexta-feira (12). O Centro de Gerenciamento de Emerg\u00eancias Clim\u00e1ticas (CGE) da prefeitura emitiu o alerta de estado de aten\u00e7\u00e3o por volta de 15h, e o fim \u00e0s 21h25.<\/p>\n\n\n\n<p>De acordo com a Defesa Civil, um ve\u00edculo foi levado pela enxurrada na rua Jos\u00e9 Roschel Rodrigues e uma pessoa teria desaparecido. At\u00e9 12h deste s\u00e1bado (13), nada havia sido localizado e as buscas continuavam.<\/p>\n\n\n\n<p>Houve tamb\u00e9m<strong>&nbsp;a queda de \u00e1rvore de grande porte na Rua Manoel da N\u00f3brega com a Rua Oscar Porto, na Zona Sul de SP.<\/strong>&nbsp;A via, que est\u00e1 em obras, ficou totalmente interditada.<\/p>\n\n\n\n<p>Equipes da Enel desligaram a energia el\u00e9trica da rua neste s\u00e1bado (13) para a retirada da \u00e1rvore.<\/p>\n\n\n\n<p>A chuva tamb\u00e9m provocou congestionamento na Avenida Aricanduva com a Afonso de Sampaio e Sousa, na Zona Leste.<\/p>\n\n\n\n<figure class=\"wp-block-image\"><img decoding=\"async\" src=\"https:\/\/s2-g1.glbimg.com\/IetLq7IaFIeFqJDXY7-Z6WrbBYE=\/0x0:1920x1080\/984x0\/smart\/filters:strip_icc()\/i.s3.glbimg.com\/v1\/AUTH_59edd422c0c84a879bd37670ae4f538a\/internal_photos\/bs\/2024\/j\/2\/XhicALQoeXVAUGqbAIlw\/acervo-sp1-limpo-20240113-1130-frame-106032.jpeg\" alt=\"queda de \u00e1rvore de grande  na Rua Manoel da N\u00f3brega, no Para\u00edso, com a Rua Oscar Porto, na zona sul de SP, que deixou a via totalmente interditada \u2014 Foto: TV Globo\"\/><\/figure>\n\n\n\n<p>queda de \u00e1rvore de grande na Rua Manoel da N\u00f3brega, no Para\u00edso, com a Rua Oscar Porto, na zona sul de SP, que deixou a via totalmente interditada \u2014 Foto: TV Globo<\/p>\n\n\n\n<p>De acordo com o Corpo de Bombeiros, at\u00e9 15h37 deste s\u00e1bado (13) tinham sido registrados 82 chamados para quedas de \u00e1rvores nos bairros Sa\u00fade, Vila Leopoldina, Perdizes, Butant\u00e3, Campo Grande, Ja\u00e7an\u00e3, Jaragu\u00e1, Pirituba (capital paulista) e nas cidades de S\u00e3o Bernardo do Campo,&nbsp;Santo Andr\u00e9&nbsp;e&nbsp;Osasco.<\/p>\n\n\n\n<p>Ainda conforme os bombeiros, foram registrados 47 chamados para enchente em&nbsp;Itapecerica da Serra,&nbsp;Carapicu\u00edba,&nbsp;Embu-Gua\u00e7u,&nbsp;S\u00e3o Louren\u00e7o da Serra, Juquitiba, al\u00e9m dos distritos Parelheiros e Graja\u00fa.<\/p>\n\n\n\n<p>A chuva tamb\u00e9m deixou ruas alagadas em Itapecerica da Serra. Fotos mostram a enxurrada na rua Cerro Largo, Jardim Branca Flor&nbsp;<strong><em>(veja abaixo).<\/em><\/strong><\/p>\n\n\n\n<figure class=\"wp-block-image\"><img decoding=\"async\" src=\"https:\/\/s2-g1.glbimg.com\/szOi6Ke13BudFBRktx4SJv8NWG0=\/0x0:1600x900\/984x0\/smart\/filters:strip_icc()\/i.s3.glbimg.com\/v1\/AUTH_59edd422c0c84a879bd37670ae4f538a\/internal_photos\/bs\/2024\/U\/Q\/l2Svg2SZ60sIQpZNmCYQ\/whatsapp-image-2024-01-13-at-08.38.14.jpeg\" alt=\"Chuva deixa ruas alagadas em Itapecerica da Serra \u2014 Foto: Arquivo Pessoal\"\/><\/figure>\n\n\n\n<p>Chuva deixa ruas alagadas em Itapecerica da Serra \u2014 Foto: Arquivo Pessoal<\/p>\n\n\n\n<p>Um c\u00f3rrego transbordou na Rua Jos\u00e9 Maria de Andrade, na regi\u00e3o do Cip\u00f3, em Embu-Gua\u00e7u. A \u00e1gua chegou a invadir a casa de moradores na regi\u00e3o.<\/p>\n\n\n\n<p>O Hospital de Embu-Gua\u00e7u registrou danos ap\u00f3s a forte chuva. Em nota, a prefeitura informou que &#8220;a Unidade Mista de Sa\u00fade (UMS) passa por reforma em seu telhado e a conten\u00e7\u00e3o feita pela empresa contratada n\u00e3o foi suficiente diante o inesperado volume de chuva enfrentado&#8221;.<\/p>\n\n\n\n<p>&#8220;A popula\u00e7\u00e3o n\u00e3o ficou desassistida sendo os atendimentos transferidos para Unidade de Pronto Atendimento (UPA) &#8211; Cip\u00f3, garantindo a continuidade dos cuidados m\u00e9dicos necess\u00e1rios. Uma for\u00e7a-tarefa foi imediatamente acionada, contando com a colabora\u00e7\u00e3o de equipes municipais, profissionais da sa\u00fade, vereadores e, principalmente, a compreens\u00e3o e apoio da popula\u00e7\u00e3o&#8221;, disse o Executivo, em nota.<\/p>\n\n\n\n<figure class=\"wp-block-image\"><img decoding=\"async\" src=\"https:\/\/s2-g1.glbimg.com\/xzq81h72nSSYbLipTGJQ4edBiQI=\/0x0:398x675\/984x0\/smart\/filters:strip_icc()\/i.s3.glbimg.com\/v1\/AUTH_59edd422c0c84a879bd37670ae4f538a\/internal_photos\/bs\/2024\/S\/b\/AZD4OuSVSRx4y9OlqxzQ\/captura-de-tela-2024-01-13-093704.png\" alt=\"Unidade Mista de Sa\u00fade (UMS) de Embu-Gua\u00e7u durante chuva de sexta-feira (12) \u2014 Foto: Arquivo Pessoal\"\/><\/figure>\n\n\n\n<p>Unidade Mista de Sa\u00fade (UMS) de Embu-Gua\u00e7u durante chuva de sexta-feira (12) \u2014 Foto: Arquivo Pessoal<\/p>\n\n\n\n<p>Ainda conforme a prefeitura, ap\u00f3s a notifica\u00e7\u00e3o da empresa respons\u00e1vel pelos servi\u00e7os no telhado, ficou acordado que ser\u00e1 realizado um trabalho intensivo durante o fim de semana.<\/p>\n\n\n\n<p>Em S\u00e3o Louren\u00e7o da Serra, Grande SP, houve pontos de alagamentos que deixaram v\u00edtimas ilhadas dentro de uma resid\u00eancia, informou a Defesa Civil.<\/p>\n\n\n\n<figure class=\"wp-block-image\"><img decoding=\"async\" src=\"https:\/\/s2-g1.glbimg.com\/Z8617FpR2lfWFbTZzI5FF-Is6Qs=\/0x400:1200x1238\/984x0\/smart\/filters:strip_icc()\/i.s3.glbimg.com\/v1\/AUTH_59edd422c0c84a879bd37670ae4f538a\/internal_photos\/bs\/2024\/D\/M\/SJXVaVRIaKWA0G1b8ixQ\/whatsapp-image-2024-01-13-at-08.38.15.jpeg\" alt=\"Itapecerica da Serra registrou alagamentos na sexta-feira, 12 de janeiro de 2024 \u2014 Foto: Arquivo Pessoal\"\/><\/figure>\n\n\n\n<p>Itapecerica da Serra registrou alagamentos na sexta-feira, 12 de janeiro de 2024 \u2014 Foto: Arquivo Pessoal<\/p>\n\n\n\n<p>Fonte G1<\/p>\n","protected":false},"excerpt":{"rendered":"<p>Um menino de 6 anos morreu em Juquitiba ap\u00f3s o ve\u00edculo em que estava ser arrastado na Estrada das Marrecas na madrugada deste s\u00e1bado (13). Em S\u00e3o Bernardo do Campo, um homem de 49 anos morreu ap\u00f3s a casa ser atingida por deslizamento de terra. A chuva forte que atingiu&nbsp;S\u00e3o Paulo&nbsp;e a Grande S\u00e3o Paulo [&hellip;]<\/p>\n","protected":false},"author":8,"featured_media":21516,"comment_status":"closed","ping_status":"open","sticky":false,"template":"","format":"standard","meta":{"rop_custom_images_group":[],"rop_custom_messages_group":[],"rop_publish_now":"initial","rop_publish_now_accounts":[],"rop_publish_now_history":[],"rop_publish_now_status":"pending","footnotes":""},"categories":[195],"tags":[73],"class_list":["post-21510","post","type-post","status-publish","format-standard","has-post-thumbnail","hentry","category-sao-paulo","tag-featured"],"amp_enabled":true,"_links":{"self":[{"href":"https:\/\/imais.online\/portal\/wp-json\/wp\/v2\/posts\/21510","targetHints":{"allow":["GET"]}}],"collection":[{"href":"https:\/\/imais.online\/portal\/wp-json\/wp\/v2\/posts"}],"about":[{"href":"https:\/\/imais.online\/portal\/wp-json\/wp\/v2\/types\/post"}],"author":[{"embeddable":true,"href":"https:\/\/imais.online\/portal\/wp-json\/wp\/v2\/users\/8"}],"replies":[{"embeddable":true,"href":"https:\/\/imais.online\/portal\/wp-json\/wp\/v2\/comments?post=21510"}],"version-history":[{"count":2,"href":"https:\/\/imais.online\/portal\/wp-json\/wp\/v2\/posts\/21510\/revisions"}],"predecessor-version":[{"id":21517,"href":"https:\/\/imais.online\/portal\/wp-json\/wp\/v2\/posts\/21510\/revisions\/21517"}],"wp:featuredmedia":[{"embeddable":true,"href":"https:\/\/imais.online\/portal\/wp-json\/wp\/v2\/media\/21516"}],"wp:attachment":[{"href":"https:\/\/imais.online\/portal\/wp-json\/wp\/v2\/media?parent=21510"}],"wp:term":[{"taxonomy":"category","embeddable":true,"href":"https:\/\/imais.online\/portal\/wp-json\/wp\/v2\/categories?post=21510"},{"taxonomy":"post_tag","embeddable":true,"href":"https:\/\/imais.online\/portal\/wp-json\/wp\/v2\/tags?post=21510"}],"curies":[{"name":"wp","href":"https:\/\/api.w.org\/{rel}","templated":true}]}}