{"id":21522,"date":"2024-01-15T09:49:24","date_gmt":"2024-01-15T12:49:24","guid":{"rendered":"https:\/\/imais.online\/portal\/?p=21522"},"modified":"2024-01-15T09:49:25","modified_gmt":"2024-01-15T12:49:25","slug":"primarias-comecam-nos-eua-com-novo-calendario-e-grandes-incertezas-entenda","status":"publish","type":"post","link":"https:\/\/imais.online\/portal\/primarias-comecam-nos-eua-com-novo-calendario-e-grandes-incertezas-entenda\/","title":{"rendered":"Prim\u00e1rias come\u00e7am nos EUA com novo calend\u00e1rio e grandes incertezas; entenda"},"content":{"rendered":"<div class=\"imais-before-content-placement\" id=\"imais-2600990981\"><script async src=\"\/\/pagead2.googlesyndication.com\/pagead\/js\/adsbygoogle.js?client=ca-pub-8787528412751566\" crossorigin=\"anonymous\"><\/script><ins class=\"adsbygoogle\" style=\"display:block;\" data-ad-client=\"ca-pub-8787528412751566\" \ndata-ad-slot=\"\" \ndata-ad-format=\"auto\"><\/ins>\n<script> \n(adsbygoogle = window.adsbygoogle || []).push({}); \n<\/script>\n<\/div>\n<h2 class=\"wp-block-heading\">Neste ano, a vota\u00e7\u00e3o no estado ser\u00e1 pelo correio. O prazo come\u00e7ou em 12 de janeiro e vai at\u00e9 5 de mar\u00e7o<\/h2>\n\n\n\n<p>O complexo sistema de sele\u00e7\u00e3o de candidatos por cada partido, conhecido como prim\u00e1rias, conseguiu ficar mais complicado este ano nos EUA. Democratas mudaram o calend\u00e1rio tradicional, ap\u00f3s press\u00e3o de Joe Biden, e republicanos lidam com a d\u00favida se Donald Trump poder\u00e1 ou n\u00e3o participar do processo.<\/p>\n\n\n\n<p>A tradicional largada em Iowa, que ocorre nesta segunda-feira (15), j\u00e1 traz uma grande mudan\u00e7a (al\u00e9m do literal frio de matar): a aus\u00eancia dos democratas pela primeira vez desde 1972. O partido ter\u00e1 caucus no estado, mas para tratar de outros assuntos, n\u00e3o da escolha do candidato a presidente.<\/p>\n\n\n\n<p>Apesar de n\u00e3o ter muito peso em n\u00famero de votos, Iowa, um estado mais rural no meio dos EUA, teve historicamente uma import\u00e2ncia simb\u00f3lica por abrir o calend\u00e1rio das prim\u00e1rias de ambos os partidos. Vit\u00f3rias e derrotas em Iowa s\u00e3o lidas como um sinal de impulso ou fracasso das candidaturas.<\/p>\n\n\n\n<p>Isso mudou do lado democrata neste ano por dois motivos. O primeiro \u00e9 o caos no caucus de 2020, quando o partido levou semanas para conseguir anunciar um vencedor ap\u00f3s falhas t\u00e9cnicas de um aplicativo.<\/p>\n\n\n\n<p>Neste ano, a vota\u00e7\u00e3o no estado ser\u00e1 pelo correio. O prazo come\u00e7ou em 12 de janeiro e vai at\u00e9 5 de mar\u00e7o, quando o vencedor deve ser anunciado.<\/p>\n\n\n\n<p>A segunda raz\u00e3o \u00e9 pol\u00edtica. Seguindo a estrat\u00e9gia de dar maior peso ao eleitorado negro -Iowa \u00e9 predominantemente branco e rural, perfil distante do democrata m\u00e9dio-, o calend\u00e1rio das prim\u00e1rias foi modificado para come\u00e7ar pela Carolina do Sul, em 3 de fevereiro.<\/p>\n\n\n\n<p>Al\u00e9m de Iowa, New Hampshire tamb\u00e9m perdeu a preced\u00eancia. O bra\u00e7o do partido no estado, por\u00e9m, n\u00e3o aceitou a mudan\u00e7a, e vai realizar uma prim\u00e1ria \u00e0 revelia do Comit\u00ea Nacional em 23 de janeiro, mesma data das prim\u00e1rias republicanas.<\/p>\n\n\n\n<p>Por isso, Biden n\u00e3o est\u00e1 na c\u00e9dula no estado, mas Dean Phillips, um oponente com praticamente nenhuma chance de vencer, est\u00e1 -e anunciou sua candidatura, inclusive, em New Hampshire, aproveitando a rusga com a dire\u00e7\u00e3o nacional do partido.<\/p>\n\n\n\n<p>Isso n\u00e3o deve fazer grande diferen\u00e7a. Como incumbente, Biden tem amplo apoio no partido e sua nomea\u00e7\u00e3o \u00e9 certa, a n\u00e3o ser que ele pr\u00f3prio decida se retirar do p\u00e1reo \u2013algo que parte do partido gostaria que acontecesse, tendo em vista a alta rejei\u00e7\u00e3o ao presidente e o desempenho ruim nas pesquisas de inten\u00e7\u00e3o de voto.<\/p>\n\n\n\n<p>Do lado republicano, o principal imbr\u00f3glio \u00e9 Donald Trump. At\u00e9 agora, dois estados -Colorado e Maine- tiraram o empres\u00e1rio das prim\u00e1rias, entendendo que ele violou uma emenda da Constitui\u00e7\u00e3o sobre insurrei\u00e7\u00e3o.<\/p>\n\n\n\n<p>A campanha do republicano entrou com recurso e, enquanto o apelo n\u00e3o for julgado, Trump permanece nas c\u00e9dulas. A audi\u00eancia do caso do Colorado na Suprema Corte est\u00e1 marcada para 8 de fevereiro.<\/p>\n\n\n\n<p>As prim\u00e1rias em ambos os estados ocorrem dia 5 de mar\u00e7o, na Super Ter\u00e7a, como \u00e9 chamado o dia em que um grande n\u00famero de estados faz sua sele\u00e7\u00e3o. No Colorado, muitos eleitores votam antes, por correio.<\/p>\n\n\n\n<p>Questionamentos sobre a elegibilidade de Trump com base na 14\u00aa Emenda foram apresentados em outros estados. V\u00e1rios j\u00e1 arquivaram o pedido, mas em outros ele ainda est\u00e1 pendente, o que gera mais incerteza sobre a situa\u00e7\u00e3o do empres\u00e1rio.<\/p>\n\n\n\n<p>A decis\u00e3o da Suprema Corte ter\u00e1 repercuss\u00e3o geral, ou seja, se ela entender que Trump pode participar das prim\u00e1rias, todos os estados ter\u00e3o que aceit\u00e1-lo. Do contr\u00e1rio, todos ter\u00e3o que retir\u00e1-lo das c\u00e9dulas.<\/p>\n\n\n\n<p>Nessa situa\u00e7\u00e3o, uma sa\u00edda poss\u00edvel para o Partido Republicano seria mudar seu modelo de escolha de candidato, de prim\u00e1rias para caucus, m\u00e9todo em que a agremia\u00e7\u00e3o tem maior autonomia para definir as regras.<\/p>\n\n\n\n<p>A nomea\u00e7\u00e3o do candidato republicano vai ocorrer na conven\u00e7\u00e3o nacional do partido, que ocorre em Milwaukee, no Wisconsin, a partir de 15 de julho. Os democratas se re\u00fanem em 19 de agosto em Chicago, no estado de Illinois.<\/p>\n\n\n\n<p>A partir desse momento, come\u00e7a a elei\u00e7\u00e3o geral. Em setembro e outubro, ocorrem os debates presidenciais e vice-presidenciais. Em 5 de novembro, acontece a elei\u00e7\u00e3o.<\/p>\n\n\n\n<p><strong>O que s\u00e3o prim\u00e1rias?<\/strong><\/p>\n\n\n\n<p>Prim\u00e1rias s\u00e3o o processo por meio do qual cada partido seleciona seus candidatos, seja para o Congresso, para governos estaduais ou para a Presid\u00eancia.<\/p>\n\n\n\n<p>Essas vota\u00e7\u00f5es ocorrem em todos os estados e se concentram no primeiro semestre do ano eleitoral.<\/p>\n\n\n\n<p>Cada estado tem direito a um certo n\u00famero de delegados, que varia de partido a partido. Em Iowa, por exemplo, s\u00e3o 40 delegados do lado republicano e 46 do democrata.<\/p>\n\n\n\n<p>A distribui\u00e7\u00e3o desses delegados varia de estado a estado. Em alguns, quem obt\u00e9m o maior n\u00famero de votos leva todos os delegados a que o estado tem direito. Em outros, h\u00e1 uma divis\u00e3o proporcional -essa \u00e9 a regra do lado democrata. H\u00e1 ainda modelos h\u00edbridos.<\/p>\n\n\n\n<p>O m\u00e9todo de vota\u00e7\u00e3o dentro de cada estado varia, podendo ser de dois tipos: caucus e prim\u00e1ria.<\/p>\n\n\n\n<p><strong>O que \u00e9 caucus? Qual a diferen\u00e7a para a prim\u00e1ria?<\/strong><\/p>\n\n\n\n<p>O caucus \u00e9 uma reuni\u00e3o organizada pelos partidos em alguns estados, em geral em gin\u00e1sios de escolas, igrejas e centros comunit\u00e1rios. Esses encontros t\u00eam hora marcada -em Iowa ser\u00e1 \u00e0s 19h, no hor\u00e1rio local- e participam dele representantes das campanhas, que fazem uma defesa de seu candidato.<\/p>\n\n\n\n<p>O m\u00e9todo pode ser voto secreto, como far\u00e3o os republicanos nesta segunda, ou, como os democratas costumavam fazer em Iowa, formando grupos em uma sala.<\/p>\n\n\n\n<p>Os apoiadores do candidato A, por exemplo, juntavam-se no canto esquerdo, os do B, no direito, e os indecisos, ao centro. O processo corria -com as pessoas literalmente correndo de um lado para o outro- at\u00e9 chegar a um vencedor.<\/p>\n\n\n\n<p>J\u00e1 a prim\u00e1ria \u00e9 uma vota\u00e7\u00e3o secreta organizada comumente pelas comiss\u00f5es eleitorais dos estados, n\u00e3o pelos partidos. S\u00e3o abertas se\u00e7\u00f5es eleitorais ao longo do dia, em que os eleitores votam em urnas, em um modelo tradicional.<\/p>\n\n\n\n<p><strong>Quem pode votar nas prim\u00e1rias?<\/strong><\/p>\n\n\n\n<p>As regras variam de estado a estado. Em alguns, apenas os filiados a um partido podem votar -s\u00e3o as chamadas \u201cprim\u00e1rias fechadas\u201d. Em outros, qualquer um pode votar, exceto os filiados a outro partido. Em outros, ainda, n\u00e3o h\u00e1 nenhum impedimento sobre quem pode votar.<\/p>\n\n\n\n<p><strong>Como funcionam as conven\u00e7\u00f5es?<\/strong><\/p>\n\n\n\n<p>Nas conven\u00e7\u00f5es nacionais de cada partido, os delegados dos estados votam em um candidato. Quem obtiver a maioria dos votos, recebe a nomea\u00e7\u00e3o.<\/p>\n\n\n\n<p>Do lado dos democratas, s\u00e3o no total cerca de 3.900 delegados na primeira rodada de vota\u00e7\u00e3o (mais s\u00e3o inclu\u00eddos em rodadas posteriores se um candidato n\u00e3o obtiver a maioria). Do lado republicano, s\u00e3o 2.429.<br>Parte dos delegados \u00e9 obrigada a votar segundo o resultado de seu estado, enquanto outros s\u00e3o livres para escolher quem quiserem.<\/p>\n\n\n\n<p>Se nenhum candidato alcan\u00e7ar a maioria dos delegados em uma \u00fanica vota\u00e7\u00e3o, novas rodadas s\u00e3o feitas, com outras regras: inclus\u00e3o dos chamados \u201csuperdelegados\u201d no caso democrata, que podem votar em quem quiser, at\u00e9 o limite de liberar todos os delegados a decidirem seu voto, independentemente dos votos de seu estado.<\/p>\n\n\n\n<p>Fonte Jornal de Brasilia <\/p>\n","protected":false},"excerpt":{"rendered":"<p>Neste ano, a vota\u00e7\u00e3o no estado ser\u00e1 pelo correio. O prazo come\u00e7ou em 12 de janeiro e vai at\u00e9 5 de mar\u00e7o O complexo sistema de sele\u00e7\u00e3o de candidatos por cada partido, conhecido como prim\u00e1rias, conseguiu ficar mais complicado este ano nos EUA. Democratas mudaram o calend\u00e1rio tradicional, ap\u00f3s press\u00e3o de Joe Biden, e republicanos [&hellip;]<\/p>\n","protected":false},"author":8,"featured_media":21523,"comment_status":"closed","ping_status":"open","sticky":false,"template":"","format":"standard","meta":{"rop_custom_images_group":[],"rop_custom_messages_group":[],"rop_publish_now":"initial","rop_publish_now_accounts":[],"rop_publish_now_history":[],"rop_publish_now_status":"pending","footnotes":""},"categories":[212],"tags":[73],"class_list":["post-21522","post","type-post","status-publish","format-standard","has-post-thumbnail","hentry","category-internacional","tag-featured"],"amp_enabled":true,"_links":{"self":[{"href":"https:\/\/imais.online\/portal\/wp-json\/wp\/v2\/posts\/21522","targetHints":{"allow":["GET"]}}],"collection":[{"href":"https:\/\/imais.online\/portal\/wp-json\/wp\/v2\/posts"}],"about":[{"href":"https:\/\/imais.online\/portal\/wp-json\/wp\/v2\/types\/post"}],"author":[{"embeddable":true,"href":"https:\/\/imais.online\/portal\/wp-json\/wp\/v2\/users\/8"}],"replies":[{"embeddable":true,"href":"https:\/\/imais.online\/portal\/wp-json\/wp\/v2\/comments?post=21522"}],"version-history":[{"count":1,"href":"https:\/\/imais.online\/portal\/wp-json\/wp\/v2\/posts\/21522\/revisions"}],"predecessor-version":[{"id":21524,"href":"https:\/\/imais.online\/portal\/wp-json\/wp\/v2\/posts\/21522\/revisions\/21524"}],"wp:featuredmedia":[{"embeddable":true,"href":"https:\/\/imais.online\/portal\/wp-json\/wp\/v2\/media\/21523"}],"wp:attachment":[{"href":"https:\/\/imais.online\/portal\/wp-json\/wp\/v2\/media?parent=21522"}],"wp:term":[{"taxonomy":"category","embeddable":true,"href":"https:\/\/imais.online\/portal\/wp-json\/wp\/v2\/categories?post=21522"},{"taxonomy":"post_tag","embeddable":true,"href":"https:\/\/imais.online\/portal\/wp-json\/wp\/v2\/tags?post=21522"}],"curies":[{"name":"wp","href":"https:\/\/api.w.org\/{rel}","templated":true}]}}