{"id":21550,"date":"2024-01-16T16:04:21","date_gmt":"2024-01-16T19:04:21","guid":{"rendered":"https:\/\/imais.online\/portal\/?p=21550"},"modified":"2024-01-16T16:04:22","modified_gmt":"2024-01-16T19:04:22","slug":"alerta-vermelho-sul-do-brasil-esta-sob-risco-de-temporais-severos","status":"publish","type":"post","link":"https:\/\/imais.online\/portal\/alerta-vermelho-sul-do-brasil-esta-sob-risco-de-temporais-severos\/","title":{"rendered":"Alerta vermelho: Sul do Brasil est\u00e1 sob risco de temporais severos"},"content":{"rendered":"<div class=\"imais-before-content-placement\" id=\"imais-2598870065\"><script async src=\"\/\/pagead2.googlesyndication.com\/pagead\/js\/adsbygoogle.js?client=ca-pub-8787528412751566\" crossorigin=\"anonymous\"><\/script><ins class=\"adsbygoogle\" style=\"display:block;\" data-ad-client=\"ca-pub-8787528412751566\" \ndata-ad-slot=\"\" \ndata-ad-format=\"auto\"><\/ins>\n<script> \n(adsbygoogle = window.adsbygoogle || []).push({}); \n<\/script>\n<\/div>\n<p>A regi\u00e3o Sul do Brasil est\u00e1 em alerta vermelho para temporais nesta ter\u00e7a-feira (16) conforme o Instituto Nacional de Meteorologia (Inmet). As tempestades v\u00eam acompanhadas de rajadas de ventos de at\u00e9 100 km\/h, que podem provocar estragos no&nbsp;<a href=\"https:\/\/ric.com.br\/tag\/rio-grande-do-sul\/\" target=\"_blank\" rel=\"noreferrer noopener\">Rio Grande do Sul<\/a>&nbsp;e&nbsp;<a href=\"https:\/\/ric.com.br\/tag\/santa-catarina\/\" target=\"_blank\" rel=\"noreferrer noopener\">Santa Catarina<\/a>.<\/p>\n\n\n\n<p>Segundo o Inmet, h\u00e1 risco de danos em edifica\u00e7\u00f5es, corte de energia el\u00e9trica, estragos em planta\u00e7\u00f5es, queda de \u00e1rvores, alagamentos e transtornos no transporte rodovi\u00e1rio.<\/p>\n\n\n\n<p>As regi\u00f5es sob risco de temporais no Sul do Brasil s\u00e3o: Serrana, Noroeste Rio-grandense, Oeste Catarinense, Centro Ocidental Rio-grandense, Sudoeste Rio-grandense, Grande Florian\u00f3polis, Metropolitana de Porto Alegre, Sudeste Rio-grandense, Nordeste Rio-grandense, Sul Catarinense, Centro Oriental Rio-grandense.<\/p>\n\n\n\n<p>J\u00e1 o Paran\u00e1 est\u00e1 em alerta amarelo para temporais at\u00e9 a metade da manh\u00e3 de quarta-feira (17).<\/p>\n\n\n\n<p>Fonte Ric.com<\/p>\n","protected":false},"excerpt":{"rendered":"<p>A regi\u00e3o Sul do Brasil est\u00e1 em alerta vermelho para temporais nesta ter\u00e7a-feira (16) conforme o Instituto Nacional de Meteorologia (Inmet). As tempestades v\u00eam acompanhadas de rajadas de ventos de at\u00e9 100 km\/h, que podem provocar estragos no&nbsp;Rio Grande do Sul&nbsp;e&nbsp;Santa Catarina. Segundo o Inmet, h\u00e1 risco de danos em edifica\u00e7\u00f5es, corte de energia el\u00e9trica, [&hellip;]<\/p>\n","protected":false},"author":8,"featured_media":21551,"comment_status":"closed","ping_status":"open","sticky":false,"template":"","format":"standard","meta":{"rop_custom_images_group":[],"rop_custom_messages_group":[],"rop_publish_now":"initial","rop_publish_now_accounts":[],"rop_publish_now_history":[],"rop_publish_now_status":"pending","footnotes":""},"categories":[189],"tags":[],"class_list":["post-21550","post","type-post","status-publish","format-standard","has-post-thumbnail","hentry","category-brasil"],"amp_enabled":true,"_links":{"self":[{"href":"https:\/\/imais.online\/portal\/wp-json\/wp\/v2\/posts\/21550","targetHints":{"allow":["GET"]}}],"collection":[{"href":"https:\/\/imais.online\/portal\/wp-json\/wp\/v2\/posts"}],"about":[{"href":"https:\/\/imais.online\/portal\/wp-json\/wp\/v2\/types\/post"}],"author":[{"embeddable":true,"href":"https:\/\/imais.online\/portal\/wp-json\/wp\/v2\/users\/8"}],"replies":[{"embeddable":true,"href":"https:\/\/imais.online\/portal\/wp-json\/wp\/v2\/comments?post=21550"}],"version-history":[{"count":1,"href":"https:\/\/imais.online\/portal\/wp-json\/wp\/v2\/posts\/21550\/revisions"}],"predecessor-version":[{"id":21552,"href":"https:\/\/imais.online\/portal\/wp-json\/wp\/v2\/posts\/21550\/revisions\/21552"}],"wp:featuredmedia":[{"embeddable":true,"href":"https:\/\/imais.online\/portal\/wp-json\/wp\/v2\/media\/21551"}],"wp:attachment":[{"href":"https:\/\/imais.online\/portal\/wp-json\/wp\/v2\/media?parent=21550"}],"wp:term":[{"taxonomy":"category","embeddable":true,"href":"https:\/\/imais.online\/portal\/wp-json\/wp\/v2\/categories?post=21550"},{"taxonomy":"post_tag","embeddable":true,"href":"https:\/\/imais.online\/portal\/wp-json\/wp\/v2\/tags?post=21550"}],"curies":[{"name":"wp","href":"https:\/\/api.w.org\/{rel}","templated":true}]}}