{"id":21553,"date":"2024-01-16T16:07:58","date_gmt":"2024-01-16T19:07:58","guid":{"rendered":"https:\/\/imais.online\/portal\/?p=21553"},"modified":"2024-01-16T16:07:59","modified_gmt":"2024-01-16T19:07:59","slug":"sancionada-lei-que-amplia-numero-de-permissoes-de-radio-e-tv-por-empresa-no-pais","status":"publish","type":"post","link":"https:\/\/imais.online\/portal\/sancionada-lei-que-amplia-numero-de-permissoes-de-radio-e-tv-por-empresa-no-pais\/","title":{"rendered":"Sancionada lei que amplia n\u00famero de permiss\u00f5es de r\u00e1dio e TV por empresa no pa\u00eds"},"content":{"rendered":"<div class=\"imais-before-content-placement\" id=\"imais-2428333839\"><script async src=\"\/\/pagead2.googlesyndication.com\/pagead\/js\/adsbygoogle.js?client=ca-pub-8787528412751566\" crossorigin=\"anonymous\"><\/script><ins class=\"adsbygoogle\" style=\"display:block;\" data-ad-client=\"ca-pub-8787528412751566\" \ndata-ad-slot=\"\" \ndata-ad-format=\"auto\"><\/ins>\n<script> \n(adsbygoogle = window.adsbygoogle || []).push({}); \n<\/script>\n<\/div>\n<h2 class=\"wp-block-heading\">Proposta pelo deputado federal Marcos Pereira, nova regra eleva de 5 para 20 o n\u00famero de concess\u00f5es de emissoras por entidade<\/h2>\n\n\n\n<p>Foi sancionada nesta ter\u00e7a-feira (16) a nova lei de radiodifus\u00e3o no Brasil, que desburocratiza as atividades empresariais no setor de r\u00e1dio e TV no pa\u00eds, permitindo, por exemplo, ampliar o n\u00famero de concess\u00f5es de ve\u00edculos de radiodifus\u00e3o de cinco para at\u00e9 20 emissoras por entidade. De\u00a0autoria do deputado federal e vice-presidente da C\u00e2mara, Marcos Pereira (Republicanos-SP), o projeto\u00a0prev\u00ea que emissoras de r\u00e1dio funcionem como sociedade unipessoais, ou seja, com um \u00fanico s\u00f3cio.\u00a0\u00a0<\/p>\n\n\n\n<p>At\u00e9 ent\u00e3o, a lei em vigor n\u00e3o permitia que sociedades de qualquer natureza jur\u00eddica \u2014 inclusive a unipessoal \u2014 pudessem atuar nesse mercado. &#8220;Estamos promovendo liberdade econ\u00f4mica e democratizando o acesso ao setor de radiodifus\u00e3o. Agrade\u00e7o a todos que apoiaram a proposta. Mais uma miss\u00e3o conclu\u00edda&#8221;, publicou o deputado nas redes sociais.<\/p>\n\n\n\n<p>A proposta, aprovada no plen\u00e1rio do Senado em dezembro, amplia o n\u00famero m\u00e1ximo de esta\u00e7\u00f5es de r\u00e1dio e televis\u00e3o que cada entidade pode operar.\u00a0 A lei anterior definia limites distintos de acordo com a abrang\u00eancia (local, regional ou nacional) e o tipo de frequ\u00eancia. Uma mesma entidade podia ter at\u00e9 seis r\u00e1dios de frequ\u00eancia modulada (FM) com alcance local e at\u00e9 tr\u00eas de alcance regional transmitindo em ondas m\u00e9dias, por exemplo.<\/p>\n\n\n\n<p>Com a nova lei, as entidades poder\u00e3o ter at\u00e9 20 emissoras, que podem ser FMs, ondas m\u00e9dias, ondas curtas ou ondas tropicais. O n\u00famero de concess\u00f5es de esta\u00e7\u00f5es de TV tamb\u00e9m subiu de 10 para 20.<\/p>\n\n\n\n<p>As mudan\u00e7as s\u00e3o necess\u00e1rias dentro do processo de migra\u00e7\u00e3o das pequenas emissoras de amplitude modulada (AM) para FM. Com as limita\u00e7\u00f5es anteriores, havia emissoras impossibilitadas de migrar por pertencerem a grupos que j\u00e1 atingiram o limite de esta\u00e7\u00f5es.<\/p>\n\n\n\n<figure class=\"wp-block-image\"><img decoding=\"async\" src=\"https:\/\/img.r7.com\/images\/juscelino-filho-01092023114950838?dimensions=677x369\" alt=\"Ministro Juscelino Filho diz que lei moderniza C\u00f3digo Brasileiro de Televis\u00e3o\n\" title=\"Ministro Juscelino Filho diz que lei moderniza C\u00f3digo Brasileiro de Televis\u00e3o\n\"\/><\/figure>\n\n\n\n<p>Ministro Juscelino Filho diz que lei moderniza C\u00f3digo Brasileiro de Televis\u00e3o FOTO: JOS\u00c9 CRUZ\/AG\u00caNCIA BRASIL<\/p>\n\n\n\n<p>O ministro das Comunica\u00e7\u00f5es, Juscelino Filho, comentou que a nova lei \u00e9 essencial para modernizar o C\u00f3digo Brasileiro de Televis\u00e3o, permitindo que as pessoas jur\u00eddicas do modelo unipessoal, ou seja, com Cadastro Nacional de Pessoa Jur\u00eddica (CNPJ) de um indiv\u00edduo, possam ser radiodifusores.<\/p>\n\n\n\n<p>\u201cO projeto \u00e9 importante para todo o setor da radiodifus\u00e3o no nosso pa\u00eds, com apoio da Abert [Associa\u00e7\u00e3o Brasileira de Emissoras de R\u00e1dio e Televis\u00e3o], com apoio da Abratel [Associa\u00e7\u00e3o Brasileira de R\u00e1dio e Televis\u00e3o] e de todos os radiodifusores\u201d, afirmou o ministro.<\/p>\n\n\n\n<p>Fonte R7<\/p>\n","protected":false},"excerpt":{"rendered":"<p>Proposta pelo deputado federal Marcos Pereira, nova regra eleva de 5 para 20 o n\u00famero de concess\u00f5es de emissoras por entidade Foi sancionada nesta ter\u00e7a-feira (16) a nova lei de radiodifus\u00e3o no Brasil, que desburocratiza as atividades empresariais no setor de r\u00e1dio e TV no pa\u00eds, permitindo, por exemplo, ampliar o n\u00famero de concess\u00f5es de [&hellip;]<\/p>\n","protected":false},"author":8,"featured_media":21554,"comment_status":"closed","ping_status":"open","sticky":false,"template":"","format":"standard","meta":{"rop_custom_images_group":[],"rop_custom_messages_group":[],"rop_publish_now":"initial","rop_publish_now_accounts":[],"rop_publish_now_history":[],"rop_publish_now_status":"pending","footnotes":""},"categories":[189],"tags":[],"class_list":["post-21553","post","type-post","status-publish","format-standard","has-post-thumbnail","hentry","category-brasil"],"amp_enabled":true,"_links":{"self":[{"href":"https:\/\/imais.online\/portal\/wp-json\/wp\/v2\/posts\/21553","targetHints":{"allow":["GET"]}}],"collection":[{"href":"https:\/\/imais.online\/portal\/wp-json\/wp\/v2\/posts"}],"about":[{"href":"https:\/\/imais.online\/portal\/wp-json\/wp\/v2\/types\/post"}],"author":[{"embeddable":true,"href":"https:\/\/imais.online\/portal\/wp-json\/wp\/v2\/users\/8"}],"replies":[{"embeddable":true,"href":"https:\/\/imais.online\/portal\/wp-json\/wp\/v2\/comments?post=21553"}],"version-history":[{"count":1,"href":"https:\/\/imais.online\/portal\/wp-json\/wp\/v2\/posts\/21553\/revisions"}],"predecessor-version":[{"id":21555,"href":"https:\/\/imais.online\/portal\/wp-json\/wp\/v2\/posts\/21553\/revisions\/21555"}],"wp:featuredmedia":[{"embeddable":true,"href":"https:\/\/imais.online\/portal\/wp-json\/wp\/v2\/media\/21554"}],"wp:attachment":[{"href":"https:\/\/imais.online\/portal\/wp-json\/wp\/v2\/media?parent=21553"}],"wp:term":[{"taxonomy":"category","embeddable":true,"href":"https:\/\/imais.online\/portal\/wp-json\/wp\/v2\/categories?post=21553"},{"taxonomy":"post_tag","embeddable":true,"href":"https:\/\/imais.online\/portal\/wp-json\/wp\/v2\/tags?post=21553"}],"curies":[{"name":"wp","href":"https:\/\/api.w.org\/{rel}","templated":true}]}}