{"id":21566,"date":"2024-01-17T13:01:49","date_gmt":"2024-01-17T16:01:49","guid":{"rendered":"https:\/\/imais.online\/portal\/?p=21566"},"modified":"2024-01-17T13:01:50","modified_gmt":"2024-01-17T16:01:50","slug":"observatorio-registra-mais-de-13-mil-pessoas-com-deficiencia-em-indaiatuba","status":"publish","type":"post","link":"https:\/\/imais.online\/portal\/observatorio-registra-mais-de-13-mil-pessoas-com-deficiencia-em-indaiatuba\/","title":{"rendered":"Observat\u00f3rio registra mais de 13 mil pessoas com defici\u00eancia em Indaiatuba"},"content":{"rendered":"<div class=\"imais-before-content-placement\" id=\"imais-3003431407\"><script async src=\"\/\/pagead2.googlesyndication.com\/pagead\/js\/adsbygoogle.js?client=ca-pub-8787528412751566\" crossorigin=\"anonymous\"><\/script><ins class=\"adsbygoogle\" style=\"display:block;\" data-ad-client=\"ca-pub-8787528412751566\" \ndata-ad-slot=\"\" \ndata-ad-format=\"auto\"><\/ins>\n<script> \n(adsbygoogle = window.adsbygoogle || []).push({}); \n<\/script>\n<\/div>\n<p><em><small>Aumento de 2010 para o Censo Demogr\u00e1fico coletado em 2022 foi de 3.457 pessoas<\/small><\/em><\/p>\n\n\n\n<p>No \u00faltimo dia 16 de janeiro, o Governo do Estado de S\u00e3o Paulo em parceria com a Funda\u00e7\u00e3o Sistema Estadual de An\u00e1lise de Dados (Seade), lan\u00e7ou a plataforma Observat\u00f3rio dos Direitos da Pessoa com Defici\u00eancia que re\u00fane os dados colhidos durante a realiza\u00e7\u00e3o do Censo Demogr\u00e1fico para especificar quantas pessoas com defici\u00eancias foram contabilizadas em cada munic\u00edpio. O intuito \u00e9 monitorar e dar embasamento para que as cidades criem politicas p\u00fablicas mais inclusivas. Em Indaiatuba, de acordo com as informa\u00e7\u00f5es, foram computadas 9.688 pessoas com defici\u00eancia em 2010. J\u00e1 em 2022,&nbsp; houve um aumento de 3.457 pessoas, o que representa&nbsp; o acrescimento de 35,6%&nbsp; totalizando a 13.145 pessoas com defici\u00eancia.<\/p>\n\n\n\n<p>Os dados foram&nbsp; divididos por tipo de defici\u00eancia. Em 2010,&nbsp; foram contabilizados 4.840 deficientes visuais, 3.160 pessoas com defici\u00eancias f\u00edsicas, 1.908 com defici\u00eancia intelectual e 2.088 deficientes auditivos. J\u00e1 em 2022, os n\u00fameros de deficientes&nbsp; visuais aumentaram&nbsp; para 6.568, 4.288 pessoas com defici\u00eancias f\u00edsicas, 2.590 com defici\u00eancia intelectual e 2.835 deficientes auditivos. Ao todo, foram registradas 8.413 mulheres e 4.732 homens com alguma das defici\u00eancias.<\/p>\n\n\n\n<p>Al\u00e9m do n\u00famero de pessoas com defici\u00eancia a plataforma centraliza esses mun\u00edcipes oferecendo os dados referentes \u00e0s \u00e1reas educacionais, de emprego, esportes, dentre outros indicadores. &#8220;\u00c9 uma conquista muito importante. N\u00f3s j\u00e1 est\u00e1vamos planejando politicas p\u00fablicas inclusivas no munic\u00edpio, inclusive dentro da secretaria criamos um departamento especifico para atender as demandas e de modo a ter uma comunica\u00e7\u00e3o melhor, bem como, um canal exclusivo para as pessoas com defici\u00eancia. O prefeito Nilson Gaspar sempre se preocupou em abranger a todos com propostas e a\u00e7\u00f5es. Agora, com essa plataforma podemos avan\u00e7ar ainda mais na inclus\u00e3o das pessoas com defici\u00eancia em Indaiatuba\u201d, pontua a Secret\u00e1ria de Rela\u00e7\u00f5es Institucionais e Comunica\u00e7\u00e3o, Dra. Graziela Milani.\u00a0<\/p>\n\n\n\n<p><\/p>\n","protected":false},"excerpt":{"rendered":"<p>Aumento de 2010 para o Censo Demogr\u00e1fico coletado em 2022 foi de 3.457 pessoas No \u00faltimo dia 16 de janeiro, o Governo do Estado de S\u00e3o Paulo em parceria com a Funda\u00e7\u00e3o Sistema Estadual de An\u00e1lise de Dados (Seade), lan\u00e7ou a plataforma Observat\u00f3rio dos Direitos da Pessoa com Defici\u00eancia que re\u00fane os dados colhidos durante [&hellip;]<\/p>\n","protected":false},"author":8,"featured_media":21567,"comment_status":"closed","ping_status":"open","sticky":false,"template":"","format":"standard","meta":{"rop_custom_images_group":[],"rop_custom_messages_group":[],"rop_publish_now":"initial","rop_publish_now_accounts":[],"rop_publish_now_history":[],"rop_publish_now_status":"pending","footnotes":""},"categories":[188],"tags":[],"class_list":["post-21566","post","type-post","status-publish","format-standard","has-post-thumbnail","hentry","category-indaiatuba"],"amp_enabled":true,"_links":{"self":[{"href":"https:\/\/imais.online\/portal\/wp-json\/wp\/v2\/posts\/21566","targetHints":{"allow":["GET"]}}],"collection":[{"href":"https:\/\/imais.online\/portal\/wp-json\/wp\/v2\/posts"}],"about":[{"href":"https:\/\/imais.online\/portal\/wp-json\/wp\/v2\/types\/post"}],"author":[{"embeddable":true,"href":"https:\/\/imais.online\/portal\/wp-json\/wp\/v2\/users\/8"}],"replies":[{"embeddable":true,"href":"https:\/\/imais.online\/portal\/wp-json\/wp\/v2\/comments?post=21566"}],"version-history":[{"count":1,"href":"https:\/\/imais.online\/portal\/wp-json\/wp\/v2\/posts\/21566\/revisions"}],"predecessor-version":[{"id":21568,"href":"https:\/\/imais.online\/portal\/wp-json\/wp\/v2\/posts\/21566\/revisions\/21568"}],"wp:featuredmedia":[{"embeddable":true,"href":"https:\/\/imais.online\/portal\/wp-json\/wp\/v2\/media\/21567"}],"wp:attachment":[{"href":"https:\/\/imais.online\/portal\/wp-json\/wp\/v2\/media?parent=21566"}],"wp:term":[{"taxonomy":"category","embeddable":true,"href":"https:\/\/imais.online\/portal\/wp-json\/wp\/v2\/categories?post=21566"},{"taxonomy":"post_tag","embeddable":true,"href":"https:\/\/imais.online\/portal\/wp-json\/wp\/v2\/tags?post=21566"}],"curies":[{"name":"wp","href":"https:\/\/api.w.org\/{rel}","templated":true}]}}