{"id":21569,"date":"2024-01-17T13:04:56","date_gmt":"2024-01-17T16:04:56","guid":{"rendered":"https:\/\/imais.online\/portal\/?p=21569"},"modified":"2024-01-17T13:04:57","modified_gmt":"2024-01-17T16:04:57","slug":"orquestra-sinfonica-abre-100-vagas-para-oito-cursos-gratuitos-de-sua-escola-de-musica","status":"publish","type":"post","link":"https:\/\/imais.online\/portal\/orquestra-sinfonica-abre-100-vagas-para-oito-cursos-gratuitos-de-sua-escola-de-musica\/","title":{"rendered":"Orquestra Sinf\u00f4nica abre 100 vagas para oito cursos gratuitos de sua Escola de M\u00fasica"},"content":{"rendered":"<div class=\"imais-before-content-placement\" id=\"imais-1824535301\"><script async src=\"\/\/pagead2.googlesyndication.com\/pagead\/js\/adsbygoogle.js?client=ca-pub-8787528412751566\" crossorigin=\"anonymous\"><\/script><ins class=\"adsbygoogle\" style=\"display:block;\" data-ad-client=\"ca-pub-8787528412751566\" \ndata-ad-slot=\"\" \ndata-ad-format=\"auto\"><\/ins>\n<script> \n(adsbygoogle = window.adsbygoogle || []).push({}); \n<\/script>\n<\/div>\n<p><em><small>Crian\u00e7as e jovens tamb\u00e9m podem participar do projeto Portas Abertas, com oficinas gratuitas<\/small><\/em><\/p>\n\n\n\n<p>A Escola de M\u00fasica da Orquestra Sinf\u00f4nica de Indaiatuba (EMOSI) abre a temporada 2024 com duas novidades. A primeira \u00e9 a abertura de 100 vagas para oito cursos, totalmente gratuitos, para o p\u00fablico entre 9 e 21 anos de idade. A segunda \u00e9 a realiza\u00e7\u00e3o de mais uma edi\u00e7\u00e3o do EMOSI de Portas Abertas, que acontece de 29 a 31 de janeiro e re\u00fane oficinas gratuitas direcionadas a crian\u00e7as e jovens, de 8 a 21 anos, que tenham interesse em aprender mais sobre m\u00fasica.<\/p>\n\n\n\n<p>As inscri\u00e7\u00f5es para a Escola de M\u00fasica seguem at\u00e9 11 de fevereiro. S\u00e3o disponibilizadas vagas para inicia\u00e7\u00e3o musical (8 anos), violino (9 a 18&nbsp;anos), viola sinf\u00f4nica (9 a 18&nbsp;anos), violoncelo (9 a 18&nbsp;anos), contrabaixo ac\u00fastico (12 a 21&nbsp;anos), flauta transversal (9 a 18&nbsp;anos), clarinete (9 a 18&nbsp;anos) e saxofone (9 a 18&nbsp;anos).<\/p>\n\n\n\n<p>Para estudar na EMOSI n\u00e3o \u00e9 necess\u00e1rio ter experi\u00eancia e nem o instrumento, apenas a vontade de aprender. Os crit\u00e9rios para o preenchimento das vagas s\u00e3o: ordem de inscri\u00e7\u00e3o, faixa et\u00e1ria e ser residente em Indaiatuba. Ap\u00f3s o prazo de inscri\u00e7\u00e3o, a organiza\u00e7\u00e3o entrar\u00e1 em contato para a convoca\u00e7\u00e3o dos alunos.<\/p>\n\n\n\n<p>As aulas ser\u00e3o realizadas em quatro diferentes Polos: Centro Cultural Hermenegildo Pinto (Piano), Centro Cultural Wanderley Peres, Esta\u00e7\u00e3o Musical e Esta\u00e7\u00e3o Cultural Itaici. Os interessados devem preencher um formul\u00e1rio, que pode ser acessado&nbsp;<a href=\"https:\/\/docs.google.com\/forms\/d\/e\/1FAIpQLSdNfgh988SBKvu4SHnfUhtR1DO4REXTq-8i2vgOYbiKmKxBVg\/viewform\"><strong><u>neste link<\/u><\/strong><\/a>.<\/p>\n\n\n\n<p>Esta \u00e9 uma iniciativa da AMOJI (Associa\u00e7\u00e3o Mantenedora da Orquestra Sinf\u00f4nica de Indaiatuba), por meio da EMOSI, com apoio da Prefeitura de Indaiatuba, por meio da Secretaria Municipal de Cultura.<\/p>\n\n\n\n<p><strong>Portas Abertas<\/strong><\/p>\n\n\n\n<p>A Sinf\u00f4nica realiza mais uma edi\u00e7\u00e3o do EMOSI de Portas Abertas, evento que acontece de 29 a 31 de janeiro e re\u00fane oficinas musicais direcionadas a crian\u00e7as e jovens de 8 a 21 anos, que tenham interesse em aprender mais sobre m\u00fasica.&nbsp;<\/p>\n\n\n\n<p>Durante os tr\u00eas dias de oficinas ser\u00e3o realizadas aulas te\u00f3ricas e pr\u00e1ticas de musicaliza\u00e7\u00e3o, inicia\u00e7\u00e3o musical, violino, viola sinf\u00f4nica, violoncelo, contrabaixo ac\u00fastico e sopros (flauta transversal, clarinete e saxofone).<\/p>\n\n\n\n<p>As aulas acontecer\u00e3o em tr\u00eas locais: Centro Cultural Wanderley Peres, Esta\u00e7\u00e3o Musical e Centro Cultural Hermenegildo Pinto (Piano). As inscri\u00e7\u00f5es est\u00e3o abertas e podem ser realizadas gratuitamente at\u00e9 dia 28,&nbsp;<a href=\"https:\/\/docs.google.com\/forms\/d\/e\/1FAIpQLSfsWmV8pvQrW0kuBKuWEw4p0DjF1W_rA8neKzn1vnxmufkO4g\/viewform\"><strong><u>neste link<\/u><\/strong><\/a>.&nbsp;<\/p>\n\n\n\n<p>Com dura\u00e7\u00e3o m\u00e9dia de duas horas, os encontros ser\u00e3o guiados por professores que j\u00e1 atuam no ensino da EMOSI. A dire\u00e7\u00e3o art\u00edstica \u00e9 do maestro Paulo de Paula e a coordena\u00e7\u00e3o pedag\u00f3gica de Marcel Murari.<\/p>\n\n\n\n<p>Mais informa\u00e7\u00f5es sobre a Escola de M\u00fasica e o projeto Portas Abertas podem ser obtidas pelo e-mail secretaria.osindaiatuba@gmail.com ou pelo WhatsApp (19) 97151-1150.<\/p>\n\n\n\n<p><strong>EMOSI de Portas Abertas<\/strong>&nbsp;<\/p>\n\n\n\n<p><strong>PROGRAMA\u00c7\u00c3O<\/strong><\/p>\n\n\n\n<p><strong>29<\/strong><strong>&nbsp;de janeiro, \u00e0s<\/strong><strong>&nbsp;16h<\/strong><\/p>\n\n\n\n<p>&#8211; Inicia\u00e7\u00e3o Musical (8 anos)<br>Local: Piano Morada do Sol<\/p>\n\n\n\n<p>&#8211; Violino (9 a 18 anos)<br>&#8211; Viola Sinf\u00f4nica (9 a 18 anos)<br>&#8211; Violoncelo (9 a 18 anos)<br>Local: Centro Cultural Wanderley Peres<\/p>\n\n\n\n<p>&#8211; Contrabaixo Ac\u00fastico (12 a 21 anos)<br>Local: Esta\u00e7\u00e3o Musical<\/p>\n\n\n\n<p><strong>30<\/strong><strong>&nbsp;de janeiro, \u00e0s&nbsp;<\/strong><strong>16h<\/strong><\/p>\n\n\n\n<p>&#8211; Flauta transversal, clarinete e saxofone (9 a 18 anos)<br>Local: Esta\u00e7\u00e3o Musical<\/p>\n\n\n\n<p><strong>31<\/strong><strong>&nbsp;de janeiro, \u00e0s&nbsp;<\/strong><strong>16h<\/strong><\/p>\n\n\n\n<p>&#8211; Violino (9 a 18 anos)<br>Local: Centro Cultural Wanderley Peres<\/p>\n\n\n\n<p><strong>POLOS CULTURAIS<\/strong><\/p>\n\n\n\n<p><strong>Centro Cultural Wanderley Peres<\/strong><br>Rua Padre Bento Pacheco, 802, Centro<\/p>\n\n\n\n<p><strong>Esta\u00e7\u00e3o Musical<\/strong><br>Rua Conven\u00e7\u00e3o, 1 &#8211; Jardim Pompeia<\/p>\n\n\n\n<p><strong>Centro Cultural \u2018Hermenegildo Pinto\u2019 (Piano)<\/strong><strong><br><\/strong>Avenida Engenheiro F\u00e1bio Roberto Barnab\u00e9, 5.924 &#8211; Jardim Morada do Sol<\/p>\n\n\n\n<p><strong>Esta\u00e7\u00e3o Cultural Itaici<\/strong><strong><br><\/strong>Rua Francisco Ara\u00fajo, 49&nbsp;&#8211;&nbsp;perto do Ponto Verde<\/p>\n","protected":false},"excerpt":{"rendered":"<p>Crian\u00e7as e jovens tamb\u00e9m podem participar do projeto Portas Abertas, com oficinas gratuitas A Escola de M\u00fasica da Orquestra Sinf\u00f4nica de Indaiatuba (EMOSI) abre a temporada 2024 com duas novidades. A primeira \u00e9 a abertura de 100 vagas para oito cursos, totalmente gratuitos, para o p\u00fablico entre 9 e 21 anos de idade. A segunda [&hellip;]<\/p>\n","protected":false},"author":8,"featured_media":21570,"comment_status":"closed","ping_status":"open","sticky":false,"template":"","format":"standard","meta":{"rop_custom_images_group":[],"rop_custom_messages_group":[],"rop_publish_now":"initial","rop_publish_now_accounts":[],"rop_publish_now_history":[],"rop_publish_now_status":"pending","footnotes":""},"categories":[188],"tags":[73],"class_list":["post-21569","post","type-post","status-publish","format-standard","has-post-thumbnail","hentry","category-indaiatuba","tag-featured"],"amp_enabled":true,"_links":{"self":[{"href":"https:\/\/imais.online\/portal\/wp-json\/wp\/v2\/posts\/21569","targetHints":{"allow":["GET"]}}],"collection":[{"href":"https:\/\/imais.online\/portal\/wp-json\/wp\/v2\/posts"}],"about":[{"href":"https:\/\/imais.online\/portal\/wp-json\/wp\/v2\/types\/post"}],"author":[{"embeddable":true,"href":"https:\/\/imais.online\/portal\/wp-json\/wp\/v2\/users\/8"}],"replies":[{"embeddable":true,"href":"https:\/\/imais.online\/portal\/wp-json\/wp\/v2\/comments?post=21569"}],"version-history":[{"count":1,"href":"https:\/\/imais.online\/portal\/wp-json\/wp\/v2\/posts\/21569\/revisions"}],"predecessor-version":[{"id":21571,"href":"https:\/\/imais.online\/portal\/wp-json\/wp\/v2\/posts\/21569\/revisions\/21571"}],"wp:featuredmedia":[{"embeddable":true,"href":"https:\/\/imais.online\/portal\/wp-json\/wp\/v2\/media\/21570"}],"wp:attachment":[{"href":"https:\/\/imais.online\/portal\/wp-json\/wp\/v2\/media?parent=21569"}],"wp:term":[{"taxonomy":"category","embeddable":true,"href":"https:\/\/imais.online\/portal\/wp-json\/wp\/v2\/categories?post=21569"},{"taxonomy":"post_tag","embeddable":true,"href":"https:\/\/imais.online\/portal\/wp-json\/wp\/v2\/tags?post=21569"}],"curies":[{"name":"wp","href":"https:\/\/api.w.org\/{rel}","templated":true}]}}