{"id":21581,"date":"2024-01-18T06:59:28","date_gmt":"2024-01-18T09:59:28","guid":{"rendered":"https:\/\/imais.online\/portal\/?p=21581"},"modified":"2024-01-18T06:59:29","modified_gmt":"2024-01-18T09:59:29","slug":"faici-inicia-venda-de-ingressos-online-para-edicao-2024-da-festa","status":"publish","type":"post","link":"https:\/\/imais.online\/portal\/faici-inicia-venda-de-ingressos-online-para-edicao-2024-da-festa\/","title":{"rendered":"FAICI inicia venda de ingressos online para edi\u00e7\u00e3o 2024 da festa"},"content":{"rendered":"<div class=\"imais-before-content-placement\" id=\"imais-1889277173\"><script async src=\"\/\/pagead2.googlesyndication.com\/pagead\/js\/adsbygoogle.js?client=ca-pub-8787528412751566\" crossorigin=\"anonymous\"><\/script><ins class=\"adsbygoogle\" style=\"display:block;\" data-ad-client=\"ca-pub-8787528412751566\" \ndata-ad-slot=\"\" \ndata-ad-format=\"auto\"><\/ins>\n<script> \n(adsbygoogle = window.adsbygoogle || []).push({}); \n<\/script>\n<\/div>\n<p>Com os shows de Simone Mendes, Ana Castela, Luan Santana e Jorge &amp; Mateus confirmados, a FAICI &#8211; Festa do Pe\u00e3o de Indaiatuba inicia a venda de ingressos para sua edi\u00e7\u00e3o 2024, que acontece entre os dias 2 a 10 de agosto. Para aproveitar os primeiros lotes de ingressos, basta acessar a p\u00e1gina da&nbsp;<a href=\"https:\/\/bio.link\/faici2024\">Fantickets<\/a>. Em breve, ser\u00e3o anunciados os primeiros pontos de venda f\u00edsicos.<\/p>\n\n\n\n<p>\u201cComo sempre, a dica \u00e9 adquirir seu ingresso o mais cedo poss\u00edvel, para garantir lugar nos shows da FAICI 2024 com o melhor pre\u00e7o\u201d, destaca Jos\u00e9 Marques Barbosa, presidente da festa. \u201cJ\u00e1 est\u00e3o dispon\u00edveis ingressos para os camarotes Infinity Prime e Super Premium, para a Pista e tamb\u00e9m o Passaporte FAICI, que pela primeira vez est\u00e1 \u00e0 venda pela internet\u201d.&nbsp;<\/p>\n\n\n\n<p>O Passaporte FAICI d\u00e1 acesso aos seis dias de evento no setor Pista por um pre\u00e7o muito especial. A FAICI 2024 j\u00e1 tem confirmados os shows de Simone Mendes no dia 03, Ana Castela no dia 04, Luan Santana no dia 08 e Jorge &amp; Mateus no dia 09. A compra pode ser parcelada em at\u00e9 dez vezes no cart\u00e3o de cr\u00e9dito e acontece exclusivamente pela internet em&nbsp;<a href=\"https:\/\/bio.link\/faici2024\">https:\/\/bio.link\/faici2024<\/a>&nbsp;ou ent\u00e3o pelo site&nbsp;<a href=\"http:\/\/www.faici.com\/\">www.faici.com<\/a>.<\/p>\n\n\n\n<p><strong>CAMAROTES<\/strong><\/p>\n\n\n\n<p>O Super Premium tem vis\u00e3o privilegiada do palco principal, atendimento diferenciado, banheiros e servi\u00e7o de bar exclusivos. O camarote garante acesso \u00e0 \u00c1rea VIP, espa\u00e7o localizado entre palco e arena, para ficar bem pertinho do seu artista preferido.<\/p>\n\n\n\n<p>O Infinity Prime \u00e9, simplesmente, a melhor experi\u00eancia da FAICI. Por aqui, o sistema \u00e9 all inclusive, com diversas op\u00e7\u00f5es gastron\u00f4micas \u00e0 vontade. Entre as bebidas, basta escolher entre \u00e1gua, suco, refrigerante, gim, cerveja ou chope.<\/p>\n\n\n\n<p>Ao comprar seu ingresso para o Infinity Prime, voc\u00ea garante sua camiseta, que \u00e9 de uso obrigat\u00f3rio. A pe\u00e7a pode ser retirada dias antes da FAICI (pode deixar que avisaremos quando, onde e como) ou ent\u00e3o customiz\u00e1-la na entrada do camarote, onde haver\u00e1 uma equipe especializada \u00e0 sua disposi\u00e7\u00e3o.<\/p>\n\n\n\n<p>O Infinity Prime oferece tamb\u00e9m um espa\u00e7o de beleza para que mulheres e homens possam dar aquele retoque final no look para curtir a FAICI 2024.<\/p>\n\n\n\n<p>Quem aproveita a FAICI no camarote mais desejado ainda tem acesso \u00e0 \u00c1rea VIP, para assistir aos shows de pertinho, nesta experi\u00eancia premium que \u00e9 obrigat\u00f3ria.<\/p>\n\n\n\n<p>Mas vale lembrar: \u00e9 proibida a entrada e perman\u00eancia de menores de 18 anos no Infinity Prime, mesmo que acompanhados dos pais e\/ou respons\u00e1veis.&nbsp;<\/p>\n\n\n\n<p><strong>SHOWS<\/strong><\/p>\n\n\n\n<p>02\/08 &#8211; EM BREVE<\/p>\n\n\n\n<p>03\/08 &#8211; Simone Mendes<\/p>\n\n\n\n<p>04\/08 &#8211; Ana Castela<\/p>\n\n\n\n<p>08\/08 &#8211; Luan Santana<\/p>\n\n\n\n<p>09\/08 &#8211; Jorge &amp; Mateus<\/p>\n\n\n\n<p>10\/08 &#8211; EM BREVE<\/p>\n\n\n\n<p><strong>Ingressos:&nbsp;<\/strong>clique&nbsp;<a href=\"https:\/\/bio.link\/faici2024\">AQUI<\/a><strong><\/strong><\/p>\n\n\n\n<p><strong>FAICI<\/strong><\/p>\n\n\n\n<p>Data: 02 a 10 de agosto<\/p>\n\n\n\n<p>Local:&nbsp;Avenida General Motors &#8211; SP-75 (ao lado da Toyota) \u2013 Indaiatuba\/SP \u2013<br>Informa\u00e7\u00f5es:&nbsp;<a href=\"tel:+5519996202320\">(19) 9 9620 2320<\/a>&nbsp;\/&nbsp;<a href=\"http:\/\/www.faici.com\/\">www.faici.com<\/a><\/p>\n\n\n\n<p>Site:&nbsp;<a href=\"http:\/\/www.faici.com\/\">www.faici.com<\/a>&nbsp;| Facebook: FaiciOficial | Instagram: FaiciOficial<\/p>\n","protected":false},"excerpt":{"rendered":"<p>Com os shows de Simone Mendes, Ana Castela, Luan Santana e Jorge &amp; Mateus confirmados, a FAICI &#8211; Festa do Pe\u00e3o de Indaiatuba inicia a venda de ingressos para sua edi\u00e7\u00e3o 2024, que acontece entre os dias 2 a 10 de agosto. Para aproveitar os primeiros lotes de ingressos, basta acessar a p\u00e1gina da&nbsp;Fantickets. Em [&hellip;]<\/p>\n","protected":false},"author":7,"featured_media":21582,"comment_status":"closed","ping_status":"open","sticky":false,"template":"","format":"standard","meta":{"rop_custom_images_group":[],"rop_custom_messages_group":[],"rop_publish_now":"initial","rop_publish_now_accounts":[],"rop_publish_now_history":[],"rop_publish_now_status":"pending","footnotes":""},"categories":[188],"tags":[],"class_list":["post-21581","post","type-post","status-publish","format-standard","has-post-thumbnail","hentry","category-indaiatuba"],"amp_enabled":true,"_links":{"self":[{"href":"https:\/\/imais.online\/portal\/wp-json\/wp\/v2\/posts\/21581","targetHints":{"allow":["GET"]}}],"collection":[{"href":"https:\/\/imais.online\/portal\/wp-json\/wp\/v2\/posts"}],"about":[{"href":"https:\/\/imais.online\/portal\/wp-json\/wp\/v2\/types\/post"}],"author":[{"embeddable":true,"href":"https:\/\/imais.online\/portal\/wp-json\/wp\/v2\/users\/7"}],"replies":[{"embeddable":true,"href":"https:\/\/imais.online\/portal\/wp-json\/wp\/v2\/comments?post=21581"}],"version-history":[{"count":1,"href":"https:\/\/imais.online\/portal\/wp-json\/wp\/v2\/posts\/21581\/revisions"}],"predecessor-version":[{"id":21583,"href":"https:\/\/imais.online\/portal\/wp-json\/wp\/v2\/posts\/21581\/revisions\/21583"}],"wp:featuredmedia":[{"embeddable":true,"href":"https:\/\/imais.online\/portal\/wp-json\/wp\/v2\/media\/21582"}],"wp:attachment":[{"href":"https:\/\/imais.online\/portal\/wp-json\/wp\/v2\/media?parent=21581"}],"wp:term":[{"taxonomy":"category","embeddable":true,"href":"https:\/\/imais.online\/portal\/wp-json\/wp\/v2\/categories?post=21581"},{"taxonomy":"post_tag","embeddable":true,"href":"https:\/\/imais.online\/portal\/wp-json\/wp\/v2\/tags?post=21581"}],"curies":[{"name":"wp","href":"https:\/\/api.w.org\/{rel}","templated":true}]}}