{"id":21584,"date":"2024-01-18T07:05:57","date_gmt":"2024-01-18T10:05:57","guid":{"rendered":"https:\/\/imais.online\/portal\/?p=21584"},"modified":"2024-01-18T07:05:58","modified_gmt":"2024-01-18T10:05:58","slug":"prefeitura-inicia-revitalizacao-do-parque-ecologico-entre-avenida-ario-barnabe-e-rua-80","status":"publish","type":"post","link":"https:\/\/imais.online\/portal\/prefeitura-inicia-revitalizacao-do-parque-ecologico-entre-avenida-ario-barnabe-e-rua-80\/","title":{"rendered":"Prefeitura inicia revitaliza\u00e7\u00e3o do Parque Ecol\u00f3gico entre avenida \u00c1rio Barnab\u00e9 e Rua 80"},"content":{"rendered":"<div class=\"imais-before-content-placement\" id=\"imais-3149365985\"><script async src=\"\/\/pagead2.googlesyndication.com\/pagead\/js\/adsbygoogle.js?client=ca-pub-8787528412751566\" crossorigin=\"anonymous\"><\/script><ins class=\"adsbygoogle\" style=\"display:block;\" data-ad-client=\"ca-pub-8787528412751566\" \ndata-ad-slot=\"\" \ndata-ad-format=\"auto\"><\/ins>\n<script> \n(adsbygoogle = window.adsbygoogle || []).push({}); \n<\/script>\n<\/div>\n<p class=\"has-text-align-center\"><em>Primeira etapa dos trabalhos ser\u00e1 a constru\u00e7\u00e3o do novo Parque Pet do Jardim Morada do Sol<\/em><\/p>\n\n\n\n<p>A Secretaria de Servi\u00e7os Urbanos e Meio Ambiente j\u00e1 iniciou a revitaliza\u00e7\u00e3o do Parque Ecol\u00f3gico, no trecho entre a avenida \u00c1rio Barnab\u00e9 e rua Ant\u00f4nio Angelino Rossi (Rua 80). Os trabalhos come\u00e7aram pela constru\u00e7\u00e3o do novo Parque Pet, que ser\u00e1 instalado na Pra\u00e7a do Lago, entre as avenidas Engenheiro F\u00e1bio Roberto Barnab\u00e9 &#8211; Marginal Esquerda e a avenida \u00c1rio Barnab\u00e9, e atender\u00e1 a regi\u00e3o do Jardim Morada do Sol. O espa\u00e7o ter\u00e1 os mesmos equipamentos instalados no Parque Pet do Jardim Esplanada I, com \u00e1rea de passeio para c\u00e3es e obst\u00e1culos para divers\u00e3o e treinamento dos c\u00e3es, al\u00e9m de infraestrutura de descanso para atender as fam\u00edlias. Esta primeira etapa da obra tem previs\u00e3o de conclus\u00e3o em dois meses.<\/p>\n\n\n\n<p>O Parque Pet do Jardim Morada do Sol oferecer\u00e1 tr\u00eas cercadinhos gramados para separar os c\u00e3es de pequeno, m\u00e9dio e grande porte. Um outro espa\u00e7o ser\u00e1 reservado para os obst\u00e1culos \u201cagility\u201d, que s\u00e3o equipamentos utilizados tanto para divers\u00e3o como para o adestramento de c\u00e3es.<\/p>\n\n\n\n<p>O local tamb\u00e9m ter\u00e1 um cantinho reservado para as fotos com os animais de estima\u00e7\u00e3o, um playground infantil, banheiros, pergolados com mesas e bancos para descanso e bebedouros, interligados com \u00e1reas de passeio e paisagismo.<\/p>\n\n\n\n<p><strong>Revitaliza\u00e7\u00e3o<\/strong><\/p>\n\n\n\n<p>Em uma segunda etapa de obra, a revitaliza\u00e7\u00e3o desse trecho do Parque Ecol\u00f3gico tamb\u00e9m incluir\u00e1 melhorias no sistema de drenagem de \u00e1guas pluviais para controlar o problema de eros\u00e3o nas margens do C\u00f3rrego do Barnab\u00e9, e a recomposi\u00e7\u00e3o do talude nos pontos prejudicados pela eros\u00e3o.<\/p>\n\n\n\n<p>Para a divers\u00e3o das fam\u00edlias que frequentam o Parque, o playground de areia instalado no trecho ser\u00e1 reformado e receber\u00e1 grama sint\u00e9tica. Todo o paisagismo ser\u00e1 renovado e ser\u00e1 implantado ilumina\u00e7\u00e3o em LED.<\/p>\n\n\n\n<p>A mobilidade tamb\u00e9m ser\u00e1 melhorada com a instala\u00e7\u00e3o de duas passarelas met\u00e1licas no C\u00f3rrego do Barnab\u00e9, nas laterais da avenida \u00c1rio Barnab\u00e9.&nbsp; Com as passarelas, os pedestres deixar\u00e3o de dividir uma faixa \u00fanica com os ciclistas.<\/p>\n","protected":false},"excerpt":{"rendered":"<p>Primeira etapa dos trabalhos ser\u00e1 a constru\u00e7\u00e3o do novo Parque Pet do Jardim Morada do Sol A Secretaria de Servi\u00e7os Urbanos e Meio Ambiente j\u00e1 iniciou a revitaliza\u00e7\u00e3o do Parque Ecol\u00f3gico, no trecho entre a avenida \u00c1rio Barnab\u00e9 e rua Ant\u00f4nio Angelino Rossi (Rua 80). Os trabalhos come\u00e7aram pela constru\u00e7\u00e3o do novo Parque Pet, que [&hellip;]<\/p>\n","protected":false},"author":7,"featured_media":21585,"comment_status":"closed","ping_status":"open","sticky":false,"template":"","format":"standard","meta":{"rop_custom_images_group":[],"rop_custom_messages_group":[],"rop_publish_now":"initial","rop_publish_now_accounts":[],"rop_publish_now_history":[],"rop_publish_now_status":"pending","footnotes":""},"categories":[188],"tags":[73],"class_list":["post-21584","post","type-post","status-publish","format-standard","has-post-thumbnail","hentry","category-indaiatuba","tag-featured"],"amp_enabled":true,"_links":{"self":[{"href":"https:\/\/imais.online\/portal\/wp-json\/wp\/v2\/posts\/21584","targetHints":{"allow":["GET"]}}],"collection":[{"href":"https:\/\/imais.online\/portal\/wp-json\/wp\/v2\/posts"}],"about":[{"href":"https:\/\/imais.online\/portal\/wp-json\/wp\/v2\/types\/post"}],"author":[{"embeddable":true,"href":"https:\/\/imais.online\/portal\/wp-json\/wp\/v2\/users\/7"}],"replies":[{"embeddable":true,"href":"https:\/\/imais.online\/portal\/wp-json\/wp\/v2\/comments?post=21584"}],"version-history":[{"count":1,"href":"https:\/\/imais.online\/portal\/wp-json\/wp\/v2\/posts\/21584\/revisions"}],"predecessor-version":[{"id":21586,"href":"https:\/\/imais.online\/portal\/wp-json\/wp\/v2\/posts\/21584\/revisions\/21586"}],"wp:featuredmedia":[{"embeddable":true,"href":"https:\/\/imais.online\/portal\/wp-json\/wp\/v2\/media\/21585"}],"wp:attachment":[{"href":"https:\/\/imais.online\/portal\/wp-json\/wp\/v2\/media?parent=21584"}],"wp:term":[{"taxonomy":"category","embeddable":true,"href":"https:\/\/imais.online\/portal\/wp-json\/wp\/v2\/categories?post=21584"},{"taxonomy":"post_tag","embeddable":true,"href":"https:\/\/imais.online\/portal\/wp-json\/wp\/v2\/tags?post=21584"}],"curies":[{"name":"wp","href":"https:\/\/api.w.org\/{rel}","templated":true}]}}