{"id":21593,"date":"2024-01-19T06:46:22","date_gmt":"2024-01-19T09:46:22","guid":{"rendered":"https:\/\/imais.online\/portal\/?p=21593"},"modified":"2024-01-19T06:46:23","modified_gmt":"2024-01-19T09:46:23","slug":"vacina-contra-covid-19-entra-no-calendario-nacional-de-vacinacao-da-crianca-em-2024","status":"publish","type":"post","link":"https:\/\/imais.online\/portal\/vacina-contra-covid-19-entra-no-calendario-nacional-de-vacinacao-da-crianca-em-2024\/","title":{"rendered":"Vacina contra Covid-19 entra no Calend\u00e1rio Nacional de Vacina\u00e7\u00e3o da crian\u00e7a em 2024"},"content":{"rendered":"<div class=\"imais-before-content-placement\" id=\"imais-2146141854\"><script async src=\"\/\/pagead2.googlesyndication.com\/pagead\/js\/adsbygoogle.js?client=ca-pub-8787528412751566\" crossorigin=\"anonymous\"><\/script><ins class=\"adsbygoogle\" style=\"display:block;\" data-ad-client=\"ca-pub-8787528412751566\" \ndata-ad-slot=\"\" \ndata-ad-format=\"auto\"><\/ins>\n<script> \n(adsbygoogle = window.adsbygoogle || []).push({}); \n<\/script>\n<\/div>\n<p><em>Novas estrat\u00e9gias de imuniza\u00e7\u00e3o do Minist\u00e9rio da Sa\u00fade est\u00e3o valendo desde 1\u00ba de janeiro<\/em><\/p>\n\n\n\n<p>A vacina contra a covid-19 passou a integrar o Calend\u00e1rio Nacional de Vacina\u00e7\u00e3o em 1\u00ba de janeiro de 2024. A decis\u00e3o foi oficializada pela Nota T\u00e9cnica n\u00ba 118\/2023 do Minist\u00e9rio da Sa\u00fade, que define as novas estrat\u00e9gias de combate \u00e0 doen\u00e7a. Com as mudan\u00e7as, crian\u00e7as de 6 meses a 4 anos, 11 meses e 29 dias dever\u00e3o receber o esquema vacinal com tr\u00eas doses. Os grupos priorit\u00e1rios tamb\u00e9m ter\u00e3o direito a receber o imunizante na Rede P\u00fablica de Sa\u00fade. As fam\u00edlias devem procurar a unidade de sa\u00fade mais pr\u00f3xima da resid\u00eancia.<\/p>\n\n\n\n<p>De acordo com as orienta\u00e7\u00f5es da nota t\u00e9cnica divulgada pelo Governo Federal, o esquema de imuniza\u00e7\u00e3o indicado para as crian\u00e7as \u00e9 dividido em tr\u00eas fases, sendo a primeira dose administrada aos 6 meses de idade; a segunda dose, aos 7 meses; e a terceira dose, aos 9 meses de idade. Caso n\u00e3o seja poss\u00edvel vacinar com esses intervalos, as crian\u00e7as dessa faixa et\u00e1ria poder\u00e3o receber as tr\u00eas doses da vacina a qualquer tempo, desde que seja respeitado o intervalo de quatro semanas entre a primeira e a segunda doses e oito semanas entre a segunda e a terceira doses.<\/p>\n\n\n\n<p>J\u00e1 os casos priorit\u00e1rios, foram divididos em dois grupos para a vacina\u00e7\u00e3o. O grupo composto por pessoas acima de cinco anos de idade, que pertencem aos grupos de alto risco e grupos priorit\u00e1rios, como gestantes, pu\u00e9rperas, imunocomprometidos e idosos, podem tomar a vacina contra a doen\u00e7a com a periodicidade de seis meses.<\/p>\n\n\n\n<p>Para o grupo formado por trabalhadores da sa\u00fade, ind\u00edgenas, ribeirinhos, quilombolas, pessoas vivendo em institui\u00e7\u00f5es de longa perman\u00eancia e os funcion\u00e1rios desses locais, pessoas com defici\u00eancia permanente, com comorbidades, privadas de liberdade ou em situa\u00e7\u00e3o de rua, o imunizante ser\u00e1 ofertado uma vez ao ano.<\/p>\n\n\n\n<p>O documento do Minist\u00e9rio da Sa\u00fade justifica que a covid-19 ainda \u00e9 um problema de sa\u00fade p\u00fablica e a vacina\u00e7\u00e3o contra a doen\u00e7a \u00e9 importante e necess\u00e1ria na redu\u00e7\u00e3o da mortalidade da doen\u00e7a, principalmente nos grupos mais vulner\u00e1veis.<\/p>\n","protected":false},"excerpt":{"rendered":"<p>Novas estrat\u00e9gias de imuniza\u00e7\u00e3o do Minist\u00e9rio da Sa\u00fade est\u00e3o valendo desde 1\u00ba de janeiro A vacina contra a covid-19 passou a integrar o Calend\u00e1rio Nacional de Vacina\u00e7\u00e3o em 1\u00ba de janeiro de 2024. A decis\u00e3o foi oficializada pela Nota T\u00e9cnica n\u00ba 118\/2023 do Minist\u00e9rio da Sa\u00fade, que define as novas estrat\u00e9gias de combate \u00e0 doen\u00e7a. [&hellip;]<\/p>\n","protected":false},"author":7,"featured_media":21594,"comment_status":"closed","ping_status":"open","sticky":false,"template":"","format":"standard","meta":{"rop_custom_images_group":[],"rop_custom_messages_group":[],"rop_publish_now":"initial","rop_publish_now_accounts":[],"rop_publish_now_history":[],"rop_publish_now_status":"pending","footnotes":""},"categories":[188],"tags":[73],"class_list":["post-21593","post","type-post","status-publish","format-standard","has-post-thumbnail","hentry","category-indaiatuba","tag-featured"],"amp_enabled":true,"_links":{"self":[{"href":"https:\/\/imais.online\/portal\/wp-json\/wp\/v2\/posts\/21593","targetHints":{"allow":["GET"]}}],"collection":[{"href":"https:\/\/imais.online\/portal\/wp-json\/wp\/v2\/posts"}],"about":[{"href":"https:\/\/imais.online\/portal\/wp-json\/wp\/v2\/types\/post"}],"author":[{"embeddable":true,"href":"https:\/\/imais.online\/portal\/wp-json\/wp\/v2\/users\/7"}],"replies":[{"embeddable":true,"href":"https:\/\/imais.online\/portal\/wp-json\/wp\/v2\/comments?post=21593"}],"version-history":[{"count":1,"href":"https:\/\/imais.online\/portal\/wp-json\/wp\/v2\/posts\/21593\/revisions"}],"predecessor-version":[{"id":21595,"href":"https:\/\/imais.online\/portal\/wp-json\/wp\/v2\/posts\/21593\/revisions\/21595"}],"wp:featuredmedia":[{"embeddable":true,"href":"https:\/\/imais.online\/portal\/wp-json\/wp\/v2\/media\/21594"}],"wp:attachment":[{"href":"https:\/\/imais.online\/portal\/wp-json\/wp\/v2\/media?parent=21593"}],"wp:term":[{"taxonomy":"category","embeddable":true,"href":"https:\/\/imais.online\/portal\/wp-json\/wp\/v2\/categories?post=21593"},{"taxonomy":"post_tag","embeddable":true,"href":"https:\/\/imais.online\/portal\/wp-json\/wp\/v2\/tags?post=21593"}],"curies":[{"name":"wp","href":"https:\/\/api.w.org\/{rel}","templated":true}]}}