{"id":21599,"date":"2024-01-19T09:59:53","date_gmt":"2024-01-19T12:59:53","guid":{"rendered":"https:\/\/imais.online\/portal\/?p=21599"},"modified":"2024-01-19T09:59:55","modified_gmt":"2024-01-19T12:59:55","slug":"frente-fria-causa-temporais-no-sudeste-a-partir-desta-sexta-veja-a-previsao-para-as-capitais","status":"publish","type":"post","link":"https:\/\/imais.online\/portal\/frente-fria-causa-temporais-no-sudeste-a-partir-desta-sexta-veja-a-previsao-para-as-capitais\/","title":{"rendered":"Frente fria causa temporais no Sudeste a partir desta sexta; veja a previs\u00e3o para as capitais"},"content":{"rendered":"<div class=\"imais-before-content-placement\" id=\"imais-2539490723\"><script async src=\"\/\/pagead2.googlesyndication.com\/pagead\/js\/adsbygoogle.js?client=ca-pub-8787528412751566\" crossorigin=\"anonymous\"><\/script><ins class=\"adsbygoogle\" style=\"display:block;\" data-ad-client=\"ca-pub-8787528412751566\" \ndata-ad-slot=\"\" \ndata-ad-format=\"auto\"><\/ins>\n<script> \n(adsbygoogle = window.adsbygoogle || []).push({}); \n<\/script>\n<\/div>\n<h2 class=\"wp-block-heading\">Temperaturas devem diminuir gradualmente ao longo do fim de semana, que tamb\u00e9m deve ser de grandes acumulados de chuva na regi\u00e3o.<\/h2>\n\n\n\n<p>Depois de uma semana com temperaturas elevadas, o&nbsp;<strong>tempo deve ficar inst\u00e1vel no Sudeste<\/strong>&nbsp;a partir desta sexta-feira (19). A forma\u00e7\u00e3o de uma&nbsp;<strong>frente fria<\/strong>&nbsp;e a entrada de ventos mais \u00famidos devem trazer&nbsp;<strong>temporais para a regi\u00e3o<\/strong>&nbsp;e provocar mudan\u00e7as no tempo durante o fim de semana.<\/p>\n\n\n\n<p>O Instituto Nacional de Meteorologia (<a class=\"\" href=\"https:\/\/g1.globo.com\/tudo-sobre\/inmet\/\">Inmet<\/a>) emitiu um alerta de&nbsp;<strong>perigo potencial<\/strong>&nbsp;para tempestades que abrange boa parte dos estados de&nbsp;<a class=\"\" href=\"https:\/\/g1.globo.com\/sp\/sao-paulo\/cidade\/sao-paulo\/\"><strong>S\u00e3o Paulo<\/strong><\/a>,&nbsp;<a class=\"\" href=\"https:\/\/g1.globo.com\/rj\/rio-de-janeiro\/cidade\/rio-de-janeiro\/\"><strong>Rio de Janeiro<\/strong><\/a><strong>&nbsp;<\/strong>e a&nbsp;<strong>regi\u00e3o sul de Minas Gerais<\/strong>. A previs\u00e3o \u00e9 de chuvas de at\u00e9 50 mil\u00edmetros, com chance de ventos intensos. O tempo deve continuar inst\u00e1vel, com possibilidade de chuva, ao longo de todo o fim de semana.<\/p>\n\n\n\n<p>A porta-voz do Climatempo, Maria Clara Sassaki, explica que, mesmo no ver\u00e3o, a forma\u00e7\u00e3o de frentes frias \u00e9 algo comum.<\/p>\n\n\n\n<blockquote class=\"wp-block-quote is-layout-flow wp-block-quote-is-layout-flow\">\n<p>&#8220;As frentes frias se formam o ano inteiro, com um intervalo de aproximadamente sete dias. Se nada acontece no caminho delas, elas avan\u00e7am para S\u00e3o Paulo&#8221;, explica a meteorologista.<\/p>\n<\/blockquote>\n\n\n\n<p>No caso do fen\u00f4meno desta semana, a frente fria que estava no Sul e&nbsp;<a class=\"\" href=\"https:\/\/g1.globo.com\/rs\/rio-grande-do-sul\/noticia\/2024\/01\/17\/com-ciclone-em-alto-mar-previsto-para-sexta-proximas-horas-devem-ter-mais-chuva-e-fortes-rajadas-de-vento-no-rs.ghtml\">causou temporais ao longo da semana<\/a>&nbsp;avan\u00e7a para o oceano, levando chuva para o Sudeste.<\/p>\n\n\n\n<figure class=\"wp-block-image\"><img decoding=\"async\" src=\"https:\/\/s2-g1.glbimg.com\/TEN2TEhfnEh8x2xFRJDZxYHKQuY=\/0x0:761x760\/984x0\/smart\/filters:strip_icc()\/i.s3.glbimg.com\/v1\/AUTH_59edd422c0c84a879bd37670ae4f538a\/internal_photos\/bs\/2024\/5\/j\/O4tFerSAW5r3AAyu91HQ\/alertas-inmet.png\" alt=\"Estados do Sul e do Sudeste est\u00e3o sob alerta para tempestades. Parte do Centro-Oeste e do Norte tamb\u00e9m pode registrar temporais nesta sexta (19). \u2014 Foto: INMET\"\/><\/figure>\n\n\n\n<p>Estados do Sul e do Sudeste est\u00e3o sob alerta para tempestades. Parte do Centro-Oeste e do Norte tamb\u00e9m pode registrar temporais nesta sexta (19). \u2014 Foto: INMET<\/p>\n\n\n\n<p>Os meteorologistas alertam que&nbsp;<strong>Santa Catarina<\/strong>&nbsp;ainda pode ter&nbsp;<strong>chuvas fortes&nbsp;<\/strong>nesta sexta. Os maiores acumulados devem ser registrados na capital,&nbsp;<a class=\"\" href=\"https:\/\/g1.globo.com\/sc\/santa-catarina\/cidade\/florianopolis\/\">Florian\u00f3polis<\/a>, e na faixa leste do estado.<\/p>\n\n\n\n<p>\ud83c\udf26\ufe0f Em&nbsp;<strong>S\u00e3o Paulo<\/strong>, h\u00e1 possibilidade de&nbsp;<strong>pancadas de chuva<\/strong>&nbsp;j\u00e1 no per\u00edodo da&nbsp;<strong>manh\u00e3 de sexta<\/strong>. Ao longo do dia, a chuva deve se intercalar com per\u00edodos de melhora e abertura de sol. A m\u00e1xima na capital paulista pode chegar aos 30\u202f\u00b0C, de acordo com o Climatempo.<\/p>\n\n\n\n<p>Na parte da tarde, as pancadas devem ficar mais intensas, com&nbsp;<strong>chance de temporais<\/strong>. A regi\u00e3o metropolitana de S\u00e3o Paulo deve ter&nbsp;<strong>ventos fortes de at\u00e9 90 km\/h<\/strong>.<\/p>\n\n\n\n<p>\ud83c\udf27\ufe0f No\u00a0<strong>Rio de Janeiro<\/strong>, as chuvas tamb\u00e9m se intensificam ao longo desta sexta. H\u00e1 previs\u00e3o de\u00a0<strong>temporais que podem acontecer durante todo o dia<\/strong>. As tempestades podem causar transtornos, como pontos de alagamentos e enchentes.<\/p>\n\n\n\n<h2 class=\"wp-block-heading\">Fim de semana de chuva e temperaturas amenas<\/h2>\n\n\n\n<p>Com a chegada da frente fria, o<strong>\u00a0fim de semana<\/strong>\u00a0deve ser de\u00a0<strong>temperaturas mais amenas e chuvas no Sudeste<\/strong>.<\/p>\n\n\n\n<p>De acordo com o Inmet, a regi\u00e3o leste do estado de S\u00e3o Paulo, as regi\u00f5es sul, Zona da Meta e centro de Minas Gerais e o estado do Rio de Janeiro devem ser as \u00e1reas mais atingidas pela instabilidade.<\/p>\n\n\n\n<p>O fim de semana deve ser de bastante nebulosidade em&nbsp;<strong>S\u00e3o Paulo<\/strong>. No s\u00e1bado, o leste do estado e as \u00e1reas litor\u00e2neas devem ser os locais com os maiores acumulados de chuva. O volume total nessas regi\u00f5es pode atingir os&nbsp;<strong>100 mil\u00edmetros de chuva<\/strong>.<\/p>\n\n\n\n<p>Na\u00a0<a class=\"\" href=\"https:\/\/g1.globo.com\/sp\/sao-paulo\/noticia\/2024\/01\/18\/cidade-de-sp-ja-tem-o-inicio-de-janeiro-mais-quente-dos-ultimos-cinco-anos-diz-inmet-previsao-e-de-chuva-forte-no-fim-da-semana.ghtml\">capital paulista<\/a>, a m\u00e1xima chega a 28\u00b0C no s\u00e1bado (20) e a 25\u00b0C no domingo (21).<\/p>\n\n\n\n<p>J\u00e1 no domingo, os maiores volumes de chuva devem ser registrados entre o&nbsp;<strong>litoral norte paulista e as \u00e1reas do sul, leste e serra do Rio de Janeiro, al\u00e9m da Zona da Mata mineira<\/strong>. S\u00e3o esperados at\u00e9&nbsp;<strong>90 mil\u00edmetros de chuva<\/strong>&nbsp;em alguns pontos.<\/p>\n\n\n\n<p>Na regi\u00e3o serrana do Rio de Janeiro, os temporais devem ser persistentes e volumosos. As temperaturas devem cair gradativamente ao longo do fim de semana.<\/p>\n\n\n\n<p>No&nbsp;<strong>Sul<\/strong>, com o avan\u00e7o da frente fria para o oceano, as chuvas perdem for\u00e7a. Os maiores acumulados de chuva devem ser registrados at\u00e9 esta sexta.<\/p>\n\n\n\n<p>As m\u00e1ximas devem atingir 26\u00b0C em&nbsp;<a class=\"\" href=\"https:\/\/g1.globo.com\/rs\/rio-grande-do-sul\/cidade\/porto-alegre\/\">Porto Alegre<\/a>&nbsp;e 28\u00b0C em Florian\u00f3polis ao longo do fim de semana.<\/p>\n\n\n\n<p>Nas regi\u00f5es&nbsp;<strong>Centro-Oeste<\/strong>,&nbsp;<strong>Norte<\/strong>&nbsp;e&nbsp;<strong>Nordeste<\/strong>, o tempo segue abafado, com possibilidade de pancadas de intensidade moderada a forte a qualquer hora do dia.<\/p>\n\n\n\n<p><strong>Veja as temperaturas previstas para as capitais nesta sexta e nos pr\u00f3ximos dias, segundo o Inmet:<\/strong><\/p>\n\n\n\n<h2 class=\"wp-block-heading\">Sul<\/h2>\n\n\n\n<p>Porto Alegre<\/p>\n\n\n\n<ul class=\"wp-block-list\">\n<li><strong>Sexta (19):&nbsp;<\/strong>m\u00edn. 22\u00b0C\/m\u00e1x. 32\u00b0C<\/li>\n\n\n\n<li><strong>S\u00e1bado (20):<\/strong>&nbsp;m\u00edn. 22\u00b0C\/m\u00e1x. 26\u00b0C<\/li>\n\n\n\n<li><strong>Domingo (21):<\/strong>&nbsp;m\u00edn. 20\u00b0C\/m\u00e1x. 28\u00b0C<\/li>\n<\/ul>\n\n\n\n<p>Florian\u00f3polis<\/p>\n\n\n\n<ul class=\"wp-block-list\">\n<li><strong>Sexta (19):&nbsp;<\/strong>m\u00edn. 22\u00b0C\/m\u00e1x. 32\u00b0C<\/li>\n\n\n\n<li><strong>S\u00e1bado (20):<\/strong>&nbsp;m\u00edn. 23\u00b0C\/m\u00e1x. 28\u00b0C<\/li>\n\n\n\n<li><strong>Domingo (21):<\/strong>&nbsp;m\u00edn. 22\u00b0C\/m\u00e1x. 26\u00b0C<\/li>\n<\/ul>\n\n\n\n<p><a class=\"\" href=\"https:\/\/g1.globo.com\/pr\/parana\/cidade\/curitiba\/\">Curitiba<\/a><\/p>\n\n\n\n<ul class=\"wp-block-list\">\n<li><strong>Sexta (19):&nbsp;<\/strong>20\u00b0C\/m\u00e1x. 27\u00b0C<\/li>\n\n\n\n<li><strong>S\u00e1bado (20):<\/strong>&nbsp;20\u00b0C\/m\u00e1x. 26\u00b0C<\/li>\n\n\n\n<li><strong>Domingo (21):&nbsp;<\/strong>18\u00b0C\/m\u00e1x. 23\u00b0C<\/li>\n<\/ul>\n\n\n\n<h2 class=\"wp-block-heading\">Sudeste<\/h2>\n\n\n\n<p><a class=\"\" href=\"https:\/\/g1.globo.com\/mg\/minas-gerais\/cidade\/belo-horizonte\/\">Belo Horizonte<\/a><\/p>\n\n\n\n<ul class=\"wp-block-list\">\n<li><strong>Sexta (19):<\/strong>&nbsp;m\u00edn. 20\u00b0C\/m\u00e1x. 33\u00b0C<\/li>\n\n\n\n<li><strong>S\u00e1bado (20):&nbsp;<\/strong>m\u00edn. 23\u00b0C\/m\u00e1x. 30\u00b0C<\/li>\n\n\n\n<li><strong>Domingo (21):<\/strong>&nbsp;m\u00edn. 23\u00b0C\/m\u00e1x. 28\u00b0C<\/li>\n<\/ul>\n\n\n\n<p>Rio de Janeiro<\/p>\n\n\n\n<ul class=\"wp-block-list\">\n<li><strong>Sexta (19):<\/strong>&nbsp;m\u00edn. 24\u00b0C\/m\u00e1x. 39\u00b0C<\/li>\n\n\n\n<li><strong>S\u00e1bado (20):&nbsp;<\/strong>m\u00edn. 23\u00b0C\/m\u00e1x. 37\u00b0C<\/li>\n\n\n\n<li><strong>Domingo (21):&nbsp;<\/strong>m\u00edn. 23\u00b0C\/m\u00e1x. 30\u00b0C<\/li>\n<\/ul>\n\n\n\n<p>S\u00e3o Paulo<\/p>\n\n\n\n<ul class=\"wp-block-list\">\n<li><strong>Sexta (19):<\/strong>&nbsp;m\u00edn. 24\u00b0C\/m\u00e1x. 30\u00b0C<\/li>\n\n\n\n<li><strong>S\u00e1bado (20):&nbsp;<\/strong>m\u00edn. 22\u00b0 C\/m\u00e1x. 28\u00b0C<\/li>\n\n\n\n<li><strong>Domingo (21):&nbsp;<\/strong>m\u00edn. 19\u00b0C\/m\u00e1x. 25\u00b0C<\/li>\n<\/ul>\n\n\n\n<p><a class=\"\" href=\"https:\/\/g1.globo.com\/es\/espirito-santo\/cidade\/vitoria\/\">Vit\u00f3ria<\/a><\/p>\n\n\n\n<ul class=\"wp-block-list\">\n<li><strong>Sexta (19):&nbsp;<\/strong>m\u00edn. 24\u00b0C\/m\u00e1x. 35\u00b0C<\/li>\n\n\n\n<li><strong>S\u00e1bado (20):&nbsp;<\/strong>m\u00edn. 24\u00b0C\/m\u00e1x. 37\u00b0C<\/li>\n\n\n\n<li><strong>Domingo (21):&nbsp;<\/strong>m\u00edn. 24\u00b0C\/m\u00e1x. 35\u00b0C<\/li>\n<\/ul>\n\n\n\n<h2 class=\"wp-block-heading\">Centro-Oeste<\/h2>\n\n\n\n<p><a class=\"\" href=\"https:\/\/g1.globo.com\/df\/distrito-federal\/cidade\/brasilia\/\">Bras\u00edlia<\/a><\/p>\n\n\n\n<ul class=\"wp-block-list\">\n<li><strong>Sexta (19):<\/strong>&nbsp;m\u00edn. 19\u00b0C\/m\u00e1x. 32\u00b0C<\/li>\n\n\n\n<li><strong>S\u00e1bado (20):&nbsp;<\/strong>m\u00edn. 20\u00b0C\/m\u00e1x. 32\u00b0C<\/li>\n\n\n\n<li><strong>Domingo (21):&nbsp;<\/strong>m\u00edn. 20\u00b0C\/m\u00e1x. 30\u00b0C<\/li>\n<\/ul>\n\n\n\n<p><a class=\"\" href=\"https:\/\/g1.globo.com\/ms\/mato-grosso-do-sul\/cidade\/campo-grande\/\">Campo Grande<\/a><\/p>\n\n\n\n<ul class=\"wp-block-list\">\n<li><strong>Sexta (19):&nbsp;<\/strong>m\u00edn. 25\u00b0C\/m\u00e1x. 34\u00b0C<\/li>\n\n\n\n<li><strong>S\u00e1bado (20):<\/strong>&nbsp;m\u00edn. 25\u00b0C\/m\u00e1x. 34\u00b0C<\/li>\n\n\n\n<li><strong>Domingo (21):<\/strong>&nbsp;m\u00edn. 23\u00b0C\/m\u00e1x. 32\u00b0C<\/li>\n<\/ul>\n\n\n\n<p><a class=\"\" href=\"https:\/\/g1.globo.com\/mt\/mato-grosso\/cidade\/cuiaba\/\">Cuiab\u00e1<\/a><\/p>\n\n\n\n<ul class=\"wp-block-list\">\n<li><strong>Sexta (19):&nbsp;<\/strong>m\u00edn. 26\u00b0C\/m\u00e1x. 37\u00b0C<\/li>\n\n\n\n<li><strong>S\u00e1bado (20):<\/strong>&nbsp;m\u00edn. 26\u00b0C\/m\u00e1x. 36\u00b0C<\/li>\n\n\n\n<li><strong>Domingo (21):<\/strong>&nbsp;m\u00edn. 26\u00b0C\/m\u00e1x. 35\u00b0C<\/li>\n<\/ul>\n\n\n\n<p><a class=\"\" href=\"https:\/\/g1.globo.com\/go\/goias\/cidade\/goiania\/\">Goi\u00e2nia<\/a><\/p>\n\n\n\n<ul class=\"wp-block-list\">\n<li><strong>Sexta (19):&nbsp;<\/strong>m\u00edn. 21\u00b0C\/m\u00e1x. 34\u00b0C<\/li>\n\n\n\n<li><strong>S\u00e1bado (20):&nbsp;<\/strong>m\u00edn. 22\u00b0C\/m\u00e1x. 33\u00b0C<\/li>\n\n\n\n<li><strong>Domingo (21):<\/strong>&nbsp;m\u00edn. 21\u00b0C\/m\u00e1x. 32\u00b0C<\/li>\n<\/ul>\n\n\n\n<h2 class=\"wp-block-heading\">Nordeste<\/h2>\n\n\n\n<figure class=\"wp-block-embed\"><div class=\"wp-block-embed__wrapper\">\nhttps:\/\/7aad114ad74bc2e285e5ed755e7687a4.safeframe.googlesyndication.com\/safeframe\/1-0-40\/html\/container.html\n<\/div><\/figure>\n\n\n\n<p><a class=\"\" href=\"https:\/\/g1.globo.com\/se\/sergipe\/cidade\/aracaju\/\">Aracaju<\/a><\/p>\n\n\n\n<ul class=\"wp-block-list\">\n<li><strong>Sexta (19):<\/strong>&nbsp;m\u00edn. 25\u00b0C\/m\u00e1x. 31\u00b0C<\/li>\n\n\n\n<li><strong>S\u00e1bado (20):<\/strong>&nbsp;m\u00edn. 24\u00b0C\/m\u00e1x. 32\u00b0C<\/li>\n\n\n\n<li><strong>Domingo (21):<\/strong>&nbsp;m\u00edn. 24\u00b0C\/m\u00e1x. 32\u00b0C<\/li>\n<\/ul>\n\n\n\n<p><a class=\"\" href=\"https:\/\/g1.globo.com\/ce\/ceara\/cidade\/fortaleza\/\">Fortaleza<\/a><\/p>\n\n\n\n<ul class=\"wp-block-list\">\n<li><strong>Sexta (19):&nbsp;<\/strong>m\u00edn. 26\u00b0C\/m\u00e1x. 32\u00b0C<\/li>\n\n\n\n<li><strong>S\u00e1bado (20):&nbsp;<\/strong>m\u00edn. 27\u00b0C\/m\u00e1x. 32\u00b0C<\/li>\n\n\n\n<li><strong>Domingo (21):<\/strong>&nbsp;m\u00edn. 26\u00b0C\/m\u00e1x. 31\u00b0C<\/li>\n<\/ul>\n\n\n\n<p>Jo\u00e3o Pessoa<\/p>\n\n\n\n<ul class=\"wp-block-list\">\n<li><strong>Sexta (19):<\/strong>&nbsp;m\u00edn. 26\u00b0C\/m\u00e1x. 32\u00b0C<\/li>\n\n\n\n<li><strong>S\u00e1bado (20):<\/strong>&nbsp;m\u00edn. 26\u00b0C\/m\u00e1x. 31\u00b0C<\/li>\n\n\n\n<li><strong>Domingo (21):&nbsp;<\/strong>m\u00edn. 25\u00b0C\/m\u00e1x. 31\u00b0C<\/li>\n<\/ul>\n\n\n\n<p><a class=\"\" href=\"https:\/\/g1.globo.com\/al\/alagoas\/cidade\/maceio\/\">Macei\u00f3<\/a><\/p>\n\n\n\n<ul class=\"wp-block-list\">\n<li><strong>Sexta (19):<\/strong>&nbsp;m\u00edn. 24\u00b0C\/m\u00e1x. 31\u00b0C<\/li>\n\n\n\n<li><strong>S\u00e1bado (20):<\/strong>&nbsp;m\u00edn. 24\u00b0C\/m\u00e1x. 31\u00b0C<\/li>\n\n\n\n<li><strong>Domingo (21):<\/strong>&nbsp;m\u00edn. 24\u00b0C\/m\u00e1x. 31\u00b0C<\/li>\n<\/ul>\n\n\n\n<p><a class=\"\" href=\"https:\/\/g1.globo.com\/rn\/rio-grande-do-norte\/cidade\/natal\/\">Natal<\/a><\/p>\n\n\n\n<ul class=\"wp-block-list\">\n<li><strong>Sexta (19):&nbsp;<\/strong>m\u00edn. 27\u00b0C\/m\u00e1x. 31\u00b0C<\/li>\n\n\n\n<li><strong>S\u00e1bado (20):<\/strong>&nbsp;m\u00edn. 27\u00b0C\/m\u00e1x. 31\u00b0C<\/li>\n\n\n\n<li><strong>Domingo (21):<\/strong>&nbsp;m\u00edn. 26\u00b0C\/m\u00e1x. 31\u00b0C<\/li>\n<\/ul>\n\n\n\n<p><a class=\"\" href=\"https:\/\/g1.globo.com\/pe\/pernambuco\/cidade\/recife\/\">Recife<\/a><\/p>\n\n\n\n<ul class=\"wp-block-list\">\n<li><strong>Sexta (19):&nbsp;<\/strong>m\u00edn. 25\u00b0C\/m\u00e1x. 31\u00b0C<\/li>\n\n\n\n<li><strong>S\u00e1bado (20):<\/strong>&nbsp;m\u00edn. 25\u00b0C\/m\u00e1x. 31\u00b0C<\/li>\n\n\n\n<li><strong>Domingo (21):<\/strong>&nbsp;m\u00edn. 25\u00b0C\/m\u00e1x. 31\u00b0C<\/li>\n<\/ul>\n\n\n\n<p><a class=\"\" href=\"https:\/\/g1.globo.com\/ba\/bahia\/cidade\/salvador\/\">Salvador<\/a><\/p>\n\n\n\n<ul class=\"wp-block-list\">\n<li><strong>Sexta (19):<\/strong>&nbsp;m\u00edn. 24\u00b0C\/m\u00e1x. 33\u00b0C<\/li>\n\n\n\n<li><strong>S\u00e1bado (20):<\/strong>&nbsp;m\u00edn. 24\u00b0C\/m\u00e1x. 33\u00b0C<\/li>\n\n\n\n<li><strong>Domingo (21):<\/strong>&nbsp;m\u00edn. 24\u00b0C\/m\u00e1x. 34\u00b0C<\/li>\n<\/ul>\n\n\n\n<p><a class=\"\" href=\"https:\/\/g1.globo.com\/ma\/maranhao\/cidade\/sao-luis\/\">S\u00e3o Lu\u00eds<\/a><\/p>\n\n\n\n<ul class=\"wp-block-list\">\n<li><strong>Sexta (19):<\/strong>&nbsp;m\u00edn. 25\u00b0C\/m\u00e1x. 31\u00b0C<\/li>\n\n\n\n<li><strong>S\u00e1bado (20):&nbsp;<\/strong>m\u00edn. 25\u00b0C\/m\u00e1x. 32\u00b0C<\/li>\n\n\n\n<li><strong>Domingo (21):&nbsp;<\/strong>m\u00edn. 25\u00b0C\/m\u00e1x. 32\u00b0C<\/li>\n<\/ul>\n\n\n\n<p><a class=\"\" href=\"https:\/\/g1.globo.com\/pi\/piaui\/cidade\/teresina\/\">Teresina<\/a><\/p>\n\n\n\n<ul class=\"wp-block-list\">\n<li><strong>Sexta (19):<\/strong>&nbsp;m\u00edn. 23\u00b0C\/m\u00e1x. 35\u00b0C<\/li>\n\n\n\n<li><strong>S\u00e1bado (20):&nbsp;<\/strong>m\u00edn. 23\u00b0C\/m\u00e1x. 34\u00b0C<\/li>\n\n\n\n<li><strong>Domingo (21):&nbsp;<\/strong>m\u00edn. 23\u00b0C\/m\u00e1x. 32\u00b0C<\/li>\n<\/ul>\n\n\n\n<h2 class=\"wp-block-heading\">Norte<\/h2>\n\n\n\n<p><a class=\"\" href=\"https:\/\/g1.globo.com\/pa\/para\/cidade\/belem\/\">Bel\u00e9m<\/a><\/p>\n\n\n\n<ul class=\"wp-block-list\">\n<li><strong>Sexta (19):<\/strong>&nbsp;m\u00edn. 24\u00b0C\/m\u00e1x. 34\u00b0C<\/li>\n\n\n\n<li><strong>S\u00e1bado (20):&nbsp;<\/strong>m\u00edn. 23\u00b0C\/m\u00e1x. 34\u00b0C<\/li>\n\n\n\n<li><strong>Domingo (21):<\/strong>&nbsp;m\u00edn. 23\u00b0C\/m\u00e1x. 33\u00b0C<\/li>\n<\/ul>\n\n\n\n<p><a class=\"\" href=\"https:\/\/g1.globo.com\/rr\/roraima\/cidade\/boa-vista\/\">Boa Vista<\/a><\/p>\n\n\n\n<ul class=\"wp-block-list\">\n<li><strong>Sexta (19):<\/strong>&nbsp;m\u00edn. 24\u00b0C\/m\u00e1x. 38\u00b0C<\/li>\n\n\n\n<li><strong>S\u00e1bado (20):<\/strong>&nbsp;m\u00edn. 25\u00b0C\/m\u00e1x. 38\u00b0C<\/li>\n\n\n\n<li><strong>Domingo (21):<\/strong>&nbsp;m\u00edn. 25\u00b0C\/m\u00e1x. 38\u00b0C<\/li>\n<\/ul>\n\n\n\n<p><a class=\"\" href=\"https:\/\/g1.globo.com\/ap\/amapa\/cidade\/macapa\/\">Macap\u00e1<\/a><\/p>\n\n\n\n<ul class=\"wp-block-list\">\n<li><strong>Sexta (19):&nbsp;<\/strong>m\u00edn. 24\u00b0C\/m\u00e1x. 32\u00b0C<\/li>\n\n\n\n<li><strong>S\u00e1bado (20):&nbsp;<\/strong>m\u00edn. 24\u00b0C\/m\u00e1x. 32\u00b0C<\/li>\n\n\n\n<li><strong>Domingo (21):&nbsp;<\/strong>m\u00edn. 24\u00b0C\/m\u00e1x. 32\u00b0C<\/li>\n<\/ul>\n\n\n\n<p><a class=\"\" href=\"https:\/\/g1.globo.com\/am\/amazonas\/cidade\/manaus\/\">Manaus<\/a><\/p>\n\n\n\n<ul class=\"wp-block-list\">\n<li><strong>Sexta (19):&nbsp;<\/strong>m\u00edn. 25\u00b0C\/m\u00e1x. 33\u00b0C<\/li>\n\n\n\n<li><strong>S\u00e1bado (20):<\/strong>&nbsp;m\u00edn. 25\u00b0C\/m\u00e1x. 32\u00b0C<\/li>\n\n\n\n<li><strong>Domingo (21):&nbsp;<\/strong>m\u00edn. 26\u00b0C\/m\u00e1x. 33\u00b0C<\/li>\n<\/ul>\n\n\n\n<figure class=\"wp-block-embed\"><div class=\"wp-block-embed__wrapper\">\nhttps:\/\/7aad114ad74bc2e285e5ed755e7687a4.safeframe.googlesyndication.com\/safeframe\/1-0-40\/html\/container.html\n<\/div><\/figure>\n\n\n\n<p><a class=\"\" href=\"https:\/\/g1.globo.com\/pr\/oeste-sudoeste\/cidade\/palmas-pr\/\">Palmas<\/a><\/p>\n\n\n\n<ul class=\"wp-block-list\">\n<li><strong>Sexta (19):&nbsp;<\/strong>m\u00edn. 22\u00b0C\/m\u00e1x. 31\u00b0C<\/li>\n\n\n\n<li><strong>S\u00e1bado (20):&nbsp;<\/strong>m\u00edn. 24\u00b0C\/m\u00e1x. 30\u00b0C<\/li>\n\n\n\n<li><strong>Domingo (21):&nbsp;<\/strong>m\u00edn. 23\u00b0C\/m\u00e1x. 30\u00b0C<\/li>\n<\/ul>\n\n\n\n<p><a class=\"\" href=\"https:\/\/g1.globo.com\/ro\/rondonia\/cidade\/porto-velho\/\">Porto Velho<\/a><\/p>\n\n\n\n<ul class=\"wp-block-list\">\n<li><strong>Sexta (19):&nbsp;<\/strong>m\u00edn. 24\u00b0C\/m\u00e1x. 31\u00b0C<\/li>\n\n\n\n<li><strong>S\u00e1bado (20):&nbsp;<\/strong>m\u00edn. 24\u00b0C\/m\u00e1x. 31\u00b0C<\/li>\n\n\n\n<li><strong>Domingo (21):<\/strong>&nbsp;m\u00edn. 24\u00b0C\/m\u00e1x. 32\u00b0C<\/li>\n<\/ul>\n\n\n\n<p><a class=\"\" href=\"https:\/\/g1.globo.com\/ac\/acre\/cidade\/rio-branco\/\">Rio Branco<\/a><\/p>\n\n\n\n<ul class=\"wp-block-list\">\n<li><strong>Sexta (19):<\/strong>&nbsp;m\u00edn. 24\u00b0C\/m\u00e1x. 32\u00b0C<\/li>\n\n\n\n<li><strong>S\u00e1bado (20):<\/strong>&nbsp;m\u00edn. 24\u00b0C\/m\u00e1x. 32\u00b0C<\/li>\n\n\n\n<li><strong>Domingo (21):&nbsp;<\/strong>m\u00edn. 25\u00b0C\/m\u00e1x. 33\u00b0C<\/li>\n<\/ul>\n\n\n\n<p>Fonte G1<\/p>\n\n\n\n<p><a href=\"https:\/\/g1.globo.com\/meio-ambiente\/noticia\/2024\/01\/01\/sob-influencia-do-el-nino-janeiro-deve-ter-chuva-e-temperatura-acima-da-media-veja-previsao-para-todas-as-regioes.ghtml\"><\/a><\/p>\n\n\n\n<p><\/p>\n","protected":false},"excerpt":{"rendered":"<p>Temperaturas devem diminuir gradualmente ao longo do fim de semana, que tamb\u00e9m deve ser de grandes acumulados de chuva na regi\u00e3o. Depois de uma semana com temperaturas elevadas, o&nbsp;tempo deve ficar inst\u00e1vel no Sudeste&nbsp;a partir desta sexta-feira (19). A forma\u00e7\u00e3o de uma&nbsp;frente fria&nbsp;e a entrada de ventos mais \u00famidos devem trazer&nbsp;temporais para a regi\u00e3o&nbsp;e provocar [&hellip;]<\/p>\n","protected":false},"author":8,"featured_media":21600,"comment_status":"closed","ping_status":"open","sticky":false,"template":"","format":"standard","meta":{"rop_custom_images_group":[],"rop_custom_messages_group":[],"rop_publish_now":"initial","rop_publish_now_accounts":[],"rop_publish_now_history":[],"rop_publish_now_status":"pending","footnotes":""},"categories":[189],"tags":[73],"class_list":["post-21599","post","type-post","status-publish","format-standard","has-post-thumbnail","hentry","category-brasil","tag-featured"],"amp_enabled":true,"_links":{"self":[{"href":"https:\/\/imais.online\/portal\/wp-json\/wp\/v2\/posts\/21599","targetHints":{"allow":["GET"]}}],"collection":[{"href":"https:\/\/imais.online\/portal\/wp-json\/wp\/v2\/posts"}],"about":[{"href":"https:\/\/imais.online\/portal\/wp-json\/wp\/v2\/types\/post"}],"author":[{"embeddable":true,"href":"https:\/\/imais.online\/portal\/wp-json\/wp\/v2\/users\/8"}],"replies":[{"embeddable":true,"href":"https:\/\/imais.online\/portal\/wp-json\/wp\/v2\/comments?post=21599"}],"version-history":[{"count":1,"href":"https:\/\/imais.online\/portal\/wp-json\/wp\/v2\/posts\/21599\/revisions"}],"predecessor-version":[{"id":21601,"href":"https:\/\/imais.online\/portal\/wp-json\/wp\/v2\/posts\/21599\/revisions\/21601"}],"wp:featuredmedia":[{"embeddable":true,"href":"https:\/\/imais.online\/portal\/wp-json\/wp\/v2\/media\/21600"}],"wp:attachment":[{"href":"https:\/\/imais.online\/portal\/wp-json\/wp\/v2\/media?parent=21599"}],"wp:term":[{"taxonomy":"category","embeddable":true,"href":"https:\/\/imais.online\/portal\/wp-json\/wp\/v2\/categories?post=21599"},{"taxonomy":"post_tag","embeddable":true,"href":"https:\/\/imais.online\/portal\/wp-json\/wp\/v2\/tags?post=21599"}],"curies":[{"name":"wp","href":"https:\/\/api.w.org\/{rel}","templated":true}]}}