{"id":21619,"date":"2024-01-22T09:44:00","date_gmt":"2024-01-22T12:44:00","guid":{"rendered":"https:\/\/imais.online\/portal\/?p=21619"},"modified":"2024-01-22T09:44:01","modified_gmt":"2024-01-22T12:44:01","slug":"donald-trump-aumenta-favoritismo-nos-estados-unidos","status":"publish","type":"post","link":"https:\/\/imais.online\/portal\/donald-trump-aumenta-favoritismo-nos-estados-unidos\/","title":{"rendered":"Donald Trump aumenta favoritismo nos Estados Unidos"},"content":{"rendered":"<div class=\"imais-before-content-placement\" id=\"imais-2196375459\"><script async src=\"\/\/pagead2.googlesyndication.com\/pagead\/js\/adsbygoogle.js?client=ca-pub-8787528412751566\" crossorigin=\"anonymous\"><\/script><ins class=\"adsbygoogle\" style=\"display:block;\" data-ad-client=\"ca-pub-8787528412751566\" \ndata-ad-slot=\"\" \ndata-ad-format=\"auto\"><\/ins>\n<script> \n(adsbygoogle = window.adsbygoogle || []).push({}); \n<\/script>\n<\/div>\n<h2 class=\"wp-block-heading\">Com a desist\u00eancia de Ron DeSantis da indica\u00e7\u00e3o do partido Republicano, ex-presidente fica mais perto de ser o candidato<\/h2>\n\n\n\n<p>A&nbsp;<a href=\"https:\/\/www.correiodopovo.com.br\/not%C3%ADcias\/mundo\/desantis-abandona-campanha-presidencial-dos-eua-e-apoia-trump-1.1460368\"><strong>decis\u00e3o de Ron DeSantis&nbsp;<\/strong><\/a>de desistir de disputar a indica\u00e7\u00e3o presidencial republicana e declarar apoio ao ex-presidente americano \u00e9 mais uma not\u00edcia favor\u00e1vel a Donald Trump nos Estados Unidos. DeSantis foi o segundo colocado na primeira conven\u00e7\u00e3o republicana no estado de Iowa.<\/p>\n\n\n\n<p>Com isso, o caminho de Trump fica ainda mais claro para a disputa interna entre os republicanos. As conven\u00e7\u00f5es do partido se encerram em agosto, quando \u00e9 realizada a conven\u00e7\u00e3o nacional republicana e oficializado o nome do candidato do partido.<\/p>\n\n\n\n<p>Tudo indica que Trump vai disputar as elei\u00e7\u00f5es presidenciais contra o atual presidente, o democrata, Joe Biden, em 5 de novembro.<\/p>\n\n\n\n<p>Contra Biden, Trump tamb\u00e9m \u00e9 apontado, pelas pesquisas, como favorito neste momento, mesmo enfrentando uma s\u00e9rie de processos judiciais.<\/p>\n\n\n\n<p>Fonte R7<\/p>\n","protected":false},"excerpt":{"rendered":"<p>Com a desist\u00eancia de Ron DeSantis da indica\u00e7\u00e3o do partido Republicano, ex-presidente fica mais perto de ser o candidato A&nbsp;decis\u00e3o de Ron DeSantis&nbsp;de desistir de disputar a indica\u00e7\u00e3o presidencial republicana e declarar apoio ao ex-presidente americano \u00e9 mais uma not\u00edcia favor\u00e1vel a Donald Trump nos Estados Unidos. DeSantis foi o segundo colocado na primeira conven\u00e7\u00e3o [&hellip;]<\/p>\n","protected":false},"author":8,"featured_media":21620,"comment_status":"closed","ping_status":"open","sticky":false,"template":"","format":"standard","meta":{"rop_custom_images_group":[],"rop_custom_messages_group":[],"rop_publish_now":"initial","rop_publish_now_accounts":[],"rop_publish_now_history":[],"rop_publish_now_status":"pending","footnotes":""},"categories":[212],"tags":[],"class_list":["post-21619","post","type-post","status-publish","format-standard","has-post-thumbnail","hentry","category-internacional"],"amp_enabled":true,"_links":{"self":[{"href":"https:\/\/imais.online\/portal\/wp-json\/wp\/v2\/posts\/21619","targetHints":{"allow":["GET"]}}],"collection":[{"href":"https:\/\/imais.online\/portal\/wp-json\/wp\/v2\/posts"}],"about":[{"href":"https:\/\/imais.online\/portal\/wp-json\/wp\/v2\/types\/post"}],"author":[{"embeddable":true,"href":"https:\/\/imais.online\/portal\/wp-json\/wp\/v2\/users\/8"}],"replies":[{"embeddable":true,"href":"https:\/\/imais.online\/portal\/wp-json\/wp\/v2\/comments?post=21619"}],"version-history":[{"count":1,"href":"https:\/\/imais.online\/portal\/wp-json\/wp\/v2\/posts\/21619\/revisions"}],"predecessor-version":[{"id":21621,"href":"https:\/\/imais.online\/portal\/wp-json\/wp\/v2\/posts\/21619\/revisions\/21621"}],"wp:featuredmedia":[{"embeddable":true,"href":"https:\/\/imais.online\/portal\/wp-json\/wp\/v2\/media\/21620"}],"wp:attachment":[{"href":"https:\/\/imais.online\/portal\/wp-json\/wp\/v2\/media?parent=21619"}],"wp:term":[{"taxonomy":"category","embeddable":true,"href":"https:\/\/imais.online\/portal\/wp-json\/wp\/v2\/categories?post=21619"},{"taxonomy":"post_tag","embeddable":true,"href":"https:\/\/imais.online\/portal\/wp-json\/wp\/v2\/tags?post=21619"}],"curies":[{"name":"wp","href":"https:\/\/api.w.org\/{rel}","templated":true}]}}