{"id":21630,"date":"2024-01-27T19:55:56","date_gmt":"2024-01-27T22:55:56","guid":{"rendered":"https:\/\/imais.online\/portal\/?p=21630"},"modified":"2024-01-27T19:55:57","modified_gmt":"2024-01-27T22:55:57","slug":"denuncias-de-trabalho-escravo-crescem-64-e-regiao-de-campinas-tem-1-caso-a-cada-4-dias-em-2023","status":"publish","type":"post","link":"https:\/\/imais.online\/portal\/denuncias-de-trabalho-escravo-crescem-64-e-regiao-de-campinas-tem-1-caso-a-cada-4-dias-em-2023\/","title":{"rendered":"Den\u00fancias de trabalho escravo crescem 64% e regi\u00e3o de Campinas tem 1 caso a cada 4 dias em 2023"},"content":{"rendered":"<div class=\"imais-before-content-placement\" id=\"imais-1150125475\"><script async src=\"\/\/pagead2.googlesyndication.com\/pagead\/js\/adsbygoogle.js?client=ca-pub-8787528412751566\" crossorigin=\"anonymous\"><\/script><ins class=\"adsbygoogle\" style=\"display:block;\" data-ad-client=\"ca-pub-8787528412751566\" \ndata-ad-slot=\"\" \ndata-ad-format=\"auto\"><\/ins>\n<script> \n(adsbygoogle = window.adsbygoogle || []).push({}); \n<\/script>\n<\/div>\n<h2 class=\"wp-block-heading\">Campinas \u00e9 a regi\u00e3o do interior do estado com mais den\u00fancias, tendo oficinas de costura e trabalho dom\u00e9stico liderando os casos.<\/h2>\n\n\n\n<p>O n\u00famero de den\u00fancias de\u00a0<strong>trabalho escravo<\/strong>\u00a0ao Minist\u00e9rio P\u00fablico do Trabalho da 15\u00aa regi\u00e3o (MPT-15)\u00a0<strong>cresceu 64%\u00a0<\/strong>na regi\u00e3o de\u00a0<a class=\"\" href=\"https:\/\/g1.globo.com\/sp\/campinas-regiao\/cidade\/campinas\/\">Campinas<\/a>\u00a0em 2023, se comparado a 2022. Os dados foram divulgados pelo \u00f3rg\u00e3o nesta sexta-feira (26), dois dias antes do\u00a0<strong>28 de janeiro<\/strong>, Dia Nacional de Combate ao Trabalho Escravo.<\/p>\n\n\n\n<p>Foram<strong>\u00a087 den\u00fancias\u00a0<\/strong>em 2023, cerca de uma a cada quatro dias, o que coloca Campinas como a regi\u00e3o do interior do estado com\u00a0<strong>mais relatos<\/strong>\u00a0deste crime. Em 2022, o \u00f3rg\u00e3o havia recebido 53 den\u00fancias.\u00a0<strong>Veja regi\u00f5es com mais casos em 2023:<\/strong><\/p>\n\n\n\n<ol class=\"wp-block-list\">\n<li><strong>Campinas:<\/strong>&nbsp;87<\/li>\n\n\n\n<li><strong>S\u00e3o Jos\u00e9 do Rio Preto:<\/strong>&nbsp;63<\/li>\n\n\n\n<li><strong>Ribeir\u00e3o Preto:<\/strong>&nbsp;46<\/li>\n\n\n\n<li><strong>S\u00e3o Jos\u00e9 dos Campos:<\/strong>&nbsp;40<\/li>\n\n\n\n<li><strong>Sorocaba:&nbsp;<\/strong>38<\/li>\n\n\n\n<li><strong>Bauru:&nbsp;<\/strong>34<\/li>\n<\/ol>\n\n\n\n<blockquote class=\"wp-block-quote is-layout-flow wp-block-quote-is-layout-flow\">\n<p>&#8220;O trabalho escravo ainda existe, inclusive nos grandes centros urbanos, e apenas por meio da den\u00fancia \u00e9 poss\u00edvel tirar os casos da obscuridade e traz\u00ea-los \u00e0 superf\u00edcie, onde \u00e9 poss\u00edvel levar justi\u00e7a \u00e0s v\u00edtimas e responsabilizar os culpados\u201d, afirmou Marcus Vin\u00edcius Gon\u00e7alves, procurador do MPT-15 e coordenador regional da Coordenadoria Nacional de Erradica\u00e7\u00e3o do Trabalho (CONAETE).<\/p>\n<\/blockquote>\n\n\n\n<h2 class=\"wp-block-heading\">O que configura o trabalho escravo contempor\u00e2neo<\/h2>\n\n\n\n<p>O trabalho escravo \u00e9&nbsp;<strong>crime no Brasil&nbsp;<\/strong>desde a d\u00e9cada de 1940, mas ao longo do tempo houve mudan\u00e7as na<strong>&nbsp;classifica\u00e7\u00e3o&nbsp;<\/strong>e nas rela\u00e7\u00f5es de trabalho. Segundo o coordenador da Conaete, em quatro situa\u00e7\u00f5es o crime est\u00e1&nbsp;<strong>configurado:<\/strong><\/p>\n\n\n\n<ul class=\"wp-block-list\">\n<li><strong>Trabalho for\u00e7ado:&nbsp;<\/strong>quando h\u00e1 restri\u00e7\u00e3o no direito e de ir e vir do trabalhador;<\/li>\n\n\n\n<li><strong>Servid\u00e3o por d\u00edvidas:<\/strong>&nbsp;quando o empregador &#8220;cria&#8221; d\u00edvidas abusivas de moradia e alimenta\u00e7\u00e3o para serem descontados do sal\u00e1rio do trabalhador &#8211; que fica est\u00e1 em d\u00edvida;<\/li>\n\n\n\n<li><strong>Jornada exaustiva:<\/strong>&nbsp;quando o trabalhador \u00e9 submetido a carga-hor\u00e1ria exaustiva ou \u00e9 cobrado por produtividade de forma abusiva, obrigado-o a trabalhar por v\u00e1rias horas seguidas;<\/li>\n\n\n\n<li><strong>Condi\u00e7\u00e3o degradante:&nbsp;<\/strong>\u00e9 configurado quando o trabalhador \u00e9 submetido a condi\u00e7\u00f5es insalubres de alojamento, alimenta\u00e7\u00e3o e transporte, violando a garantia da dignidade humana.<\/li>\n<\/ul>\n\n\n\n<figure class=\"wp-block-image\"><img decoding=\"async\" src=\"https:\/\/s2-g1.glbimg.com\/s2PlRMOMiZO43vz4nCrEaYWotpk=\/0x0:768x533\/984x0\/smart\/filters:strip_icc()\/i.s3.glbimg.com\/v1\/AUTH_59edd422c0c84a879bd37670ae4f538a\/internal_photos\/bs\/2023\/3\/S\/py5Wc0QxWILkhWMSBhrA\/whatsapp-image-2023-04-20-at-15.42.28-1-.jpeg\" alt=\"Oficina de roupas em Americana (SP) era insalubre e tinha fia\u00e7\u00e3o el\u00e9trica exposta perto de tecidos \u2014 Foto: MPT-15\"\/><\/figure>\n\n\n\n<p>Oficina de roupas em Americana (SP) era insalubre e tinha fia\u00e7\u00e3o el\u00e9trica exposta perto de tecidos \u2014 Foto: MPT-15<\/p>\n\n\n\n<h2 class=\"wp-block-heading\">Aumento de den\u00fancias<\/h2>\n\n\n\n<p>Ao&nbsp;<a class=\"\" href=\"http:\/\/g1.globo.com\/campinas\">g1<\/a>, o procurador do trabalho explicou que pelo menos<strong>&nbsp;tr\u00eas motivos&nbsp;<\/strong>podem ter levado ao aumento de den\u00fancias no interior de SP e tamb\u00e9m na regi\u00e3o de Campinas. S\u00e3o elas:<\/p>\n\n\n\n<ul class=\"wp-block-list\">\n<li>O&nbsp;<strong>aumento da precariza\u00e7\u00e3o&nbsp;<\/strong>das condi\u00e7\u00f5es de trabalho, sobretudo de funcion\u00e1rios terceirizados;<\/li>\n\n\n\n<li>A melhora da&nbsp;<strong>conscientiza\u00e7\u00e3o<\/strong>&nbsp;da popula\u00e7\u00e3o acerca da import\u00e2ncia de denunciar situa\u00e7\u00f5es de viola\u00e7\u00e3o de direitos de trabalhadores;<\/li>\n\n\n\n<li>A&nbsp;<strong>efetividade&nbsp;<\/strong>do trabalho de fiscaliza\u00e7\u00e3o que verifica todas as den\u00fancias.<\/li>\n<\/ul>\n\n\n\n<p><strong>\u201cTemos observado que houve um agravamento da precariza\u00e7\u00e3o no ambiente de trabalho, por isso, acreditamos ser necess\u00e1rio intensificar o trabalho de conscientiza\u00e7\u00e3o da popula\u00e7\u00e3o acerca da import\u00e2ncia da den\u00fancia&#8221;, disse Marcus Vin\u00edcius Gon\u00e7alves.<\/strong><\/p>\n\n\n\n<h2 class=\"wp-block-heading\">Setores com mais casos<\/h2>\n\n\n\n<p>Segundo o MPT, na regi\u00e3o de Campinas&nbsp;<strong>os resgates<\/strong>&nbsp;de trabalhadores em situa\u00e7\u00e3o de escravid\u00e3o aconteceram, principalmente:<\/p>\n\n\n\n<ul class=\"wp-block-list\">\n<li><strong>Em oficinas de costura:<\/strong>&nbsp;com m\u00e3o de obra estrangeira;<\/li>\n\n\n\n<li><strong>Dentro de resid\u00eancias:<\/strong>&nbsp;com empregadas dom\u00e9sticas;<\/li>\n\n\n\n<li><strong>Empresas de reciclagem:&nbsp;<\/strong>com moradores em situa\u00e7\u00e3o de rua.<\/li>\n<\/ul>\n\n\n\n<figure class=\"wp-block-image\"><img decoding=\"async\" src=\"https:\/\/s2-g1.glbimg.com\/U3JowkfbflmvUU4FIcqv6jlEc1A=\/0x0:767x581\/984x0\/smart\/filters:strip_icc()\/i.s3.glbimg.com\/v1\/AUTH_59edd422c0c84a879bd37670ae4f538a\/internal_photos\/bs\/2023\/4\/N\/TAGFKLQhuYDq8cgA9Z8A\/whatsapp-image-2023-04-20-at-15.42.27.jpeg\" alt=\"Alojamento em Americana (SP) era prec\u00e1rio: fia\u00e7\u00e3o el\u00e9trica apresentava problemas e a \u00e1gua estava cortada \u2014 Foto: MPT-15\"\/><\/figure>\n\n\n\n<p>Alojamento em Americana (SP) era prec\u00e1rio: fia\u00e7\u00e3o el\u00e9trica apresentava problemas e a \u00e1gua estava cortada \u2014 Foto: MPT-15<\/p>\n\n\n\n<h2 class=\"wp-block-heading\">Pena para trabalho escravo<\/h2>\n\n\n\n<p>Os patr\u00f5es que forem flagrados submetendo seus trabalhadores a situa\u00e7\u00f5es de escravid\u00e3o est\u00e3o sujeitos:<\/p>\n\n\n\n<ul class=\"wp-block-list\">\n<li><strong>A penalidades trabalhistas:<\/strong>&nbsp;tendo que indenizar os trabalhadores de todos os direitos trabalhistas, al\u00e9m de multa;<\/li>\n\n\n\n<li><strong>\u00c0 condena\u00e7\u00e3o criminal:<\/strong>&nbsp;podem ser sentenciados por crime de trabalho escravo, com pena que pode chegar a 8 anos de pris\u00e3o.<\/li>\n<\/ul>\n\n\n\n<h2 class=\"wp-block-heading\">Por que a data de 28 de janeiro<\/h2>\n\n\n\n<p>O 28 de janeiro \u00e9 o Dia Nacional de Combate ao Trabalho Escravo, data institu\u00edda no Brasil para homenagear os auditores fiscais do trabalho mortos em 2004, na cidade de Una\u00ed (MG), durante uma fiscaliza\u00e7\u00e3o para averiguar den\u00fancias de trabalho escravo, no epis\u00f3dio conhecido como \u201cchacina de Una\u00ed\u201d.<\/p>\n\n\n\n<p>Fonte G1 <\/p>\n","protected":false},"excerpt":{"rendered":"<p>Campinas \u00e9 a regi\u00e3o do interior do estado com mais den\u00fancias, tendo oficinas de costura e trabalho dom\u00e9stico liderando os casos. O n\u00famero de den\u00fancias de\u00a0trabalho escravo\u00a0ao Minist\u00e9rio P\u00fablico do Trabalho da 15\u00aa regi\u00e3o (MPT-15)\u00a0cresceu 64%\u00a0na regi\u00e3o de\u00a0Campinas\u00a0em 2023, se comparado a 2022. Os dados foram divulgados pelo \u00f3rg\u00e3o nesta sexta-feira (26), dois dias antes [&hellip;]<\/p>\n","protected":false},"author":8,"featured_media":21631,"comment_status":"closed","ping_status":"open","sticky":false,"template":"","format":"standard","meta":{"rop_custom_images_group":[],"rop_custom_messages_group":[],"rop_publish_now":"initial","rop_publish_now_accounts":[],"rop_publish_now_history":[],"rop_publish_now_status":"pending","footnotes":""},"categories":[230],"tags":[73],"class_list":["post-21630","post","type-post","status-publish","format-standard","has-post-thumbnail","hentry","category-interior","tag-featured"],"amp_enabled":true,"_links":{"self":[{"href":"https:\/\/imais.online\/portal\/wp-json\/wp\/v2\/posts\/21630","targetHints":{"allow":["GET"]}}],"collection":[{"href":"https:\/\/imais.online\/portal\/wp-json\/wp\/v2\/posts"}],"about":[{"href":"https:\/\/imais.online\/portal\/wp-json\/wp\/v2\/types\/post"}],"author":[{"embeddable":true,"href":"https:\/\/imais.online\/portal\/wp-json\/wp\/v2\/users\/8"}],"replies":[{"embeddable":true,"href":"https:\/\/imais.online\/portal\/wp-json\/wp\/v2\/comments?post=21630"}],"version-history":[{"count":1,"href":"https:\/\/imais.online\/portal\/wp-json\/wp\/v2\/posts\/21630\/revisions"}],"predecessor-version":[{"id":21632,"href":"https:\/\/imais.online\/portal\/wp-json\/wp\/v2\/posts\/21630\/revisions\/21632"}],"wp:featuredmedia":[{"embeddable":true,"href":"https:\/\/imais.online\/portal\/wp-json\/wp\/v2\/media\/21631"}],"wp:attachment":[{"href":"https:\/\/imais.online\/portal\/wp-json\/wp\/v2\/media?parent=21630"}],"wp:term":[{"taxonomy":"category","embeddable":true,"href":"https:\/\/imais.online\/portal\/wp-json\/wp\/v2\/categories?post=21630"},{"taxonomy":"post_tag","embeddable":true,"href":"https:\/\/imais.online\/portal\/wp-json\/wp\/v2\/tags?post=21630"}],"curies":[{"name":"wp","href":"https:\/\/api.w.org\/{rel}","templated":true}]}}