{"id":21633,"date":"2024-01-27T20:00:41","date_gmt":"2024-01-27T23:00:41","guid":{"rendered":"https:\/\/imais.online\/portal\/?p=21633"},"modified":"2024-01-27T20:00:42","modified_gmt":"2024-01-27T23:00:42","slug":"a-um-mes-do-leilao-governo-de-sp-busca-investidores-na-china-e-emirados-arabes-para-trem-que-vai-ligar-campinas-a-capital","status":"publish","type":"post","link":"https:\/\/imais.online\/portal\/a-um-mes-do-leilao-governo-de-sp-busca-investidores-na-china-e-emirados-arabes-para-trem-que-vai-ligar-campinas-a-capital\/","title":{"rendered":"A um m\u00eas do leil\u00e3o, governo de SP busca investidores na China e Emirados \u00c1rabes para trem que vai ligar Campinas \u00e0 capital"},"content":{"rendered":"<div class=\"imais-before-content-placement\" id=\"imais-1825260795\"><script async src=\"\/\/pagead2.googlesyndication.com\/pagead\/js\/adsbygoogle.js?client=ca-pub-8787528412751566\" crossorigin=\"anonymous\"><\/script><ins class=\"adsbygoogle\" style=\"display:block;\" data-ad-client=\"ca-pub-8787528412751566\" \ndata-ad-slot=\"\" \ndata-ad-format=\"auto\"><\/ins>\n<script> \n(adsbygoogle = window.adsbygoogle || []).push({}); \n<\/script>\n<\/div>\n<h2 class=\"wp-block-heading\">Concorr\u00eancia pretende contratar a empresa respons\u00e1vel pelas obras com investimento de R$ 13,5 bilh\u00f5es. Vice-governador esteve nos dois pa\u00edses para apresentar projetos.<\/h2>\n\n\n\n<p>A um m\u00eas do leil\u00e3o que busca contratar uma concession\u00e1ria para as obras do\u00a0<strong>Trem Intercidades<\/strong>, modal ferrovi\u00e1rio que, se sair do papel,\u00a0vai ligar Campinas (SP) \u00e0 Esta\u00e7\u00e3o da Luz, em S\u00e3o Paulo, o governo estadual enviou comitiva \u00e0 China e aos Emirados \u00c1rabes para apresentar o projeto a investidores.<\/p>\n\n\n\n<p>A equipe foi chefiada pelo vice-governador, Felicio Ramuth (PSD), que cumpriu a agenda internacional entre os dias 8 e 19 de janeiro. Outros projetos de infraestrutura tamb\u00e9m estavam na pasta de Ramuth.<\/p>\n\n\n\n<p>&#8220;O portf\u00f3lio apresentado por Felicio contempla diversas iniciativas, com destaque para o Trem Intercidades Eixo Norte, que vai ligar a capital paulista a\u00a0Campinas. Conforme o edital, o investimento previsto \u00e9 de R$ 13,5 bilh\u00f5es&#8221;, confirmou o governo.<\/p>\n\n\n\n<p>O leil\u00e3o do Trem Intercidades est\u00e1 marcado para 29 de fevereiro, quando tamb\u00e9m se encerra o prazo para a apresenta\u00e7\u00e3o de propostas de grupos nacionais e internacionais.<\/p>\n\n\n\n<p>Parte da verba investida no projeto sair\u00e1 de um\u00a0aporte financeiro de R$ 10 bilh\u00f5es do governo federal ao estado, por meio do novo Programa de Acelera\u00e7\u00e3o de Crescimento (PAC), com financiamento do Banco Nacional de Desenvolvimento Econ\u00f4mico e Social (BNDES).<\/p>\n\n\n\n<figure class=\"wp-block-image\"><img decoding=\"async\" src=\"https:\/\/s2-g1.glbimg.com\/R6m0KelP8VpX9N7tL0thJSyInjY=\/0x0:1200x2339\/984x0\/smart\/filters:strip_icc()\/i.s3.glbimg.com\/v1\/AUTH_59edd422c0c84a879bd37670ae4f538a\/internal_photos\/bs\/2023\/Y\/h\/u0n40PTn6xICQBKyIdTA\/campinas-saopaulo-vale2.jpg\" alt=\"Infogr\u00e1fico mostra trajeto previsto para o Trem Intercidades, que vai ligar Campinas \u00e0 Esta\u00e7\u00e3o da Luz, na capital de SP \u2014 Foto: Luisa Rivas\/Arte g1\"\/><\/figure>\n\n\n\n<p>Infogr\u00e1fico mostra trajeto previsto para o Trem Intercidades, que vai ligar Campinas \u00e0 Esta\u00e7\u00e3o da Luz, na capital de SP \u2014 Foto: Luisa Rivas\/Arte g1<\/p>\n\n\n\n<p>Projeto antigo de gest\u00f5es passadas do governo estadual, o Trem Intercidades chegou a ser prometido pelo ex-governador Rodrigo Garcia (PSDB), que havia afirmado que o edital sairia em 2021. Ap\u00f3s diversos atrasos e reprograma\u00e7\u00f5es, a atual gest\u00e3o definiu a data de 29 de fevereiro para a licita\u00e7\u00e3o.<\/p>\n\n\n\n<p>Quando o edital foi apresentado, em outubro de 2023,\u00a0o governador Tarc\u00edsio de Freitas (Republicanos) afirmou que o funcionamento do Trem Intermetropolitano (etapa que vai de Jundia\u00ed a Campinas passando por Louveira, Vinhedo e Valinhos) dever\u00e1 ocorrer em 2029.<\/p>\n\n\n\n<p>J\u00e1 a opera\u00e7\u00e3o do Trem Intercidades como um todo, entre\u00a0Campinas\u00a0e\u00a0S\u00e3o Paulo, deve ficar para 2031, dois anos depois.<\/p>\n\n\n\n<p>&#8220;Teremos o leil\u00e3o no dia 29 de fevereiro de 2024. Depois, tem o tempo de assinatura de contrato e a constru\u00e7\u00e3o de projeto executivo. Deixamos alguma flexibilidade para apresenta\u00e7\u00e3o de solu\u00e7\u00f5es por parte do setor privado. Isso \u00e9 saud\u00e1vel at\u00e9 para que se incorpore novas tecnologias, tecnologias inovadoras&#8221;, disse Tarc\u00edsio, na ocasi\u00e3o.<\/p>\n\n\n\n<h2 class=\"wp-block-heading\">O que se sabe sobre o TIC<\/h2>\n\n\n\n<p><strong>Qual o prazo de concess\u00e3o?&nbsp;<\/strong>A concess\u00e3o ser\u00e1 de 30 anos, a partir do in\u00edcio da opera\u00e7\u00e3o comercial.<\/p>\n\n\n\n<p><strong>Quais as liga\u00e7\u00f5es previstas?\u00a0<\/strong>Servi\u00e7o Expresso (Trem Intercidades) &#8211;\u00a0S\u00e3o Paulo\u00a0a\u00a0Campinas, com parada em\u00a0Jundia\u00ed, sendo:<\/p>\n\n\n\n<ul class=\"wp-block-list\">\n<li><strong>Servi\u00e7o Linha 7 Inicial e o Servi\u00e7o Linha 7-Rubi<\/strong>\u00a0&#8211; conectam a Esta\u00e7\u00e3o Barra Funda, em\u00a0S\u00e3o Paulo, a\u00a0Jundia\u00ed, e atende \u00e0s cidades de Franco da Rocha, Francisco Morato, Campo Limpo Paulista e V\u00e1rzea Paulista;<\/li>\n\n\n\n<li><strong>Servi\u00e7o TIM (Trem Intermetropolitano)\u00a0<\/strong>&#8211; vai de\u00a0Jundia\u00ed\u00a0a\u00a0Campinas, e atende tamb\u00e9m Louveira, Vinhedo e Valinhos.<\/li>\n<\/ul>\n\n\n\n<p><strong>Quanto tempo vai demorar a viagem?\u00a0<\/strong>O Trem Intercidades (servi\u00e7o expresso) deve percorrer os 101 km entre\u00a0S\u00e3o Paulo\u00a0e\u00a0Campinas\u00a0no tempo previsto de 1 hora e 4 minutos. A proposta \u00e9 que as viagens do servi\u00e7o expresso tenham intervalos de 15 minutos nos hor\u00e1rios de pico.<\/p>\n\n\n\n<p><strong>Qual a previs\u00e3o de entrega?\u00a0<\/strong>Rafael Benini, Secret\u00e1rio de Parcerias em Investimentos (SPI), informou que o servi\u00e7o intermetropolitano, com paradas em\u00a0Jundia\u00ed, Louveira, Vinhedo e Valinhos, estar\u00e1 em funcionamento at\u00e9 2029, enquanto o trem expresso, que prev\u00ea apenas uma parada de dois minutos em\u00a0Jundia\u00ed, deve come\u00e7ar a operar at\u00e9 2031.<\/p>\n\n\n\n<p><strong>Quanto pode custar a passagem?\u00a0<\/strong>O valor estimado da tarifa do servi\u00e7o expresso, definido a partir de pesquisas sobre potencial e demanda, \u00e9 de R$ 64, mas a companhia vencedora da concorr\u00eancia pode oferecer um valor inferior ao teto;<\/p>\n\n\n\n<p><strong>Qual a velocidade do trem?\u00a0<\/strong>Para a realiza\u00e7\u00e3o do servi\u00e7o expresso, o edital prev\u00ea que a empresa implante trens cuja velocidade m\u00e1xima chegue a 140 km\/h &#8211; o que \u00e9 considerado m\u00e9dia velocidade.<\/p>\n\n\n\n<p>O projeto tamb\u00e9m inclui a implanta\u00e7\u00e3o de um servi\u00e7o metropolitano entre\u00a0Campinas\u00a0e Francisco Morato (SP), e estabelece atendimentos a outros munic\u00edpios do interior paulista como Louveira (SP), Valinhos (SP) e Vinhedo (SP). A extens\u00e3o dessa opera\u00e7\u00e3o seria de 65,8 km, com nove esta\u00e7\u00f5es e velocidade comercial de 56 km\/h &#8211; a estimativa \u00e9 que o tempo de viagem dure 55 minutos.<\/p>\n\n\n\n<p><strong>Quantos passageiros ser\u00e3o transportados?\u00a0<\/strong>O estado prev\u00ea que o servi\u00e7o expresso (SP e\u00a0Campinas\u00a0em 64 minutos) seja atendido por um trem com capacidade para 800 passageiros, operando em intervalos de at\u00e9 15 minutos nos hor\u00e1rios de pico. A expectativa do projeto \u00e9 atender at\u00e9 60 mil passageiros por dia em todos os servi\u00e7os.<\/p>\n\n\n\n<p><strong>Qual a infraestrutura prevista?\u00a0<\/strong>O edital prev\u00ea que as composi\u00e7\u00f5es tenham banheiros, incluindo os acess\u00edveis, telas pelos vag\u00f5es para informar detalhes sobre a viagem e trajeto, e que poder\u00e3o ser explorados para publicidade; al\u00e9m de oferta de sinal de internet (Wi Fi) e tomada e porta USB aos passageiros.<\/p>\n\n\n\n<p>Fonte G1<\/p>\n","protected":false},"excerpt":{"rendered":"<p>Concorr\u00eancia pretende contratar a empresa respons\u00e1vel pelas obras com investimento de R$ 13,5 bilh\u00f5es. Vice-governador esteve nos dois pa\u00edses para apresentar projetos. A um m\u00eas do leil\u00e3o que busca contratar uma concession\u00e1ria para as obras do\u00a0Trem Intercidades, modal ferrovi\u00e1rio que, se sair do papel,\u00a0vai ligar Campinas (SP) \u00e0 Esta\u00e7\u00e3o da Luz, em S\u00e3o Paulo, o [&hellip;]<\/p>\n","protected":false},"author":8,"featured_media":21634,"comment_status":"closed","ping_status":"open","sticky":false,"template":"","format":"standard","meta":{"rop_custom_images_group":[],"rop_custom_messages_group":[],"rop_publish_now":"initial","rop_publish_now_accounts":[],"rop_publish_now_history":[],"rop_publish_now_status":"pending","footnotes":""},"categories":[230],"tags":[],"class_list":["post-21633","post","type-post","status-publish","format-standard","has-post-thumbnail","hentry","category-interior"],"amp_enabled":true,"_links":{"self":[{"href":"https:\/\/imais.online\/portal\/wp-json\/wp\/v2\/posts\/21633","targetHints":{"allow":["GET"]}}],"collection":[{"href":"https:\/\/imais.online\/portal\/wp-json\/wp\/v2\/posts"}],"about":[{"href":"https:\/\/imais.online\/portal\/wp-json\/wp\/v2\/types\/post"}],"author":[{"embeddable":true,"href":"https:\/\/imais.online\/portal\/wp-json\/wp\/v2\/users\/8"}],"replies":[{"embeddable":true,"href":"https:\/\/imais.online\/portal\/wp-json\/wp\/v2\/comments?post=21633"}],"version-history":[{"count":1,"href":"https:\/\/imais.online\/portal\/wp-json\/wp\/v2\/posts\/21633\/revisions"}],"predecessor-version":[{"id":21635,"href":"https:\/\/imais.online\/portal\/wp-json\/wp\/v2\/posts\/21633\/revisions\/21635"}],"wp:featuredmedia":[{"embeddable":true,"href":"https:\/\/imais.online\/portal\/wp-json\/wp\/v2\/media\/21634"}],"wp:attachment":[{"href":"https:\/\/imais.online\/portal\/wp-json\/wp\/v2\/media?parent=21633"}],"wp:term":[{"taxonomy":"category","embeddable":true,"href":"https:\/\/imais.online\/portal\/wp-json\/wp\/v2\/categories?post=21633"},{"taxonomy":"post_tag","embeddable":true,"href":"https:\/\/imais.online\/portal\/wp-json\/wp\/v2\/tags?post=21633"}],"curies":[{"name":"wp","href":"https:\/\/api.w.org\/{rel}","templated":true}]}}