{"id":21653,"date":"2024-01-29T06:33:12","date_gmt":"2024-01-29T09:33:12","guid":{"rendered":"https:\/\/imais.online\/portal\/?p=21653"},"modified":"2024-01-29T06:33:57","modified_gmt":"2024-01-29T09:33:57","slug":"com-um-a-menos-e-um-panalti-defendido-por-gledson-primavera-saf-arranca-empate-contra-o-rio-claro-no-dia-de-seu-aniversario","status":"publish","type":"post","link":"https:\/\/imais.online\/portal\/com-um-a-menos-e-um-panalti-defendido-por-gledson-primavera-saf-arranca-empate-contra-o-rio-claro-no-dia-de-seu-aniversario\/","title":{"rendered":"Com um a menos e um p\u00eanalti defendido por Gledson, Primavera SAF arranca empate contra o Rio Claro, no dia de seu anivers\u00e1rio"},"content":{"rendered":"<div class=\"imais-before-content-placement\" id=\"imais-1696404212\"><script async src=\"\/\/pagead2.googlesyndication.com\/pagead\/js\/adsbygoogle.js?client=ca-pub-8787528412751566\" crossorigin=\"anonymous\"><\/script><ins class=\"adsbygoogle\" style=\"display:block;\" data-ad-client=\"ca-pub-8787528412751566\" \ndata-ad-slot=\"\" \ndata-ad-format=\"auto\"><\/ins>\n<script> \n(adsbygoogle = window.adsbygoogle || []).push({}); \n<\/script>\n<\/div>\n<p class=\"has-text-align-center\"><em>Times empataram por 0 a 0 na tarde desse s\u00e1bado<\/em><\/p>\n\n\n\n<p>No dia em que completou 97 anos, com um jogador a menos desde os 5 minutos da etapa final e com Gledson defendendo um p\u00eanalti, o Primavera arrancou um empate na tarde desse s\u00e1bado, fora de casa, contra o Rio Claro, em partida v\u00e1lida pela 4\u00aa rodada do Campeonato Paulista da S\u00e9rie A2. No Est\u00e1dio Municipal Dr. Augusto Schimidt Filho, o jogo de abertura da rodada terminou em 0 a 0. Com o resultado, o time de Indaiatuba soma quatro pontos e se recupera no estadual, ap\u00f3s duas derrotas seguidas.<\/p>\n\n\n\n<p>Foi o 25\u00ba confronto entre as duas equipes em partidas oficiais e o d\u00e9cimo empate entre elas. O Primavera SAF leva vantagem, com 10 vit\u00f3rias, contra cinco do clube de Rio Claro.<\/p>\n\n\n\n<p>Um dos destaques do Primavera SAF foi o goleiro Gledson, que retornou ap\u00f3s les\u00e3o. Al\u00e9m de defender a cobran\u00e7a de p\u00eanalti, cobrada por Rafa Marcos, aos 7\u2019 da etapa final, garantiu o empate com importantes defesas. O zagueiro Bonassa, com atua\u00e7\u00e3o firme e segura, foi outro destaque do Fantasma.<\/p>\n\n\n\n<p>Na etapa inicial Rio Claro e Primavera SAF fizeram jogo disputado, mas sem muita objetividade, com os goleiros apenas assistindo. Aos 20\u2019, Pionteck arriscou um chute de fora da \u00e1rea, mas a bola subiu e passou por cima do gol.<\/p>\n\n\n\n<p>Aos 32\u2019, o atacante Luiz Fernando, do Fantasma, se livrou da marca\u00e7\u00e3o e cruzou rasteiro pela esquerda para dentro da \u00e1rea. A bola, que tinha dire\u00e7\u00e3o ao gol, foi cortada pelo zagueiro Alysson Dutra, evitando o gol. O time da casa chegou uma \u00fanica vez com perigo aos 44\u2019. Patrick invadiu a \u00e1rea e chutou forte, mas para fora.<\/p>\n\n\n\n<p>Na etapa final, logo aos 5\u2019 o Rio Claro teve uma falta pela direita, pr\u00f3xima \u00e0 grande \u00e1rea. Na cobran\u00e7a, Gledson fez boa defesa. No rebote, em chute forte o zagueiro Marlon tocou a m\u00e3o na bola e o juiz marcou p\u00eanalti. Na cobran\u00e7a, Gledson defendeu o chute do atacante Rafa Marcos, evitando o primeiro gol do jogo.<\/p>\n\n\n\n<p>Aos 15\u2019, o Fantasma ficou com um a manos. O zagueiro Marlon cometeu falta e recebeu o segundo amarelo, sendo expulso. O t\u00e9cnico Ricardo Colbachini recomp\u00f4s a zaga, colocando Reginaldo no lugar do atacante Luiz Fernando. O meia Renatinho tamb\u00e9m foi substitu\u00eddo por Jonatas.<\/p>\n\n\n\n<p>Al\u00e9m de segurar a press\u00e3o do time da casa, o Fantasma ainda teve algumas chances no contra-ataque, mas acabou pecando no \u00faltimo passe.<\/p>\n\n\n\n<p>No meio de semana, o Primavera SAF vai at\u00e9 o Vale do Para\u00edba enfrentar o Taubat\u00e9, em jogo v\u00e1lido pela quarta rodada do Paulista da S\u00e9rie A2. O jogo ser\u00e1 \u00e0s 20h, no Est\u00e1dio Joaquim de Morais Filho (Joaquim de Morais Filho), em Taubat\u00e9. Os torcedores do Fantasma poder\u00e3o acompanhar ao vivo, pelo YouTube, no canal da Federa\u00e7\u00e3o Paulista de Futebol.<\/p>\n\n\n\n<p><strong>Investimentos e patroc\u00ednios<\/strong><\/p>\n\n\n\n<p>Para a temporada 2024 o Primavera SAF montou um planejamento com um robusto investimento. O valor mostra como o clube se prepara para encarar os dois campeonatos e fazer campanhas ainda melhores em rela\u00e7\u00e3o ao ano passado.<\/p>\n\n\n\n<p>Parte dos investimentos vem do grupo de patrocinadores e apoiadores, com empresas nacionais e multinacionais da cidade e do Brasil. O patrocinador oficial ser\u00e1 o Brasa, que renovou o contrato por mais um ano, a Yammar, que tamb\u00e9m estampar\u00e1 sua marca na camisa do time, SEW Eurodrive Brasil, Sicoob Cooplivre e Vera Cruz Hospital.<\/p>\n\n\n\n<p>Completam a lista de apoiadores: Bet Nacional, Metal Coat, Vera Cruz Hospital, Ortolife, Corpus Sistemas e Obras, Cato Supermercados, Klarina \u00c1gua Mineral Natural, All P\u00e9, Phisicus, Villa Real Revestimentos, Cor Bella Tintas, Villa Real, SRetros Pavimenta\u00e7\u00e3o, Constru\u00e7\u00e3o e Loca\u00e7\u00e3o e Grupo Bes Business.<\/p>\n","protected":false},"excerpt":{"rendered":"<p>Times empataram por 0 a 0 na tarde desse s\u00e1bado No dia em que completou 97 anos, com um jogador a menos desde os 5 minutos da etapa final e com Gledson defendendo um p\u00eanalti, o Primavera arrancou um empate na tarde desse s\u00e1bado, fora de casa, contra o Rio Claro, em partida v\u00e1lida pela [&hellip;]<\/p>\n","protected":false},"author":7,"featured_media":21654,"comment_status":"closed","ping_status":"open","sticky":false,"template":"","format":"standard","meta":{"rop_custom_images_group":[],"rop_custom_messages_group":[],"rop_publish_now":"initial","rop_publish_now_accounts":[],"rop_publish_now_history":[],"rop_publish_now_status":"pending","footnotes":""},"categories":[188],"tags":[73],"class_list":["post-21653","post","type-post","status-publish","format-standard","has-post-thumbnail","hentry","category-indaiatuba","tag-featured"],"amp_enabled":true,"_links":{"self":[{"href":"https:\/\/imais.online\/portal\/wp-json\/wp\/v2\/posts\/21653","targetHints":{"allow":["GET"]}}],"collection":[{"href":"https:\/\/imais.online\/portal\/wp-json\/wp\/v2\/posts"}],"about":[{"href":"https:\/\/imais.online\/portal\/wp-json\/wp\/v2\/types\/post"}],"author":[{"embeddable":true,"href":"https:\/\/imais.online\/portal\/wp-json\/wp\/v2\/users\/7"}],"replies":[{"embeddable":true,"href":"https:\/\/imais.online\/portal\/wp-json\/wp\/v2\/comments?post=21653"}],"version-history":[{"count":2,"href":"https:\/\/imais.online\/portal\/wp-json\/wp\/v2\/posts\/21653\/revisions"}],"predecessor-version":[{"id":21657,"href":"https:\/\/imais.online\/portal\/wp-json\/wp\/v2\/posts\/21653\/revisions\/21657"}],"wp:featuredmedia":[{"embeddable":true,"href":"https:\/\/imais.online\/portal\/wp-json\/wp\/v2\/media\/21654"}],"wp:attachment":[{"href":"https:\/\/imais.online\/portal\/wp-json\/wp\/v2\/media?parent=21653"}],"wp:term":[{"taxonomy":"category","embeddable":true,"href":"https:\/\/imais.online\/portal\/wp-json\/wp\/v2\/categories?post=21653"},{"taxonomy":"post_tag","embeddable":true,"href":"https:\/\/imais.online\/portal\/wp-json\/wp\/v2\/tags?post=21653"}],"curies":[{"name":"wp","href":"https:\/\/api.w.org\/{rel}","templated":true}]}}