{"id":21671,"date":"2024-01-29T09:34:58","date_gmt":"2024-01-29T12:34:58","guid":{"rendered":"https:\/\/imais.online\/portal\/?p=21671"},"modified":"2024-01-29T09:34:59","modified_gmt":"2024-01-29T12:34:59","slug":"casos-de-dengue-em-sp-sobem-26-este-ano-4-mortes-sao-confirmadas","status":"publish","type":"post","link":"https:\/\/imais.online\/portal\/casos-de-dengue-em-sp-sobem-26-este-ano-4-mortes-sao-confirmadas\/","title":{"rendered":"Casos de dengue em SP sobem 26% este ano; 4 mortes s\u00e3o confirmadas"},"content":{"rendered":"<div class=\"imais-before-content-placement\" id=\"imais-3823365199\"><script async src=\"\/\/pagead2.googlesyndication.com\/pagead\/js\/adsbygoogle.js?client=ca-pub-8787528412751566\" crossorigin=\"anonymous\"><\/script><ins class=\"adsbygoogle\" style=\"display:block;\" data-ad-client=\"ca-pub-8787528412751566\" \ndata-ad-slot=\"\" \ndata-ad-format=\"auto\"><\/ins>\n<script> \n(adsbygoogle = window.adsbygoogle || []).push({}); \n<\/script>\n<\/div>\n<h2 class=\"wp-block-heading\">A pasta tamb\u00e9m selecionou 521 munic\u00edpios &#8211; de 16 Estados e o Distrito Federal &#8211; que ser\u00e3o contemplados com a vacina<\/h2>\n\n\n\n<p>A Secretaria de Estado da Sa\u00fade de S\u00e3o Paulo informou ter confirmado 10.728 casos de dengue at\u00e9 a terceira semana epidemiol\u00f3gica de 2024 (com dados at\u00e9 o dia 20 de janeiro). O n\u00famero representa uma alta de 26,7% em rela\u00e7\u00e3o ao mesmo per\u00edodo do ano passado, quando 8.466 registros da doen\u00e7a haviam sido confirmados em territ\u00f3rio paulista.<\/p>\n\n\n\n<p>Quatro pessoas morreram neste ano por complica\u00e7\u00f5es da doen\u00e7a: um \u00f3bito foi registrado no munic\u00edpio de Bebedouro, um em Jacare\u00ed e dois em Pindamonhangaba, todas cidades no interior do Estado. Em 2023, foram oito mortes registradas nas tr\u00eas primeiras semanas epidemiol\u00f3gicas do ano &#8211; importante lembrar, por\u00e9m, que h\u00e1 um atraso na transmiss\u00e3o dos dados, ent\u00e3o as estat\u00edsticas de 2024 ainda podem ser revisadas para cima.<\/p>\n\n\n\n<p>Nas tr\u00eas primeiras semanas do ano, foram confirmados ainda 187 casos de chikungunya, com nenhuma morte relacionada, e nenhum caso de zika. As tr\u00eas doen\u00e7as s\u00e3o transmitidas pela picada do mosquito Aedes aegypti.<\/p>\n\n\n\n<p><strong>Brasil<\/strong><br>O n\u00famero de casos de dengue est\u00e1 em alta em todo o Brasil, com tr\u00eas unidades federativas (Minas Gerais, Acre e Distrito Federal) j\u00e1 tendo decretado situa\u00e7\u00e3o de emerg\u00eancia em sa\u00fade p\u00fablica. Nas tr\u00eas primeiras semanas epidemiol\u00f3gicas de 2024, mais de 120 mil casos prov\u00e1veis foram registrados no Pa\u00eds, ante 44 mil da mesma \u00e9poca do ano passado. Tamb\u00e9m foram registrados 12 \u00f3bitos pela arbovirose, diante de 26 no mesmo per\u00edodo do ano anterior.<\/p>\n\n\n\n<p>O combate \u00e0s doen\u00e7as \u00e9 feito principalmente tentando evitar a reprodu\u00e7\u00e3o do mosquito Aedes, impedindo que ele consiga encontrar locais com \u00e1gua parada que possa transformar em criadouros.<\/p>\n\n\n\n<p>Neste ano, o governo federal iniciou tamb\u00e9m a vacina\u00e7\u00e3o contra a dengue com o imunizante Qdenga, do laborat\u00f3rio japon\u00eas Takeda, aprovado para uso recentemente.<\/p>\n\n\n\n<p><strong>Vacina\u00e7\u00e3o<\/strong><br>O Minist\u00e9rio da Sa\u00fade anunciou que crian\u00e7as de 10 a 14 anos ser\u00e3o priorizadas para a vacina\u00e7\u00e3o diante do n\u00famero limitado de doses. Eles devem come\u00e7ar a ser vacinados j\u00e1 em fevereiro.<\/p>\n\n\n\n<p>A faixa et\u00e1ria est\u00e1 dentro do que \u00e9 recomendado pela Organiza\u00e7\u00e3o Mundial da Sa\u00fade (OMS), dos 6 aos 16 anos. De acordo com Eder Gatti, diretor do Departamento de Imuniza\u00e7\u00e3o e Doen\u00e7as Transmiss\u00edveis do minist\u00e9rio, a escolha foi feita levando em considera\u00e7\u00e3o que, entre as crian\u00e7as, o grupo de 10 a 14 anos concentra o maior n\u00famero de hospitaliza\u00e7\u00f5es.<\/p>\n\n\n\n<p>No Estado de S\u00e3o Paulo, 11 munic\u00edpios participar\u00e3o da primeira fase da imuniza\u00e7\u00e3o, todos da regi\u00e3o do Alto Tiet\u00ea: Guarulhos, Suzano, Guararema, Itaquaquecetuba, Ferraz de Vasconcelos, Po\u00e1, Mogi das Cruzes, Aruj\u00e1, Santa Isabel, Biritiba-Mirim e Sales\u00f3polis.<\/p>\n\n\n\n<p>Fonte Folha de Pernambuco <\/p>\n","protected":false},"excerpt":{"rendered":"<p>A pasta tamb\u00e9m selecionou 521 munic\u00edpios &#8211; de 16 Estados e o Distrito Federal &#8211; que ser\u00e3o contemplados com a vacina A Secretaria de Estado da Sa\u00fade de S\u00e3o Paulo informou ter confirmado 10.728 casos de dengue at\u00e9 a terceira semana epidemiol\u00f3gica de 2024 (com dados at\u00e9 o dia 20 de janeiro). O n\u00famero representa [&hellip;]<\/p>\n","protected":false},"author":8,"featured_media":21672,"comment_status":"closed","ping_status":"open","sticky":false,"template":"","format":"standard","meta":{"rop_custom_images_group":[],"rop_custom_messages_group":[],"rop_publish_now":"initial","rop_publish_now_accounts":[],"rop_publish_now_history":[],"rop_publish_now_status":"pending","footnotes":""},"categories":[195],"tags":[73],"class_list":["post-21671","post","type-post","status-publish","format-standard","has-post-thumbnail","hentry","category-sao-paulo","tag-featured"],"amp_enabled":true,"_links":{"self":[{"href":"https:\/\/imais.online\/portal\/wp-json\/wp\/v2\/posts\/21671","targetHints":{"allow":["GET"]}}],"collection":[{"href":"https:\/\/imais.online\/portal\/wp-json\/wp\/v2\/posts"}],"about":[{"href":"https:\/\/imais.online\/portal\/wp-json\/wp\/v2\/types\/post"}],"author":[{"embeddable":true,"href":"https:\/\/imais.online\/portal\/wp-json\/wp\/v2\/users\/8"}],"replies":[{"embeddable":true,"href":"https:\/\/imais.online\/portal\/wp-json\/wp\/v2\/comments?post=21671"}],"version-history":[{"count":1,"href":"https:\/\/imais.online\/portal\/wp-json\/wp\/v2\/posts\/21671\/revisions"}],"predecessor-version":[{"id":21673,"href":"https:\/\/imais.online\/portal\/wp-json\/wp\/v2\/posts\/21671\/revisions\/21673"}],"wp:featuredmedia":[{"embeddable":true,"href":"https:\/\/imais.online\/portal\/wp-json\/wp\/v2\/media\/21672"}],"wp:attachment":[{"href":"https:\/\/imais.online\/portal\/wp-json\/wp\/v2\/media?parent=21671"}],"wp:term":[{"taxonomy":"category","embeddable":true,"href":"https:\/\/imais.online\/portal\/wp-json\/wp\/v2\/categories?post=21671"},{"taxonomy":"post_tag","embeddable":true,"href":"https:\/\/imais.online\/portal\/wp-json\/wp\/v2\/tags?post=21671"}],"curies":[{"name":"wp","href":"https:\/\/api.w.org\/{rel}","templated":true}]}}