{"id":21684,"date":"2024-01-29T10:18:22","date_gmt":"2024-01-29T13:18:22","guid":{"rendered":"https:\/\/imais.online\/portal\/?p=21684"},"modified":"2024-01-29T10:18:23","modified_gmt":"2024-01-29T13:18:23","slug":"destrocos-espalhados-por-1-km-chuva-e-volta-de-chacara-o-que-se-sabe-sobre-queda-de-aviao-em-mg","status":"publish","type":"post","link":"https:\/\/imais.online\/portal\/destrocos-espalhados-por-1-km-chuva-e-volta-de-chacara-o-que-se-sabe-sobre-queda-de-aviao-em-mg\/","title":{"rendered":"Destro\u00e7os espalhados por 1 km, chuva e volta de ch\u00e1cara: o que se sabe sobre queda de avi\u00e3o em MG"},"content":{"rendered":"<div class=\"imais-before-content-placement\" id=\"imais-137988531\"><script async src=\"\/\/pagead2.googlesyndication.com\/pagead\/js\/adsbygoogle.js?client=ca-pub-8787528412751566\" crossorigin=\"anonymous\"><\/script><ins class=\"adsbygoogle\" style=\"display:block;\" data-ad-client=\"ca-pub-8787528412751566\" \ndata-ad-slot=\"\" \ndata-ad-format=\"auto\"><\/ins>\n<script> \n(adsbygoogle = window.adsbygoogle || []).push({}); \n<\/script>\n<\/div>\n<h2 class=\"wp-block-heading\">Aeronave se desintegrou no ar, e as partes ca\u00edram em um raio de 1 km, de acordo com os bombeiros. Monomotor saiu de Campinas (SP) com destino a Belo Horizonte (MG).<\/h2>\n\n\n\n<p>Um\u00a0<a class=\"\" href=\"https:\/\/g1.globo.com\/mg\/sul-de-minas\/noticia\/2024\/01\/28\/aviao-cai-em-itapeva-mg.ghtml\">avi\u00e3o de pequeno porte caiu e deixou sete pessoas mortas\u00a0<\/a>neste domingo (28) em\u00a0<a class=\"\" href=\"https:\/\/g1.globo.com\/mg\/sul-de-minas\/cidade\/itapeva-mg\/\">Itapeva (MG)<\/a>. As v\u00edtimas s\u00e3o\u00a0<a class=\"\" href=\"https:\/\/g1.globo.com\/mg\/sul-de-minas\/noticia\/2024\/01\/28\/saiba-quem-sao-as-vitimas-de-queda-de-aviao-em-mg.ghtml\">dois empres\u00e1rios do ramo financeiro<\/a>, familiares deles, o piloto e o copiloto do voo.<\/p>\n\n\n\n<p><strong>Veja abaixo que se sabe o que falta saber sobre o acidente:<\/strong><\/p>\n\n\n\n<figure class=\"wp-block-image\"><img decoding=\"async\" src=\"https:\/\/s2-g1.glbimg.com\/1Fflujz4AnouaYBgC3DYXvH3A1Y=\/0x0:1700x1065\/984x0\/smart\/filters:strip_icc()\/i.s3.glbimg.com\/v1\/AUTH_59edd422c0c84a879bd37670ae4f538a\/internal_photos\/bs\/2024\/l\/F\/aSL0LCTTemjkp1kREc9w\/cai-aviao.jpeg\" alt=\"Destro\u00e7os do avi\u00e3o que caiu na rural de Itapeva, MG \u2014 Foto: Redes sociais\"\/><\/figure>\n\n\n\n<p>Destro\u00e7os do avi\u00e3o que caiu na rural de Itapeva, MG \u2014 Foto: Redes sociais<\/p>\n\n\n\n<p>O avi\u00e3o caiu por volta de 10h36 deste domingo (28) no Bairro Monjolinho, na zona rural de Itapeva (MG). Moradores informaram que choveu forte na manh\u00e3 deste domingo em Itapeva.<\/p>\n\n\n\n<figure class=\"wp-block-image\"><img decoding=\"async\" src=\"https:\/\/s2-g1.glbimg.com\/3BiSf8kCzoy3eMlkt0gjzglo1Tk=\/0x0:1700x1065\/984x0\/smart\/filters:strip_icc()\/i.s3.glbimg.com\/v1\/AUTH_59edd422c0c84a879bd37670ae4f538a\/internal_photos\/bs\/2024\/O\/S\/lVp3MYTU2a4XfNpuXbJg\/cai-aviao.jpg\" alt=\"Avi\u00e3o cai em Itapeva, MG \u2014 Foto: Redes sociais\"\/><\/figure>\n\n\n\n<p>Avi\u00e3o cai em Itapeva, MG \u2014 Foto: Redes sociais<\/p>\n\n\n\n<p>De acordo com o Corpo de Bombeiros, antes da queda, a aeronave se desintegrou no ar. A m\u00e9dica-legista que esteve no local para remo\u00e7\u00e3o dos corpos informou que aeronave se partiu em tr\u00eas fragmentos maiores e outros menores.\u00a0Os destro\u00e7os foram encontrados em um raio de 1 km de dist\u00e2ncia, segundo os Bombeiros.<\/p>\n\n\n\n<h2 class=\"wp-block-heading\"><strong>Qual era a rota do avi\u00e3o?<\/strong><\/h2>\n\n\n\n<figure class=\"wp-block-image\"><img decoding=\"async\" src=\"https:\/\/s2-g1.glbimg.com\/FNmFswF1sl-DefvmM4KjIs6B6Gs=\/0x0:650x618\/984x0\/smart\/filters:strip_icc()\/i.s3.glbimg.com\/v1\/AUTH_59edd422c0c84a879bd37670ae4f538a\/internal_photos\/bs\/2024\/J\/p\/rZABm8RVmzxvAy1S0W3g\/queda-de-aviao-em-itapeva.jpg\" alt=\"Aeronave de pequeno porte caiu na zona rural de Itapeva (MG) \u2014 Foto: Arte\/g1\"\/><\/figure>\n\n\n\n<p>Aeronave de pequeno porte caiu na zona rural de Itapeva (MG) \u2014 Foto: Arte\/g1<\/p>\n\n\n\n<p>O avi\u00e3o saiu do Aeroporto dos Amarais, em&nbsp;<a class=\"\" href=\"https:\/\/g1.globo.com\/sp\/campinas-regiao\/cidade\/campinas\/\">Campinas (SP)<\/a>, \u00e0s 10h09, com destino a&nbsp;<a class=\"\" href=\"https:\/\/g1.globo.com\/mg\/minas-gerais\/cidade\/belo-horizonte\/\">Belo Horizonte (MG)<\/a>. Uma funcion\u00e1ria da empresa de duas das v\u00edtimas explicou que&nbsp;as fam\u00edlias estavam em Campinas, na semana passada, para uma premia\u00e7\u00e3o.&nbsp;<a class=\"\" href=\"https:\/\/g1.globo.com\/mg\/minas-gerais\/noticia\/2024\/01\/28\/aviao-que-caiu-em-mg-transportava-dois-empresarios-e-familiares-para-bh-apos-fim-de-semana-em-chacara.ghtml\">Antes de voltarem a Belo Horizonte, decidiram passar o fim de semana na ch\u00e1cara de um amigo, em Itu (SP)<\/a>.<\/p>\n\n\n\n<p>A aeronave, modelo Piper PA46, chegou ao Campo dos Amarais na sexta-feira (26), \u00e0s 12h48, e permaneceu em hangar particular.<\/p>\n\n\n\n<h2 class=\"wp-block-heading\"><strong>Quem s\u00e3o as pessoas que estavam no avi\u00e3o?<\/strong><\/h2>\n\n\n\n<p>Sete pessoas estavam na aeronave, sendo cinco passageiros e dois tripulantes. Todos morreram.<\/p>\n\n\n\n<p><strong>As v\u00edtimas s\u00e3o:<\/strong><\/p>\n\n\n\n<figure class=\"wp-block-image\"><img decoding=\"async\" src=\"https:\/\/s2-g1.glbimg.com\/YXn5x2amgEusZPlXfiNBSLf4xtQ=\/0x0:1700x1065\/984x0\/smart\/filters:strip_icc()\/i.s3.glbimg.com\/v1\/AUTH_59edd422c0c84a879bd37670ae4f538a\/internal_photos\/bs\/2024\/t\/r\/n7DI91ReuhF7jvEBddGQ\/vitimas-acidente-aviao-itapeva.jpg\" alt=\"Quem s\u00e3o as v\u00edtimas de queda de avi\u00e3o em MG \u2014 Foto: Reprodu\u00e7\u00e3o\"\/><\/figure>\n\n\n\n<p>Quem s\u00e3o as v\u00edtimas de queda de avi\u00e3o em MG \u2014 Foto: Reprodu\u00e7\u00e3o<\/p>\n\n\n\n<ol class=\"wp-block-list\">\n<li><strong>Marc\u00edlio Franco da Silveira, 42 anos<\/strong>: Empres\u00e1rio e marido de Raquel. Marc\u00edlio era o fundador da Credfranco e Presidente da Anec. Marc\u00edlio ser\u00e1 velado e sepultado em Belo Horizonte junto com a esposa e o filho.<\/li>\n\n\n\n<li><strong>Raquel Souza Neves Silveira, 40 anos:<\/strong>&nbsp;Esposa de Marc\u00edlio. Raquel ser\u00e1 velada e sepultada em Belo Horizonte junto com o marido e o filho.<\/li>\n\n\n\n<li><strong>Ant\u00f4nio Neves Silveira, 2 anos:<\/strong>&nbsp;Filho de Raquel e Marcilio. Ant\u00f4nio ser\u00e1 velado e sepultado em Belo Horizonte junto com os pais.<\/li>\n\n\n\n<li><strong>Andr\u00e9 Rodrigues do Amaral, 40 anos:<\/strong>&nbsp;Empres\u00e1rio. Andr\u00e9 era Conselheiro Administrativo da ANEC e s\u00f3cio de Marc\u00edlio na Credfranco. Andr\u00e9 vai ser velado e sepultado em Carm\u00f3polis de Minas (MG), cidade natal dele, junto com a esposa.<\/li>\n\n\n\n<li><strong>Fernanda Lu\u00edsa Costa Amaral, 38 anos:<\/strong>&nbsp;Esposa de Andr\u00e9. Fernanda vai ser velada em Carm\u00f3polis de Minas junto com o marido.<\/li>\n\n\n\n<li><strong>Geberson Henrique Tadeu Chagas Pereira:&nbsp;<\/strong>Piloto.<\/li>\n\n\n\n<li><strong>Gabriel de Almeida Quint\u00e3o Ara\u00fajo, 25 anos:&nbsp;<\/strong>Copiloto.<\/li>\n<\/ol>\n\n\n\n<figure class=\"wp-block-image\"><img decoding=\"async\" src=\"https:\/\/s2-g1.glbimg.com\/Gi-VeerGuQenMHvcJclB7Q4YJrk=\/0x0:335x296\/984x0\/smart\/filters:strip_icc()\/i.s3.glbimg.com\/v1\/AUTH_59edd422c0c84a879bd37670ae4f538a\/internal_photos\/bs\/2024\/u\/t\/0aVmxBRBeA6bP4VOy4UQ\/marcilio-e-raquel-.jpeg\" alt=\"Raquel Souza Neves Silveira e o marido, Marc\u00edlio \u2014 Foto: Redes sociais\"\/><\/figure>\n\n\n\n<p>Raquel Souza Neves Silveira e o marido, Marc\u00edlio \u2014 Foto: Redes sociais<\/p>\n\n\n\n<figure class=\"wp-block-image\"><img decoding=\"async\" src=\"https:\/\/s2-g1.glbimg.com\/fJalQJCaGQo2FY_AZIxrK-z20C0=\/0x0:333x269\/984x0\/smart\/filters:strip_icc()\/i.s3.glbimg.com\/v1\/AUTH_59edd422c0c84a879bd37670ae4f538a\/internal_photos\/bs\/2024\/T\/6\/40TaN4TDeoRsb4qYPfDw\/andre-e-fernanda-.jpeg\" alt=\"Fernanda Lu\u00edsa Costa Amaral e o marido, Andr\u00e9 \u2014 Foto: Redes sociais\"\/><\/figure>\n\n\n\n<p>Fernanda Lu\u00edsa Costa Amaral e o marido, Andr\u00e9 \u2014 Foto: Redes sociais<\/p>\n\n\n\n<h2 class=\"wp-block-heading\"><strong>Para onde os corpos foram levados?<\/strong><\/h2>\n\n\n\n<figure class=\"wp-block-image\"><img decoding=\"async\" src=\"https:\/\/s2-g1.glbimg.com\/b-TW4LAp3S5glqAvRJTtsRDn138=\/0x0:1700x1065\/984x0\/smart\/filters:strip_icc()\/i.s3.glbimg.com\/v1\/AUTH_59edd422c0c84a879bd37670ae4f538a\/internal_photos\/bs\/2024\/P\/d\/SGZJAATVitiUz4sO6QoA\/cai-aviao.jpeg\" alt=\"Avi\u00e3o cai em Itapeva, MG \u2014 Foto: Redes sociais\"\/><\/figure>\n\n\n\n<p>Avi\u00e3o cai em Itapeva, MG \u2014 Foto: Redes sociais<\/p>\n\n\n\n<p>A Pol\u00edcia Civil informou que os corpos foram encaminhados para o IML de&nbsp;<a class=\"\" href=\"https:\/\/g1.globo.com\/mg\/sul-de-minas\/cidade\/pouso-alegre\/\">Pouso Alegre<\/a>&nbsp;para identifica\u00e7\u00e3o. Apesar da confirma\u00e7\u00e3o dos nomes das v\u00edtimas pela CredFranco, a Pol\u00edcia Civil informou que s\u00f3 ser\u00e1 poss\u00edvel identific\u00e1-las ap\u00f3s t\u00e9cnicas de antropologia forense ou DNA.<\/p>\n\n\n\n<h2 class=\"wp-block-heading\"><strong>O que causou o acidente?<\/strong><\/h2>\n\n\n\n<p>At\u00e9 o momento n\u00e3o h\u00e1 informa\u00e7\u00f5es precisas sobre as circunst\u00e2ncias do acidente. O Centro de Investiga\u00e7\u00e3o e Preven\u00e7\u00e3o de Acidentes Aeron\u00e1uticos (Cenipa) foi acionado e vai conduzir os trabalhos.<\/p>\n\n\n\n<p>Conforme dados da Ag\u00eancia Nacional de Avia\u00e7\u00e3o Civil (Anac), a aeronave de matr\u00edcula PS-MTG foi fabricada em 1996 pela Piper Aircraft, \u00e9 registrada como uma aeronave de servi\u00e7o a\u00e9reo privado e n\u00e3o possui permiss\u00e3o para realizar t\u00e1xi a\u00e9reo. Ela estava com situa\u00e7\u00e3o normal para aeronavegabilidade.<\/p>\n\n\n\n<p>Fonte G1<\/p>\n","protected":false},"excerpt":{"rendered":"<p>Aeronave se desintegrou no ar, e as partes ca\u00edram em um raio de 1 km, de acordo com os bombeiros. Monomotor saiu de Campinas (SP) com destino a Belo Horizonte (MG). Um\u00a0avi\u00e3o de pequeno porte caiu e deixou sete pessoas mortas\u00a0neste domingo (28) em\u00a0Itapeva (MG). As v\u00edtimas s\u00e3o\u00a0dois empres\u00e1rios do ramo financeiro, familiares deles, o [&hellip;]<\/p>\n","protected":false},"author":8,"featured_media":21685,"comment_status":"closed","ping_status":"open","sticky":false,"template":"","format":"standard","meta":{"rop_custom_images_group":[],"rop_custom_messages_group":[],"rop_publish_now":"initial","rop_publish_now_accounts":[],"rop_publish_now_history":[],"rop_publish_now_status":"pending","footnotes":""},"categories":[189],"tags":[73],"class_list":["post-21684","post","type-post","status-publish","format-standard","has-post-thumbnail","hentry","category-brasil","tag-featured"],"amp_enabled":true,"_links":{"self":[{"href":"https:\/\/imais.online\/portal\/wp-json\/wp\/v2\/posts\/21684","targetHints":{"allow":["GET"]}}],"collection":[{"href":"https:\/\/imais.online\/portal\/wp-json\/wp\/v2\/posts"}],"about":[{"href":"https:\/\/imais.online\/portal\/wp-json\/wp\/v2\/types\/post"}],"author":[{"embeddable":true,"href":"https:\/\/imais.online\/portal\/wp-json\/wp\/v2\/users\/8"}],"replies":[{"embeddable":true,"href":"https:\/\/imais.online\/portal\/wp-json\/wp\/v2\/comments?post=21684"}],"version-history":[{"count":1,"href":"https:\/\/imais.online\/portal\/wp-json\/wp\/v2\/posts\/21684\/revisions"}],"predecessor-version":[{"id":21686,"href":"https:\/\/imais.online\/portal\/wp-json\/wp\/v2\/posts\/21684\/revisions\/21686"}],"wp:featuredmedia":[{"embeddable":true,"href":"https:\/\/imais.online\/portal\/wp-json\/wp\/v2\/media\/21685"}],"wp:attachment":[{"href":"https:\/\/imais.online\/portal\/wp-json\/wp\/v2\/media?parent=21684"}],"wp:term":[{"taxonomy":"category","embeddable":true,"href":"https:\/\/imais.online\/portal\/wp-json\/wp\/v2\/categories?post=21684"},{"taxonomy":"post_tag","embeddable":true,"href":"https:\/\/imais.online\/portal\/wp-json\/wp\/v2\/tags?post=21684"}],"curies":[{"name":"wp","href":"https:\/\/api.w.org\/{rel}","templated":true}]}}