{"id":21687,"date":"2024-01-29T10:20:44","date_gmt":"2024-01-29T13:20:44","guid":{"rendered":"https:\/\/imais.online\/portal\/?p=21687"},"modified":"2024-01-29T10:20:45","modified_gmt":"2024-01-29T13:20:45","slug":"neta-de-monteiro-lobato-joyce-campos-morre-aos-93-anos-em-americana","status":"publish","type":"post","link":"https:\/\/imais.online\/portal\/neta-de-monteiro-lobato-joyce-campos-morre-aos-93-anos-em-americana\/","title":{"rendered":"Neta de Monteiro Lobato, Joyce Campos morre aos 93 anos em Americana"},"content":{"rendered":"<div class=\"imais-before-content-placement\" id=\"imais-2984793330\"><script async src=\"\/\/pagead2.googlesyndication.com\/pagead\/js\/adsbygoogle.js?client=ca-pub-8787528412751566\" crossorigin=\"anonymous\"><\/script><ins class=\"adsbygoogle\" style=\"display:block;\" data-ad-client=\"ca-pub-8787528412751566\" \ndata-ad-slot=\"\" \ndata-ad-format=\"auto\"><\/ins>\n<script> \n(adsbygoogle = window.adsbygoogle || []).push({}); \n<\/script>\n<\/div>\n<h2 class=\"wp-block-heading\">Enterro da arquiteta, que teria servido de inspira\u00e7\u00e3o para um livro da colet\u00e2nea S\u00edtio do Pica Pau Amarelo, ocorrer\u00e1 em Limeira.<\/h2>\n\n\n\n<p>O vel\u00f3rio da neta do escritor Monteiro Lobato&nbsp;<strong>Joyce Campos<\/strong>, que morreu aos 93 anos em&nbsp;<a class=\"\" href=\"https:\/\/g1.globo.com\/sp\/campinas-regiao\/cidade\/americana\/\">Americana (SP)<\/a>, ocorrer\u00e1 em&nbsp;<a class=\"\" href=\"https:\/\/g1.globo.com\/sp\/piracicaba-regiao\/cidade\/limeira\/\">Limeira (SP)<\/a>&nbsp;nesta segunda-feira (29).<\/p>\n\n\n\n<p>Joyce, que era arquiteta, morreu de causas naturais na sexta-feira (26), segundo a Funer\u00e1ria Bom Pastor. O falecimento foi confirmado pela filha dela, Cleo Monteiro Lobato, por meio de redes sociais.<\/p>\n\n\n\n<p>O vel\u00f3rio de Joyce ocorrer\u00e1 a partir de 15h no Monumental Bom Pastor, onde tamb\u00e9m ser\u00e1 feita a crema\u00e7\u00e3o do corpo.<\/p>\n\n\n\n<h2 class=\"wp-block-heading\">Homenagens<\/h2>\n\n\n\n<p>A Prefeitura de\u00a0<a class=\"\" href=\"https:\/\/g1.globo.com\/sp\/vale-do-paraiba-regiao\/cidade\/taubate\/\">Taubat\u00e9 (SP)<\/a>, cidade onde o escritor nasceu, decretou luto de tr\u00eas dias em homenagem \u00e0 arquiteta.<\/p>\n\n\n\n<p>&#8220;Joyce foi presen\u00e7a marcante e generosa para o Museu Monteiro Lobato, dedicando seu tempo e seu esfor\u00e7o para manter viva a mem\u00f3ria e o legado de seu av\u00f4&#8221;, informou a administra\u00e7\u00e3o municipal.<\/p>\n\n\n\n<p>Diversos posts em redes sociais tamb\u00e9m lamentaram a morte e homenagearam a neta do escritor.<\/p>\n\n\n\n<p>Um deles, compartilhado pela filha da arquiteta, afirma que Joyce teria at\u00e9 inspirado trechos de &#8220;A Reforma da Natureza&#8221;, um dos livros que comp\u00f5e a colet\u00e2nea S\u00edtio do Pica Pau Amarelo &#8211; obra mais conhecida de Monteiro Lobato.<\/p>\n\n\n\n<figure class=\"wp-block-image\"><img decoding=\"async\" src=\"https:\/\/s2-g1.glbimg.com\/WYjfJ9k42PTrhcJW_0yK63--BM0=\/0x0:812x390\/984x0\/smart\/filters:strip_icc()\/i.s3.glbimg.com\/v1\/AUTH_59edd422c0c84a879bd37670ae4f538a\/internal_photos\/bs\/2024\/o\/8\/YrC3FyQDOdxG4DKbkK6g\/joyce-campos-reproducao-instagram.jpg\" alt=\"Post no Instagram homenageia neta de Monteiro Lobato que morreu em Americana \u2014 Foto: Reprodu\u00e7\u00e3o\/Instagram\"\/><\/figure>\n\n\n\n<p>Post no Instagram homenageia neta de Monteiro Lobato que morreu em Americana \u2014 Foto: Reprodu\u00e7\u00e3o\/Instagram<\/p>\n\n\n\n<p>Fonte G1<\/p>\n","protected":false},"excerpt":{"rendered":"<p>Enterro da arquiteta, que teria servido de inspira\u00e7\u00e3o para um livro da colet\u00e2nea S\u00edtio do Pica Pau Amarelo, ocorrer\u00e1 em Limeira. O vel\u00f3rio da neta do escritor Monteiro Lobato&nbsp;Joyce Campos, que morreu aos 93 anos em&nbsp;Americana (SP), ocorrer\u00e1 em&nbsp;Limeira (SP)&nbsp;nesta segunda-feira (29). Joyce, que era arquiteta, morreu de causas naturais na sexta-feira (26), segundo a [&hellip;]<\/p>\n","protected":false},"author":8,"featured_media":21688,"comment_status":"closed","ping_status":"open","sticky":false,"template":"","format":"standard","meta":{"rop_custom_images_group":[],"rop_custom_messages_group":[],"rop_publish_now":"initial","rop_publish_now_accounts":[],"rop_publish_now_history":[],"rop_publish_now_status":"pending","footnotes":""},"categories":[237],"tags":[],"class_list":["post-21687","post","type-post","status-publish","format-standard","has-post-thumbnail","hentry","category-luto"],"amp_enabled":true,"_links":{"self":[{"href":"https:\/\/imais.online\/portal\/wp-json\/wp\/v2\/posts\/21687","targetHints":{"allow":["GET"]}}],"collection":[{"href":"https:\/\/imais.online\/portal\/wp-json\/wp\/v2\/posts"}],"about":[{"href":"https:\/\/imais.online\/portal\/wp-json\/wp\/v2\/types\/post"}],"author":[{"embeddable":true,"href":"https:\/\/imais.online\/portal\/wp-json\/wp\/v2\/users\/8"}],"replies":[{"embeddable":true,"href":"https:\/\/imais.online\/portal\/wp-json\/wp\/v2\/comments?post=21687"}],"version-history":[{"count":1,"href":"https:\/\/imais.online\/portal\/wp-json\/wp\/v2\/posts\/21687\/revisions"}],"predecessor-version":[{"id":21689,"href":"https:\/\/imais.online\/portal\/wp-json\/wp\/v2\/posts\/21687\/revisions\/21689"}],"wp:featuredmedia":[{"embeddable":true,"href":"https:\/\/imais.online\/portal\/wp-json\/wp\/v2\/media\/21688"}],"wp:attachment":[{"href":"https:\/\/imais.online\/portal\/wp-json\/wp\/v2\/media?parent=21687"}],"wp:term":[{"taxonomy":"category","embeddable":true,"href":"https:\/\/imais.online\/portal\/wp-json\/wp\/v2\/categories?post=21687"},{"taxonomy":"post_tag","embeddable":true,"href":"https:\/\/imais.online\/portal\/wp-json\/wp\/v2\/tags?post=21687"}],"curies":[{"name":"wp","href":"https:\/\/api.w.org\/{rel}","templated":true}]}}