{"id":21691,"date":"2024-01-30T10:02:42","date_gmt":"2024-01-30T13:02:42","guid":{"rendered":"https:\/\/imais.online\/portal\/?p=21691"},"modified":"2024-01-30T10:02:43","modified_gmt":"2024-01-30T13:02:43","slug":"prefeitura-de-indaiatuba-realiza-formatura-do-curso-de-libras-para-49-participantes","status":"publish","type":"post","link":"https:\/\/imais.online\/portal\/prefeitura-de-indaiatuba-realiza-formatura-do-curso-de-libras-para-49-participantes\/","title":{"rendered":"Prefeitura de Indaiatuba realiza formatura do Curso de Libras para 49 participantes"},"content":{"rendered":"<div class=\"imais-before-content-placement\" id=\"imais-1707274157\"><script async src=\"\/\/pagead2.googlesyndication.com\/pagead\/js\/adsbygoogle.js?client=ca-pub-8787528412751566\" crossorigin=\"anonymous\"><\/script><ins class=\"adsbygoogle\" style=\"display:block;\" data-ad-client=\"ca-pub-8787528412751566\" \ndata-ad-slot=\"\" \ndata-ad-format=\"auto\"><\/ins>\n<script> \n(adsbygoogle = window.adsbygoogle || []).push({}); \n<\/script>\n<\/div>\n<p><em><small>Aulas aconteceram durante o ano passado nos n\u00edveis b\u00e1sico e intermedi\u00e1rio<\/small><\/em><\/p>\n\n\n\n<p>A Prefeitura de Indaiatuba atrav\u00e9s da Secretaria de Assist\u00eancia Social realizou na \u00faltima segunda-feira (29) a formatura do Curso de Libras (L\u00edngua Brasileira de Sinais) para 49 participantes, que participaram das aulas no ano passado nos n\u00edveis b\u00e1sico e intermedi\u00e1rio. O evento contou com a presen\u00e7a do prefeito em exerc\u00edcio, dr. T\u00falio Tomass do Couto, do secret\u00e1rio de Assist\u00eancia Social, D\u00e9cio Rocha e do vereador, Alexandre Peres.<\/p>\n\n\n\n<p>Segundo dr. T\u00falio, este curso s\u00f3 traz benef\u00edcios para a popula\u00e7\u00e3o e estimula a inclus\u00e3o social. \u201cOferecer cursos gratuitos ajuda a promover a inclus\u00e3o social, permitindo que as pessoas surdas se comuniquem de maneira eficaz com a sociedade em geral. Isso \u00e9 especialmente importante em contextos como escolas, hospitais, reparti\u00e7\u00f5es p\u00fablicas e servi\u00e7os em geral.&nbsp;O acesso \u00e0 comunica\u00e7\u00e3o \u00e9 um direito humano fundamental. Oferecer cursos de Libras gratuitos contribui para a garantia dos direitos das pessoas surdas, promovendo a igualdade e combatendo a discrimina\u00e7\u00e3o\u201d, comentou o prefeito em exerc\u00edcio, dr. T\u00falio Tomass do Couto.<\/p>\n\n\n\n<p>A Prefeitura lan\u00e7ou no \u00faltimo dia 15 de janeiro mais uma turma para o Curso de Libras, dando continuidade no projeto para a popula\u00e7\u00e3o de Indaiatuba. Devido \u00e0 alta procura, toda as vagas j\u00e1 foram preenchidas e a expectativa \u00e9 que novas turmas sejam lan\u00e7adas no segundo semestre de 2024.<\/p>\n\n\n\n<p><strong>#PraTodosVerem:&nbsp;<\/strong>Foto mostra o prefeito em exerc\u00edcio, Dr. T\u00falio Tomass do Couto, \u00e0 esquerda, de lado, com um microfone na m\u00e3o, discursando para a plateia do Audit\u00f3rio da Prefeitura, \u00e0 direita os formandos do curso de libras e seus familiares assistem a fala de Dr. T\u00falio. Fim da descri\u00e7\u00e3o.<\/p>\n","protected":false},"excerpt":{"rendered":"<p>Aulas aconteceram durante o ano passado nos n\u00edveis b\u00e1sico e intermedi\u00e1rio A Prefeitura de Indaiatuba atrav\u00e9s da Secretaria de Assist\u00eancia Social realizou na \u00faltima segunda-feira (29) a formatura do Curso de Libras (L\u00edngua Brasileira de Sinais) para 49 participantes, que participaram das aulas no ano passado nos n\u00edveis b\u00e1sico e intermedi\u00e1rio. O evento contou com [&hellip;]<\/p>\n","protected":false},"author":8,"featured_media":21692,"comment_status":"closed","ping_status":"open","sticky":false,"template":"","format":"standard","meta":{"rop_custom_images_group":[],"rop_custom_messages_group":[],"rop_publish_now":"initial","rop_publish_now_accounts":[],"rop_publish_now_history":[],"rop_publish_now_status":"pending","footnotes":""},"categories":[188],"tags":[],"class_list":["post-21691","post","type-post","status-publish","format-standard","has-post-thumbnail","hentry","category-indaiatuba"],"amp_enabled":true,"_links":{"self":[{"href":"https:\/\/imais.online\/portal\/wp-json\/wp\/v2\/posts\/21691","targetHints":{"allow":["GET"]}}],"collection":[{"href":"https:\/\/imais.online\/portal\/wp-json\/wp\/v2\/posts"}],"about":[{"href":"https:\/\/imais.online\/portal\/wp-json\/wp\/v2\/types\/post"}],"author":[{"embeddable":true,"href":"https:\/\/imais.online\/portal\/wp-json\/wp\/v2\/users\/8"}],"replies":[{"embeddable":true,"href":"https:\/\/imais.online\/portal\/wp-json\/wp\/v2\/comments?post=21691"}],"version-history":[{"count":1,"href":"https:\/\/imais.online\/portal\/wp-json\/wp\/v2\/posts\/21691\/revisions"}],"predecessor-version":[{"id":21693,"href":"https:\/\/imais.online\/portal\/wp-json\/wp\/v2\/posts\/21691\/revisions\/21693"}],"wp:featuredmedia":[{"embeddable":true,"href":"https:\/\/imais.online\/portal\/wp-json\/wp\/v2\/media\/21692"}],"wp:attachment":[{"href":"https:\/\/imais.online\/portal\/wp-json\/wp\/v2\/media?parent=21691"}],"wp:term":[{"taxonomy":"category","embeddable":true,"href":"https:\/\/imais.online\/portal\/wp-json\/wp\/v2\/categories?post=21691"},{"taxonomy":"post_tag","embeddable":true,"href":"https:\/\/imais.online\/portal\/wp-json\/wp\/v2\/tags?post=21691"}],"curies":[{"name":"wp","href":"https:\/\/api.w.org\/{rel}","templated":true}]}}