{"id":21700,"date":"2024-01-30T10:32:41","date_gmt":"2024-01-30T13:32:41","guid":{"rendered":"https:\/\/imais.online\/portal\/?p=21700"},"modified":"2024-01-30T10:32:42","modified_gmt":"2024-01-30T13:32:42","slug":"imagens-impressionantes-mostram-acido-invadindo-pista-da-serra-dona-francisca","status":"publish","type":"post","link":"https:\/\/imais.online\/portal\/imagens-impressionantes-mostram-acido-invadindo-pista-da-serra-dona-francisca\/","title":{"rendered":"Imagens impressionantes mostram \u00e1cido invadindo pista da Serra Dona Francisca"},"content":{"rendered":"<div class=\"imais-before-content-placement\" id=\"imais-1710943205\"><script async src=\"\/\/pagead2.googlesyndication.com\/pagead\/js\/adsbygoogle.js?client=ca-pub-8787528412751566\" crossorigin=\"anonymous\"><\/script><ins class=\"adsbygoogle\" style=\"display:block;\" data-ad-client=\"ca-pub-8787528412751566\" \ndata-ad-slot=\"\" \ndata-ad-format=\"auto\"><\/ins>\n<script> \n(adsbygoogle = window.adsbygoogle || []).push({}); \n<\/script>\n<\/div>\n<h2 class=\"wp-block-heading\">Serra Dona Francisca foi interditada ap\u00f3s acidente causar vazamento de \u00e1cido sulf\u00f4nico no rio Cubat\u00e3o<\/h2>\n\n\n\n<p>Novas imagens divulgadas por motoristas que passaram pela Serra Dona Francisca ap\u00f3s o acidente com um caminh\u00e3o, que derramou<a href=\"https:\/\/ndmais.com.br\/saude\/acido-sulfonico-rio-joinville\/\">\u00a0\u00e1cido sulf\u00f4nico<\/a>\u00a0no rio Cubat\u00e3o na manh\u00e3 desta segunda-feira (29), d\u00e3o a dimens\u00e3o do problema em\u00a0<a href=\"https:\/\/ndmais.com.br\/joinville\/\">Joinville<\/a>. O \u00e1cido chegou a invadir a pista da SC-418 e as cenas impressionam.<\/p>\n\n\n\n<p>Em alguns pontos da rodovia, a pista ficou completamente tomada pela espuma gerada pelo \u00e1cido sulf\u00f4nico. O tr\u00e2nsito na Serra Dona Francisca foi interditado logo ap\u00f3s o acidente e ainda n\u00e3o h\u00e1 previs\u00e3o de libera\u00e7\u00e3o.<\/p>\n\n\n\n<p>Por conta do vazamento de produto qu\u00edmico, a<a href=\"https:\/\/www.joinville.sc.gov.br\/\" target=\"_blank\" rel=\"noreferrer noopener\">&nbsp;Prefeitura de Joinville<\/a>&nbsp;e a Companhia \u00c1guas de Joinville instalaram um Gabinete de Crise para acompanhar a situa\u00e7\u00e3o.<\/p>\n\n\n\n<p>Como primeira medida, a Esta\u00e7\u00e3o de Tratamento de \u00c1gua (ETA) do Cubat\u00e3o fechou preventivamente a capta\u00e7\u00e3o. Isso porque ainda n\u00e3o se sabe a extens\u00e3o do derramamento.<\/p>\n\n\n\n<figure class=\"wp-block-image size-large\"><img loading=\"lazy\" decoding=\"async\" width=\"768\" height=\"1024\" src=\"https:\/\/imais.online\/portal\/wp-content\/uploads\/2024\/01\/acido-sulfonico-serra-975x1300-1-768x1024.webp\" alt=\"\" class=\"wp-image-21701\" srcset=\"https:\/\/imais.online\/portal\/wp-content\/uploads\/2024\/01\/acido-sulfonico-serra-975x1300-1-768x1024.webp 768w, https:\/\/imais.online\/portal\/wp-content\/uploads\/2024\/01\/acido-sulfonico-serra-975x1300-1-225x300.webp 225w, https:\/\/imais.online\/portal\/wp-content\/uploads\/2024\/01\/acido-sulfonico-serra-975x1300-1.webp 975w\" sizes=\"auto, (max-width: 768px) 100vw, 768px\" \/><\/figure>\n\n\n\n<p><\/p>\n\n\n\n<figure class=\"wp-block-image size-large\"><img loading=\"lazy\" decoding=\"async\" width=\"1024\" height=\"768\" src=\"https:\/\/imais.online\/portal\/wp-content\/uploads\/2024\/01\/peixes-rio-pma-7-1300x975-1-1024x768.webp\" alt=\"\" class=\"wp-image-21702\" srcset=\"https:\/\/imais.online\/portal\/wp-content\/uploads\/2024\/01\/peixes-rio-pma-7-1300x975-1-1024x768.webp 1024w, https:\/\/imais.online\/portal\/wp-content\/uploads\/2024\/01\/peixes-rio-pma-7-1300x975-1-300x225.webp 300w, https:\/\/imais.online\/portal\/wp-content\/uploads\/2024\/01\/peixes-rio-pma-7-1300x975-1-768x576.webp 768w, https:\/\/imais.online\/portal\/wp-content\/uploads\/2024\/01\/peixes-rio-pma-7-1300x975-1.webp 1300w\" sizes=\"auto, (max-width: 1024px) 100vw, 1024px\" \/><\/figure>\n\n\n\n<p>Fonte Nd Mais <\/p>\n","protected":false},"excerpt":{"rendered":"<p>Serra Dona Francisca foi interditada ap\u00f3s acidente causar vazamento de \u00e1cido sulf\u00f4nico no rio Cubat\u00e3o Novas imagens divulgadas por motoristas que passaram pela Serra Dona Francisca ap\u00f3s o acidente com um caminh\u00e3o, que derramou\u00a0\u00e1cido sulf\u00f4nico\u00a0no rio Cubat\u00e3o na manh\u00e3 desta segunda-feira (29), d\u00e3o a dimens\u00e3o do problema em\u00a0Joinville. O \u00e1cido chegou a invadir a pista [&hellip;]<\/p>\n","protected":false},"author":8,"featured_media":21703,"comment_status":"closed","ping_status":"open","sticky":false,"template":"","format":"standard","meta":{"rop_custom_images_group":[],"rop_custom_messages_group":[],"rop_publish_now":"initial","rop_publish_now_accounts":[],"rop_publish_now_history":[],"rop_publish_now_status":"pending","footnotes":""},"categories":[189],"tags":[],"class_list":["post-21700","post","type-post","status-publish","format-standard","has-post-thumbnail","hentry","category-brasil"],"amp_enabled":true,"_links":{"self":[{"href":"https:\/\/imais.online\/portal\/wp-json\/wp\/v2\/posts\/21700","targetHints":{"allow":["GET"]}}],"collection":[{"href":"https:\/\/imais.online\/portal\/wp-json\/wp\/v2\/posts"}],"about":[{"href":"https:\/\/imais.online\/portal\/wp-json\/wp\/v2\/types\/post"}],"author":[{"embeddable":true,"href":"https:\/\/imais.online\/portal\/wp-json\/wp\/v2\/users\/8"}],"replies":[{"embeddable":true,"href":"https:\/\/imais.online\/portal\/wp-json\/wp\/v2\/comments?post=21700"}],"version-history":[{"count":1,"href":"https:\/\/imais.online\/portal\/wp-json\/wp\/v2\/posts\/21700\/revisions"}],"predecessor-version":[{"id":21704,"href":"https:\/\/imais.online\/portal\/wp-json\/wp\/v2\/posts\/21700\/revisions\/21704"}],"wp:featuredmedia":[{"embeddable":true,"href":"https:\/\/imais.online\/portal\/wp-json\/wp\/v2\/media\/21703"}],"wp:attachment":[{"href":"https:\/\/imais.online\/portal\/wp-json\/wp\/v2\/media?parent=21700"}],"wp:term":[{"taxonomy":"category","embeddable":true,"href":"https:\/\/imais.online\/portal\/wp-json\/wp\/v2\/categories?post=21700"},{"taxonomy":"post_tag","embeddable":true,"href":"https:\/\/imais.online\/portal\/wp-json\/wp\/v2\/tags?post=21700"}],"curies":[{"name":"wp","href":"https:\/\/api.w.org\/{rel}","templated":true}]}}