{"id":21705,"date":"2024-01-30T10:35:17","date_gmt":"2024-01-30T13:35:17","guid":{"rendered":"https:\/\/imais.online\/portal\/?p=21705"},"modified":"2024-01-30T10:35:17","modified_gmt":"2024-01-30T13:35:17","slug":"doce-de-abobora-na-pressao-em-15-minutos","status":"publish","type":"post","link":"https:\/\/imais.online\/portal\/doce-de-abobora-na-pressao-em-15-minutos\/","title":{"rendered":"Doce de Ab\u00f3bora na Press\u00e3o em 15 Minutos"},"content":{"rendered":"<div class=\"imais-before-content-placement\" id=\"imais-3060868349\"><script async src=\"\/\/pagead2.googlesyndication.com\/pagead\/js\/adsbygoogle.js?client=ca-pub-8787528412751566\" crossorigin=\"anonymous\"><\/script><ins class=\"adsbygoogle\" style=\"display:block;\" data-ad-client=\"ca-pub-8787528412751566\" \ndata-ad-slot=\"\" \ndata-ad-format=\"auto\"><\/ins>\n<script> \n(adsbygoogle = window.adsbygoogle || []).push({}); \n<\/script>\n<\/div>\n<p>O doce de ab\u00f3bora na press\u00e3o \u00e9 uma maravilha culin\u00e1ria que prova que a rapidez n\u00e3o sacrifica o sabor. Em apenas 15 minutos, a ab\u00f3bora se transforma em uma del\u00edcia dourada e macia. O processo de cozimento sob press\u00e3o intensifica os sabores naturais da ab\u00f3bora, criando uma textura suave e um aroma irresist\u00edvel. A do\u00e7ura \u00e9 equilibrada, ressaltando o car\u00e1ter da ab\u00f3bora. Essa receita, al\u00e9m de poupar tempo, \u00e9 uma solu\u00e7\u00e3o para desejos instant\u00e2neos por doce. O doce de ab\u00f3bora na press\u00e3o em 15 minutos \u00e9 a prova de que prazer e praticidade podem andar de m\u00e3os dadas na cozinha.<\/p>\n\n\n\n<h2 class=\"wp-block-heading\" id=\"h-ingredientes-esse-doce-de-abobora-na-pressao\"><strong>ingredientes&nbsp;<\/strong>Esse doce de ab\u00f3bora na press\u00e3o<\/h2>\n\n\n\n<ul class=\"wp-block-list\">\n<li>3 x\u00edcaras (ch\u00e1) de ab\u00f3bora madura descascada em cubos<\/li>\n\n\n\n<li>1 x\u00edcara (ch\u00e1) de a\u00e7\u00facar<\/li>\n\n\n\n<li>2 canelas em pau<\/li>\n\n\n\n<li>5 cravos-da-\u00edndia<\/li>\n\n\n\n<li>1\/2 colher (ch\u00e1) de sal<\/li>\n\n\n\n<li>1 x\u00edcara (ch\u00e1) de coco em flocos<\/li>\n<\/ul>\n\n\n\n<p>O modo de preparo desta&nbsp;<a href=\"https:\/\/receitasdepesos.com.br\/sabores-intensos-sopa-de-tomates-assados-com-manjericao-deliciosa.html\">receita&nbsp;<\/a>\u00e9 bem simples e tenho certeza que se seguir ele passo a passo vai conseguir fazer sua receitinha, vai ficar maravilhosa.<\/p>\n\n\n\n<h2 class=\"wp-block-heading\" id=\"h-modo-de-preparo\"><strong>Modo de preparo<\/strong><\/h2>\n\n\n\n<p>Misture todos os ingredientes em uma panela de press\u00e3o e leve ao fogo m\u00e9dio sem mexer.<\/p>\n\n\n\n<p>Ent\u00e3o, assim que levantar fervura, tampe a panela. Em seguida, cozinhe por 15 minutos, em fogo baixo, depois de iniciada a press\u00e3o e desligue.<\/p>\n\n\n\n<p>Ent\u00e3o, deixe sair a press\u00e3o naturalmente, abra a panela, coloque o coco e misture.<\/p>\n\n\n\n<p>Por fim, deixe esfriar completamente e despeje em uma compoteira. Sirva, seu doce de ab\u00f3bora se desejar, acompanhado de queijo fresco ou requeij\u00e3o.<\/p>\n\n\n\n<p><\/p>\n","protected":false},"excerpt":{"rendered":"<p>O doce de ab\u00f3bora na press\u00e3o \u00e9 uma maravilha culin\u00e1ria que prova que a rapidez n\u00e3o sacrifica o sabor. Em apenas 15 minutos, a ab\u00f3bora se transforma em uma del\u00edcia dourada e macia. O processo de cozimento sob press\u00e3o intensifica os sabores naturais da ab\u00f3bora, criando uma textura suave e um aroma irresist\u00edvel. A do\u00e7ura [&hellip;]<\/p>\n","protected":false},"author":8,"featured_media":21706,"comment_status":"closed","ping_status":"open","sticky":false,"template":"","format":"standard","meta":{"rop_custom_images_group":[],"rop_custom_messages_group":[],"rop_publish_now":"initial","rop_publish_now_accounts":[],"rop_publish_now_history":[],"rop_publish_now_status":"pending","footnotes":""},"categories":[197],"tags":[],"class_list":["post-21705","post","type-post","status-publish","format-standard","has-post-thumbnail","hentry","category-receitinhas"],"amp_enabled":true,"_links":{"self":[{"href":"https:\/\/imais.online\/portal\/wp-json\/wp\/v2\/posts\/21705","targetHints":{"allow":["GET"]}}],"collection":[{"href":"https:\/\/imais.online\/portal\/wp-json\/wp\/v2\/posts"}],"about":[{"href":"https:\/\/imais.online\/portal\/wp-json\/wp\/v2\/types\/post"}],"author":[{"embeddable":true,"href":"https:\/\/imais.online\/portal\/wp-json\/wp\/v2\/users\/8"}],"replies":[{"embeddable":true,"href":"https:\/\/imais.online\/portal\/wp-json\/wp\/v2\/comments?post=21705"}],"version-history":[{"count":1,"href":"https:\/\/imais.online\/portal\/wp-json\/wp\/v2\/posts\/21705\/revisions"}],"predecessor-version":[{"id":21707,"href":"https:\/\/imais.online\/portal\/wp-json\/wp\/v2\/posts\/21705\/revisions\/21707"}],"wp:featuredmedia":[{"embeddable":true,"href":"https:\/\/imais.online\/portal\/wp-json\/wp\/v2\/media\/21706"}],"wp:attachment":[{"href":"https:\/\/imais.online\/portal\/wp-json\/wp\/v2\/media?parent=21705"}],"wp:term":[{"taxonomy":"category","embeddable":true,"href":"https:\/\/imais.online\/portal\/wp-json\/wp\/v2\/categories?post=21705"},{"taxonomy":"post_tag","embeddable":true,"href":"https:\/\/imais.online\/portal\/wp-json\/wp\/v2\/tags?post=21705"}],"curies":[{"name":"wp","href":"https:\/\/api.w.org\/{rel}","templated":true}]}}