{"id":21708,"date":"2024-01-30T11:36:37","date_gmt":"2024-01-30T14:36:37","guid":{"rendered":"https:\/\/imais.online\/portal\/?p=21708"},"modified":"2024-01-30T11:38:44","modified_gmt":"2024-01-30T14:38:44","slug":"i-am-celine-dion-um-documentario-dirigido-por-irene-taylor-indicada-ao-oscar-sera-lancado-globalmente","status":"publish","type":"post","link":"https:\/\/imais.online\/portal\/i-am-celine-dion-um-documentario-dirigido-por-irene-taylor-indicada-ao-oscar-sera-lancado-globalmente\/","title":{"rendered":"\u00a0I Am: Celine Dion, um document\u00e1rio dirigido por Irene Taylor indicada ao Oscar, ser\u00e1 lan\u00e7ado globalmente\u00a0"},"content":{"rendered":"<div class=\"imais-before-content-placement\" id=\"imais-4028177315\"><script async src=\"\/\/pagead2.googlesyndication.com\/pagead\/js\/adsbygoogle.js?client=ca-pub-8787528412751566\" crossorigin=\"anonymous\"><\/script><ins class=\"adsbygoogle\" style=\"display:block;\" data-ad-client=\"ca-pub-8787528412751566\" \ndata-ad-slot=\"\" \ndata-ad-format=\"auto\"><\/ins>\n<script> \n(adsbygoogle = window.adsbygoogle || []).push({}); \n<\/script>\n<\/div>\n<p>O document\u00e1rio, que estar\u00e1 dispon\u00edvel para transmiss\u00e3o no Prime Video, foi produzido pela Sony Music Vision, em parceria com a Sony Music Entertainment Canada e Vermilion Films. <\/p>\n\n\n\n<p>Amazon MGM Studios anunciou hoje que adquiriu os direitos mundiais do document\u00e1rio de longa-metragem sobre Celine Dion, I Am: Celine Dion. Da cineasta indicada ao Oscar Irene Taylor, este document\u00e1rio \u00e9 um retrato de um momento crucial na vida e na carreira de uma das artistas mais reconhecidas, respeitadas e bem-sucedidas da hist\u00f3ria da m\u00fasica pop, Celine Dion. <\/p>\n\n\n\n<p>Esta explora\u00e7\u00e3o \u00edntima leva os espectadores a uma jornada pelo passado e presente de Celine, enquanto ela revela sua batalha contra a S\u00edndrome da Pessoa R\u00edgida (SPS) e at\u00e9 onde ela se esfor\u00e7ou para continuar se apresentando para seus f\u00e3s amados e leais. Desde visitar seu guarda-roupa de turn\u00ea de alta costura e objetos pessoais at\u00e9 passar um tempo no est\u00fadio de grava\u00e7\u00e3o, o document\u00e1rio captura a vida privada nunca antes vista de uma megastar global. Uma carta de amor emocional, en\u00e9rgica e po\u00e9tica \u00e0 m\u00fasica, I Am: Celine Dion captura mais de um ano de filmagens enquanto a lend\u00e1ria cantora navega em sua jornada para viver uma vida aberta e aut\u00eantica em meio \u00e0 doen\u00e7a. O document\u00e1rio, produzido pela Sony Music Vision, em parceria com a Sony Music Entertainment Canada e Vermilion Films, estar\u00e1 dispon\u00edvel para transmiss\u00e3o no Prime Video em mais de 240 pa\u00edses e territ\u00f3rios em todo o mundo. A data de lan\u00e7amento do Prime Video ser\u00e1 anunciada posteriormente.<\/p>\n\n\n\n<p>&#8220;Estes \u00faltimos anos t\u00eam sido um enorme desafio para mim, desde o meu diagn\u00f3stico at\u00e9 aprender a viver e a gerir a doen\u00e7a, sem deixar que ela me defina. &#8221; \u00c0 medida que volto para a minha carreira de cantora, percebo o quanto sinto a falta dela, o quanto sinto falta dos meus f\u00e3s. Enquanto estou fora, escolhi documentar esta parte da minha vida para sensibilizar as pessoas sobre esta doen\u00e7a pouco conhecida e ajudar aqueles que compartilham este diagn\u00f3stico. &#8220;<\/p>\n\n\n\n<p>\u201cCeline Dion \u00e9 uma megastar global com uma carreira definida n\u00e3o apenas por sua extraordin\u00e1ria \u00e9tica de trabalho e paix\u00e3o, mas por sua dedica\u00e7\u00e3o aos f\u00e3s\u201d, disse Jennifer Salke, chefe da Amazon MGM Studios. \u201cEste document\u00e1rio \u00e9 um retrato cru e \u00edntimo de um momento crucial em sua vida pessoal e carreira, abrindo a cortina de sua jornada enquanto ela supera um diagn\u00f3stico impens\u00e1vel. \u00c9 uma honra confiar sua hist\u00f3ria e mal podemos esperar para compartilh\u00e1-la com o p\u00fablico do Prime Video em todo o mundo.\u201d<\/p>\n\n\n\n<p>Desde que estourou no cen\u00e1rio musical global aos 13 anos, Dion vendeu mais de 250 milh\u00f5es de \u00e1lbuns durante seus 40 anos de carreira. Tendo ganhado cinco Grammy Awards, dois Oscars, o Billboard Music Award de 2016 pelo conjunto de sua obra, Icon Award e o reconhecimento do World Music Awards de 2004 como a artista feminina mais vendida de todos os tempos, Dion continua a quebrar recordes. <\/p>\n\n\n\n<p>Com sucessos no topo das paradas apresentados em filmes de grande sucesso, incluindo \u201cAshes\u201d (Deadpool 2), \u201cMy Heart Will Go On\u201d (Titanic) e \u201cA Bela e a Fera\u201d (A Bela e a Fera), ela \u00e9 uma for\u00e7a na ind\u00fastria. e estabelece novos padr\u00f5es de excel\u00eancia. Em 2021, Dion enfrentou a dif\u00edcil decis\u00e3o de cancelar sua t\u00e3o esperada resid\u00eancia em Las Vegas devido a problemas de sa\u00fade. Ent\u00e3o, em dezembro de 2022, a cantora revelou corajosamente sua batalha cont\u00ednua contra a S\u00edndrome da Pessoa R\u00edgida, levando ao cancelamento de sua Courage World Tour. Apesar desses contratempos, Dion permaneceu dedicada ao seu of\u00edcio e perseverou, voltando sua aten\u00e7\u00e3o para a cura. Em 2023, ela mostrou seu talento atuando na com\u00e9dia rom\u00e2ntica Love Again e lan\u00e7ou cinco novas m\u00fasicas na trilha sonora do filme. <\/p>\n\n\n\n<p>O document\u00e1rio foi produzido por Irene Taylor, Stacy Lorts e Julie Begey Seuureau para Vermilion Films e Tom Mackay para Sony Music Vision. Dave Platel e Denis Savage atuam como produtores executivos da Les Productions Feeling ao lado de Shane Carter da Sony Music Entertainment Canada e Krista Wegener da Sony Music Vision. A venda foi negociada pela Sony Music Vision.<\/p>\n\n\n\n<p>Ainda sem data de estreia. <\/p>\n\n\n\n<p>Fonte Celine Dion<\/p>\n","protected":false},"excerpt":{"rendered":"<p>O document\u00e1rio, que estar\u00e1 dispon\u00edvel para transmiss\u00e3o no Prime Video, foi produzido pela Sony Music Vision, em parceria com a Sony Music Entertainment Canada e Vermilion Films. Amazon MGM Studios anunciou hoje que adquiriu os direitos mundiais do document\u00e1rio de longa-metragem sobre Celine Dion, I Am: Celine Dion. Da cineasta indicada ao Oscar Irene Taylor, [&hellip;]<\/p>\n","protected":false},"author":8,"featured_media":21709,"comment_status":"closed","ping_status":"open","sticky":false,"template":"","format":"standard","meta":{"rop_custom_images_group":[],"rop_custom_messages_group":[],"rop_publish_now":"initial","rop_publish_now_accounts":[],"rop_publish_now_history":[],"rop_publish_now_status":"pending","footnotes":""},"categories":[212],"tags":[73],"class_list":["post-21708","post","type-post","status-publish","format-standard","has-post-thumbnail","hentry","category-internacional","tag-featured"],"amp_enabled":true,"_links":{"self":[{"href":"https:\/\/imais.online\/portal\/wp-json\/wp\/v2\/posts\/21708","targetHints":{"allow":["GET"]}}],"collection":[{"href":"https:\/\/imais.online\/portal\/wp-json\/wp\/v2\/posts"}],"about":[{"href":"https:\/\/imais.online\/portal\/wp-json\/wp\/v2\/types\/post"}],"author":[{"embeddable":true,"href":"https:\/\/imais.online\/portal\/wp-json\/wp\/v2\/users\/8"}],"replies":[{"embeddable":true,"href":"https:\/\/imais.online\/portal\/wp-json\/wp\/v2\/comments?post=21708"}],"version-history":[{"count":1,"href":"https:\/\/imais.online\/portal\/wp-json\/wp\/v2\/posts\/21708\/revisions"}],"predecessor-version":[{"id":21710,"href":"https:\/\/imais.online\/portal\/wp-json\/wp\/v2\/posts\/21708\/revisions\/21710"}],"wp:featuredmedia":[{"embeddable":true,"href":"https:\/\/imais.online\/portal\/wp-json\/wp\/v2\/media\/21709"}],"wp:attachment":[{"href":"https:\/\/imais.online\/portal\/wp-json\/wp\/v2\/media?parent=21708"}],"wp:term":[{"taxonomy":"category","embeddable":true,"href":"https:\/\/imais.online\/portal\/wp-json\/wp\/v2\/categories?post=21708"},{"taxonomy":"post_tag","embeddable":true,"href":"https:\/\/imais.online\/portal\/wp-json\/wp\/v2\/tags?post=21708"}],"curies":[{"name":"wp","href":"https:\/\/api.w.org\/{rel}","templated":true}]}}