{"id":21722,"date":"2024-02-01T11:25:35","date_gmt":"2024-02-01T14:25:35","guid":{"rendered":"https:\/\/imais.online\/portal\/?p=21722"},"modified":"2024-02-01T11:25:36","modified_gmt":"2024-02-01T14:25:36","slug":"ministerio-da-saude-vai-criar-centro-para-coordenar-medidas-contra-a-dengue-em-todo-pais-veja-detalhes","status":"publish","type":"post","link":"https:\/\/imais.online\/portal\/ministerio-da-saude-vai-criar-centro-para-coordenar-medidas-contra-a-dengue-em-todo-pais-veja-detalhes\/","title":{"rendered":"Minist\u00e9rio da Sa\u00fade vai criar centro para coordenar medidas contra a dengue em todo pa\u00eds; veja detalhes\u00a0"},"content":{"rendered":"<div class=\"imais-before-content-placement\" id=\"imais-113958840\"><script async src=\"\/\/pagead2.googlesyndication.com\/pagead\/js\/adsbygoogle.js?client=ca-pub-8787528412751566\" crossorigin=\"anonymous\"><\/script><ins class=\"adsbygoogle\" style=\"display:block;\" data-ad-client=\"ca-pub-8787528412751566\" \ndata-ad-slot=\"\" \ndata-ad-format=\"auto\"><\/ins>\n<script> \n(adsbygoogle = window.adsbygoogle || []).push({}); \n<\/script>\n<\/div>\n<h2 class=\"wp-block-heading\">Em 2024, o Brasil registrou 217.481 casos prov\u00e1veis de dengue, segundo dados da pasta<\/h2>\n\n\n\n<p>O Minist\u00e9rio da Sa\u00fade vai criar o Centro de Opera\u00e7\u00f5es de Emerg\u00eancia, para coordenar as medidas contra o\u00a0<a href=\"https:\/\/noticias.r7.com\/brasilia\/vacina-dengue-sus-ministerio-30012024\">mosquito da dengue<\/a>. A informa\u00e7\u00e3o foi anunciada pela ministra N\u00edsia Trindade nesta quinta-feira (1\u00ba). Segundo ela, a estrutura vai estabelecer um di\u00e1logo permanente com\u00a0<a href=\"https:\/\/noticias.r7.com\/brasilia\/vacina-dengue-sus-ministerio-30012024\">estados e munic\u00edpios<\/a>, e tamb\u00e9m com os outros minist\u00e9rios. &#8220;A nossa mensagem \u00e9 uma mensagem de mobiliza\u00e7\u00e3o nacional nesse momento. Um Brasil unido contra a dengue&#8221;, ressaltou.\u00a0Em 2024, o Brasil registrou 217.481\u00a0<a href=\"https:\/\/noticias.r7.com\/brasilia\/uma-em-cada-cinco-mortes-de-dengue-no-brasil-sao-no-distrito-federal-diz-ministerio-da-saude-30012024\">casos prov\u00e1veis<\/a>\u00a0de dengue, segundo dados da pasta.<\/p>\n\n\n\n<p>A ministra tamb\u00e9m comentou o papel que a pr\u00f3pria popula\u00e7\u00e3o deve exercer com o aumento nos casos. &#8220;\u00c9 um chamamento p\u00fablico para a uni\u00e3o de todo o pa\u00eds para proteger a nossa popula\u00e7\u00e3o&#8221;, disse N\u00edsia. A titular da pasta tamb\u00e9m lembrou que mais de 75% dos focos se encontram nas casas.<\/p>\n\n\n\n<p>Nesta semana, a ministra da Sa\u00fade N\u00edsia Trindade alertou \u00e0 popula\u00e7\u00e3o que a vacina contra a dengue n\u00e3o \u00e9 a solu\u00e7\u00e3o para o n\u00famero de casos da doen\u00e7a enfrentados no pa\u00eds e que \u00e9 necess\u00e1rio combater os focos do mosquito. A declara\u00e7\u00e3o foi dada uma visita a um dos pontos de atendimento do Distrito Federal, que registra a maior incid\u00eancia de casos por 100 mil habitantes do pa\u00eds.<\/p>\n\n\n\n<p>&#8220;\u00c9 muito importante n\u00f3s afirmarmos e reafirmarmos: a vacina \u00e9 o nosso instrumento de esperan\u00e7a em rela\u00e7\u00e3o a um problema de sa\u00fade p\u00fablica que tem quase 40 anos. Finalmente temos vacina e temos que celebrar. Mas a vacina no quantitativo que o laborat\u00f3rio hoje pode nos entregar, sendo uma vacina de duas doses, numa situa\u00e7\u00e3o como vivemos hoje no Distrito Federal e outros munic\u00edpios, ela n\u00e3o pode ser apontada como solu\u00e7\u00e3o. Se o Minist\u00e9rio da Sa\u00fade fizesse isso, ele estaria errado. Nesse momento agora temos que lidar principalmente fazendo o controle dos focos [do mosquito] e cuidando de quem adoece por dengue&#8221;, afirmou.<\/p>\n\n\n\n<figure class=\"wp-block-embed is-type-wp-embed is-provider-genially wp-block-embed-genially\"><div class=\"wp-block-embed__wrapper\">\n<iframe class=\"wp-embedded-content\" sandbox=\"allow-scripts\" security=\"restricted\" title=\"Dengue fique atento\" frameborder='0' width='770' height='1200' src='https:\/\/view.genial.ly\/65ae6dd03353d30013f185db#?secret=jxrxpNO9aN' data-secret='jxrxpNO9aN' scrolling='yes'><\/iframe>\n<\/div><\/figure>\n\n\n\n<p>A ministra tamb\u00e9m disse que o Presidente da Rep\u00fablica est\u00e1 preocupado com a situa\u00e7\u00e3o. Nesta semana, Lula conversou com N\u00edsia sobre a dengue. &#8220;Vamos intensificar as a\u00e7\u00f5es, temos uma sala de situa\u00e7\u00e3o que funciona ininterruptamente e vamos visitar outros pontos do pa\u00eds para prestar apoio. O presidente est\u00e1 acompanhando de perto a situa\u00e7\u00e3o&#8221;, declarou.<\/p>\n\n\n\n<p>A expectativa \u00e9 que a vacina seja entregue na segunda semana de fevereiro, conforme informado pelo R7 ap\u00f3s reuni\u00e3o de emerg\u00eancia do Minist\u00e9rio com a Secretaria de Sa\u00fade do DF e pastas do Entorno nesta ter\u00e7a (30).<\/p>\n\n\n\n<p>&#8220;Ainda n\u00e3o come\u00e7amos a distribui\u00e7\u00e3o porque estamos atendendo uma regula\u00e7\u00e3o t\u00e9cnica da Anvisa. Assim que tivermos ela pronta, come\u00e7amos a distribui\u00e7\u00e3o&#8221;, informou N\u00edsia na ocasi\u00e3o.<\/p>\n\n\n\n<p>Parte da regula\u00e7\u00e3o, segundo a pasta, \u00e9 ter a bula da vacina em portugu\u00eas. A expectativa do Minist\u00e9rio \u00e9 que as demandas sejam atendidas na pr\u00f3xima semana para que na seguinte se inicie a distribui\u00e7\u00e3o. Para solucionar a demanda, a bula traduzida ser\u00e1 entregue de forma digital nos pontos de vacina\u00e7\u00e3o.<\/p>\n\n\n\n<h3 class=\"wp-block-heading\">Entenda<\/h3>\n\n\n\n<p>Neste ano ser\u00e3o distribu\u00eddas 6,5 milh\u00f5es de doses para 521 cidades, e para 2025 o Minist\u00e9rio comprou 9 milh\u00f5es de doses. O p\u00fablico-alvo ser\u00e3o crian\u00e7as e adolescentes entre 10 e 14 anos, faixa et\u00e1ria que apresenta o maior n\u00famero de hospitaliza\u00e7\u00f5es por dengue, depois dos idosos, segundo o Minist\u00e9rio da Sa\u00fade.<\/p>\n\n\n\n<p>As cidades foram selecionadas de acordo com os munic\u00edpios com mais de 100 mil habitantes; que possuem alta transmiss\u00e3o de dengue e com maior n\u00famero de casos em 2023 e 2024; e predomin\u00e2ncia da dengue tipo 2 em dezembro do ano passado. A pasta n\u00e3o informou a quantidade de doses destinadas a cada munic\u00edpio.<\/p>\n\n\n\n<p>Fonte R7<\/p>\n","protected":false},"excerpt":{"rendered":"<p>Em 2024, o Brasil registrou 217.481 casos prov\u00e1veis de dengue, segundo dados da pasta O Minist\u00e9rio da Sa\u00fade vai criar o Centro de Opera\u00e7\u00f5es de Emerg\u00eancia, para coordenar as medidas contra o\u00a0mosquito da dengue. A informa\u00e7\u00e3o foi anunciada pela ministra N\u00edsia Trindade nesta quinta-feira (1\u00ba). Segundo ela, a estrutura vai estabelecer um di\u00e1logo permanente com\u00a0estados [&hellip;]<\/p>\n","protected":false},"author":8,"featured_media":21723,"comment_status":"closed","ping_status":"open","sticky":false,"template":"","format":"standard","meta":{"rop_custom_images_group":[],"rop_custom_messages_group":[],"rop_publish_now":"initial","rop_publish_now_accounts":[],"rop_publish_now_history":[],"rop_publish_now_status":"pending","footnotes":""},"categories":[189],"tags":[73],"class_list":["post-21722","post","type-post","status-publish","format-standard","has-post-thumbnail","hentry","category-brasil","tag-featured"],"amp_enabled":true,"_links":{"self":[{"href":"https:\/\/imais.online\/portal\/wp-json\/wp\/v2\/posts\/21722","targetHints":{"allow":["GET"]}}],"collection":[{"href":"https:\/\/imais.online\/portal\/wp-json\/wp\/v2\/posts"}],"about":[{"href":"https:\/\/imais.online\/portal\/wp-json\/wp\/v2\/types\/post"}],"author":[{"embeddable":true,"href":"https:\/\/imais.online\/portal\/wp-json\/wp\/v2\/users\/8"}],"replies":[{"embeddable":true,"href":"https:\/\/imais.online\/portal\/wp-json\/wp\/v2\/comments?post=21722"}],"version-history":[{"count":1,"href":"https:\/\/imais.online\/portal\/wp-json\/wp\/v2\/posts\/21722\/revisions"}],"predecessor-version":[{"id":21724,"href":"https:\/\/imais.online\/portal\/wp-json\/wp\/v2\/posts\/21722\/revisions\/21724"}],"wp:featuredmedia":[{"embeddable":true,"href":"https:\/\/imais.online\/portal\/wp-json\/wp\/v2\/media\/21723"}],"wp:attachment":[{"href":"https:\/\/imais.online\/portal\/wp-json\/wp\/v2\/media?parent=21722"}],"wp:term":[{"taxonomy":"category","embeddable":true,"href":"https:\/\/imais.online\/portal\/wp-json\/wp\/v2\/categories?post=21722"},{"taxonomy":"post_tag","embeddable":true,"href":"https:\/\/imais.online\/portal\/wp-json\/wp\/v2\/tags?post=21722"}],"curies":[{"name":"wp","href":"https:\/\/api.w.org\/{rel}","templated":true}]}}