{"id":21735,"date":"2024-02-02T11:23:34","date_gmt":"2024-02-02T14:23:34","guid":{"rendered":"https:\/\/imais.online\/portal\/?p=21735"},"modified":"2024-02-02T11:23:35","modified_gmt":"2024-02-02T14:23:35","slug":"domo-de-calor-clima-extremo-na-argentina-vai-afetar-o-brasil-entenda","status":"publish","type":"post","link":"https:\/\/imais.online\/portal\/domo-de-calor-clima-extremo-na-argentina-vai-afetar-o-brasil-entenda\/","title":{"rendered":"&#8216;Domo de calor&#8217;: clima extremo na Argentina vai afetar o Brasil? Entenda"},"content":{"rendered":"<div class=\"imais-before-content-placement\" id=\"imais-3339130989\"><script async src=\"\/\/pagead2.googlesyndication.com\/pagead\/js\/adsbygoogle.js?client=ca-pub-8787528412751566\" crossorigin=\"anonymous\"><\/script><ins class=\"adsbygoogle\" style=\"display:block;\" data-ad-client=\"ca-pub-8787528412751566\" \ndata-ad-slot=\"\" \ndata-ad-format=\"auto\"><\/ins>\n<script> \n(adsbygoogle = window.adsbygoogle || []).push({}); \n<\/script>\n<\/div>\n<h2 class=\"wp-block-heading\">Pa\u00eds vizinho emite alerta vermelho para altas temperaturas, que come\u00e7am a atingir a regi\u00e3o a partir desta sexta-feira<\/h2>\n\n\n\n<p>Nos pr\u00f3ximos dias, a<strong>\u00a0<\/strong><a class=\"\" href=\"https:\/\/oglobo.globo.com\/tudo-sobre\/pais\/argentina\"><strong>Argentina<\/strong><\/a><strong>\u00a0ser\u00e1 atingida por uma forte massa de ar quente<\/strong>, descrita por especialistas como um<strong>\u00a0&#8220;domo de valor&#8221;<\/strong>. De acordo com o portal MetSul, o aumento das temperaturas poder\u00e1 ser sentido no\u00a0<a class=\"\" href=\"https:\/\/oglobo.globo.com\/tudo-sobre\/pais\/uruguai\">Uruguai<\/a>\u00a0e em parte do Brasil, mais especificamente no\u00a0<a class=\"\" href=\"https:\/\/oglobo.globo.com\/tudo-sobre\/uf\/rio-grande-do-sul\">Rio Grande do Sul<\/a>.<\/p>\n\n\n\n<h2 class=\"wp-block-heading\"><strong>&#8216;Domo de calor&#8217; vai afetar o Brasil?<\/strong><\/h2>\n\n\n\n<p>A onda de calor, que trar\u00e1 uma longa sequ\u00eancia de dias quentes no Centro e no Norte da Argentina,\u00a0<strong>deve alcan\u00e7ar a metade oeste do territ\u00f3rio gaucho<\/strong>, onde as m\u00e1ximas devem permanecer entre 36\u00baC e 39\u00baC, pelo menos at\u00e9 a metade da pr\u00f3xima semana.<\/p>\n\n\n\n<p>A regi\u00e3o da fronteira Oeste do estado deve ter marcas pr\u00f3ximas dos 40\u00baC. J\u00e1 Porto Alegre e o Litoral Norte tamb\u00e9m devem ter dias quentes, assim como nos vales e no Centro do estado, as m\u00e1ximas devem ultrapassar os 35\u00baC nos pr\u00f3ximos dias.<\/p>\n\n\n\n<p>Apesar da previs\u00e3o de calor para a regi\u00e3o,&nbsp;<strong>n\u00e3o s\u00e3o esperadas temperaturas extremas no restante do Brasil<\/strong>.<\/p>\n\n\n\n<h2 class=\"wp-block-heading\">Domo de calor na Argentina<\/h2>\n\n\n\n<p>Os term\u00f4metros na Argentina devem marcar acima dos 40\u00baC nos pro\u00f3ximos dias. Na regi\u00e3o, a situa\u00e7\u00e3o \u00e9 mais cr\u00edtica e o SMN (Servi\u00e7o Meteorol\u00f3gico Nacional da Argentina) tem emitido alerta vermelho para prov\u00edncias do Oeste do pa\u00eds e o Norte da Patag\u00f4nia.<\/p>\n\n\n\n<p>Enquanto isso, no Uruguai, as m\u00e1ximas previstas devem ficar entre 34\u00baC e 38\u00baC. O Inumet, Instituto Uruguaio de Meteorologia, tamb\u00e9m emitiu um aviso de onda de calor a partir de hoje.<\/p>\n\n\n\n<p>Fonte G1<\/p>\n","protected":false},"excerpt":{"rendered":"<p>Pa\u00eds vizinho emite alerta vermelho para altas temperaturas, que come\u00e7am a atingir a regi\u00e3o a partir desta sexta-feira Nos pr\u00f3ximos dias, a\u00a0Argentina\u00a0ser\u00e1 atingida por uma forte massa de ar quente, descrita por especialistas como um\u00a0&#8220;domo de valor&#8221;. De acordo com o portal MetSul, o aumento das temperaturas poder\u00e1 ser sentido no\u00a0Uruguai\u00a0e em parte do Brasil, [&hellip;]<\/p>\n","protected":false},"author":8,"featured_media":21736,"comment_status":"closed","ping_status":"open","sticky":false,"template":"","format":"standard","meta":{"rop_custom_images_group":[],"rop_custom_messages_group":[],"rop_publish_now":"initial","rop_publish_now_accounts":[],"rop_publish_now_history":[],"rop_publish_now_status":"pending","footnotes":""},"categories":[189],"tags":[73],"class_list":["post-21735","post","type-post","status-publish","format-standard","has-post-thumbnail","hentry","category-brasil","tag-featured"],"amp_enabled":true,"_links":{"self":[{"href":"https:\/\/imais.online\/portal\/wp-json\/wp\/v2\/posts\/21735","targetHints":{"allow":["GET"]}}],"collection":[{"href":"https:\/\/imais.online\/portal\/wp-json\/wp\/v2\/posts"}],"about":[{"href":"https:\/\/imais.online\/portal\/wp-json\/wp\/v2\/types\/post"}],"author":[{"embeddable":true,"href":"https:\/\/imais.online\/portal\/wp-json\/wp\/v2\/users\/8"}],"replies":[{"embeddable":true,"href":"https:\/\/imais.online\/portal\/wp-json\/wp\/v2\/comments?post=21735"}],"version-history":[{"count":1,"href":"https:\/\/imais.online\/portal\/wp-json\/wp\/v2\/posts\/21735\/revisions"}],"predecessor-version":[{"id":21737,"href":"https:\/\/imais.online\/portal\/wp-json\/wp\/v2\/posts\/21735\/revisions\/21737"}],"wp:featuredmedia":[{"embeddable":true,"href":"https:\/\/imais.online\/portal\/wp-json\/wp\/v2\/media\/21736"}],"wp:attachment":[{"href":"https:\/\/imais.online\/portal\/wp-json\/wp\/v2\/media?parent=21735"}],"wp:term":[{"taxonomy":"category","embeddable":true,"href":"https:\/\/imais.online\/portal\/wp-json\/wp\/v2\/categories?post=21735"},{"taxonomy":"post_tag","embeddable":true,"href":"https:\/\/imais.online\/portal\/wp-json\/wp\/v2\/tags?post=21735"}],"curies":[{"name":"wp","href":"https:\/\/api.w.org\/{rel}","templated":true}]}}