{"id":21771,"date":"2024-02-05T12:43:53","date_gmt":"2024-02-05T15:43:53","guid":{"rendered":"https:\/\/imais.online\/portal\/?p=21771"},"modified":"2024-02-05T12:43:54","modified_gmt":"2024-02-05T15:43:54","slug":"apos-concessao-turistas-vao-precisar-pagar-duas-taxas-para-visitar-jericoacoara-valor-chega-a-r-91","status":"publish","type":"post","link":"https:\/\/imais.online\/portal\/apos-concessao-turistas-vao-precisar-pagar-duas-taxas-para-visitar-jericoacoara-valor-chega-a-r-91\/","title":{"rendered":"Ap\u00f3s concess\u00e3o, turistas v\u00e3o precisar pagar duas taxas para visitar Jericoacoara; valor chega a R$ 91"},"content":{"rendered":"<div class=\"imais-before-content-placement\" id=\"imais-1602830734\"><script async src=\"\/\/pagead2.googlesyndication.com\/pagead\/js\/adsbygoogle.js?client=ca-pub-8787528412751566\" crossorigin=\"anonymous\"><\/script><ins class=\"adsbygoogle\" style=\"display:block;\" data-ad-client=\"ca-pub-8787528412751566\" \ndata-ad-slot=\"\" \ndata-ad-format=\"auto\"><\/ins>\n<script> \n(adsbygoogle = window.adsbygoogle || []).push({}); \n<\/script>\n<\/div>\n<h2 class=\"wp-block-heading\">Valor \u00e9 composto pelo ingresso, que ser\u00e1 cobrado pela concession\u00e1ria, e pela taxa de turismo, cobrada pela Prefeitura de Jijoca de Jericoacoara<\/h2>\n\n\n\n<p>Visitar o Parque Nacional de Jericoacoara deve ficar mais caro. A partir de agora, al\u00e9m de pagar a taxa municipal de turismo, ser\u00e1 necess\u00e1rio pagar um ingresso para visitar a regi\u00e3o paradis\u00edaca, como j\u00e1 ocorre em outros parques nacionais, como em Igua\u00e7u e em Fernando de Noronha.<\/p>\n\n\n\n<p>De acordo com o contrato redigido pelo Instituto Chico Mendes de Conserva\u00e7\u00e3o da Biodiversidade (ICMBio), do governo federal,&nbsp;a concession\u00e1ria do parque vai poder cobrar ingressos, neste primeiro ano de concess\u00e3o, a partir de R$ 50.<\/p>\n\n\n\n<figure class=\"wp-block-image\"><img decoding=\"async\" src=\"https:\/\/s2-g1.glbimg.com\/s4wDZwnLANp80-8gl1LibUq2xjM=\/0x0:989x660\/984x0\/smart\/filters:strip_icc()\/i.s3.glbimg.com\/v1\/AUTH_59edd422c0c84a879bd37670ae4f538a\/internal_photos\/bs\/2023\/f\/F\/ujcAqoQUWQM7RDhCFcmA\/pedra-furada.jpg\" alt=\"A Pedra Furada \u00e9 um dos monumentos naturais mais marcantes de Jericoacoara \u2014 Foto: Governo do Ceara\/Reprodu\u00e7\u00e3o\"\/><\/figure>\n\n\n\n<p>A Pedra Furada \u00e9 um dos monumentos naturais mais marcantes de Jericoacoara \u2014 Foto: Governo do Ceara\/Reprodu\u00e7\u00e3o<\/p>\n\n\n\n<p>Al\u00e9m disso, a concession\u00e1ria ser\u00e1 respons\u00e1vel por arrecadar tamb\u00e9m a taxa municipal de turismo, cobrada pela Prefeitura de&nbsp;<a class=\"\" href=\"https:\/\/g1.globo.com\/ce\/ceara\/cidade\/jijoca-de-jericoacoara\/\">Jijoca de Jericoacoara<\/a>,&nbsp;atualmente no valor de R$ 41,50.&nbsp;A taxa d\u00e1 direito \u00e0 perman\u00eancia por 10 dias.<\/p>\n\n\n\n<p>Com isso, para visitar a regi\u00e3o, o<strong>&nbsp;visitante deve desembolsar um total de pelo menos R$ 91,50, combinando o ingresso e a taxa de turismo do munic\u00edpio.<\/strong><\/p>\n\n\n\n<p>O valor dos ingressos n\u00e3o pode ultrapassar o pr\u00e9-estabelecido no contrato. O texto, no entanto, prev\u00ea reajustes anuais. O valor do ingresso deve ser:<\/p>\n\n\n\n<ul class=\"wp-block-list\">\n<li>1\u00ba ano de concess\u00e3o:&nbsp;<strong>R$ 50 reais<\/strong><\/li>\n\n\n\n<li>2\u00ba ano de concess\u00e3o:<strong>&nbsp;R$ 70 reais<\/strong><\/li>\n\n\n\n<li>3\u00ba ano de concess\u00e3o:&nbsp;<strong>R$ 90 reais<\/strong><\/li>\n\n\n\n<li>4\u00ba ano de concess\u00e3o:&nbsp;<strong>R$ 110 reais<\/strong><\/li>\n\n\n\n<li>5\u00ba ano de concess\u00e3o em diante:&nbsp;<strong>a partir de R$ 120 reais,&nbsp;<\/strong>com reajustes anuais tendo em vista a infla\u00e7\u00e3o<\/li>\n<\/ul>\n\n\n\n<p><strong>O contrato tamb\u00e9m disp\u00f5e que est\u00e3o isentos de pagar ingressos:<\/strong><\/p>\n\n\n\n<ul class=\"wp-block-list\">\n<li>Crian\u00e7as de at\u00e9 seis anos<\/li>\n\n\n\n<li>Guias de turismo e pesquisadores em atividade ambiental<\/li>\n\n\n\n<li>Pessoas inscritas do Cad\u00danico<\/li>\n\n\n\n<li>Moradores de&nbsp;<a class=\"\" href=\"https:\/\/g1.globo.com\/ce\/ceara\/cidade\/camocim\/\">Camocim<\/a>, Cruz e Jijoca de Jericoacoara, munic\u00edpios que fazem parte do Parque Nacional de Jericoacoara.<\/li>\n<\/ul>\n\n\n\n<p>O contrato destaca que&nbsp;o ingresso d\u00e1 direito somente \u00e0 entrada no parque, e que qualquer outro servi\u00e7o prestado pode ser cobrado pela concession\u00e1ria.<\/p>\n\n\n\n<figure class=\"wp-block-embed\"><div class=\"wp-block-embed__wrapper\">\nhttps:\/\/252a152208a058124927012a368c848e.safeframe.googlesyndication.com\/safeframe\/1-0-40\/html\/container.html\n<\/div><\/figure>\n\n\n\n<p>De acordo com as normas do contrato, o poder concedente, isto \u00e9, o governo federal, vai ficar com 5% da receita bruta que a concession\u00e1ria obter mensalmente.<\/p>\n\n\n\n<p>Com \u00e1reas de mangue, piscinas naturais e forma\u00e7\u00f5es ic\u00f4nicas como a Pedra Furada, Jericoacoara se tornou um destino tur\u00edstico internacional. A \u00e1rea possui um litoral prop\u00edcio para pr\u00e1tica de kitesurf e windsurf, hot\u00e9is de luxo e \u00e9 hoje uma das praias mais cobi\u00e7adas do Brasil.<\/p>\n\n\n\n<figure class=\"wp-block-image\"><img decoding=\"async\" src=\"https:\/\/s2-g1.glbimg.com\/OOZP39MdWtPPlqG9Bc3irGtXxHQ=\/0x0:1600x900\/984x0\/smart\/filters:strip_icc()\/i.s3.glbimg.com\/v1\/AUTH_59edd422c0c84a879bd37670ae4f538a\/internal_photos\/bs\/2023\/p\/O\/Zwm3MPS46TbWd66qkjqw\/duna-antes.jpg\" alt=\"Duna do P\u00f4r do Sol, em Jericoacoara, j\u00e1 chegou a ter 60 metros de altura, mas desapareceu de forma acelerada devido ao turismo \u2014 Foto: Arquivo Di\u00e1rio do Nordeste\"\/><\/figure>\n\n\n\n<p>Duna do P\u00f4r do Sol, em Jericoacoara, j\u00e1 chegou a ter 60 metros de altura, mas desapareceu de forma acelerada devido ao turismo \u2014 Foto: Arquivo Di\u00e1rio do Nordeste<\/p>\n\n\n\n<h2 class=\"wp-block-heading\">Parque foi leiloado por R$ 61 milh\u00f5es<\/h2>\n\n\n\n<p>O Parque Nacional de Jericoacoara foi concedido \u00e0 iniciativa privada no dia 26 de janeiro durante leil\u00e3o em S\u00e3o Paulo. O Cons\u00f3rcio Dunas arrematou o parque por R$ 61 milh\u00f5es. Este valor inicial, chamado outorga fixa, diz respeito apenas ao valor que o cons\u00f3rcio deve pagar ao governo pelo direito de administrar o parque.<\/p>\n\n\n\n<p>O edital de concess\u00e3o prev\u00ea que, ao longo dos 30 anos de contrato, a concession\u00e1ria deve investir R$ 116 milh\u00f5es em infraestrutura, al\u00e9m da aplica\u00e7\u00e3o de R$ 990 milh\u00f5es em opera\u00e7\u00e3o e gest\u00e3o.<\/p>\n\n\n\n<blockquote class=\"wp-block-quote is-layout-flow wp-block-quote-is-layout-flow\">\n<p>&#8220;Ap\u00f3s di\u00e1logo com a comunidade local, prefeitos da regi\u00e3o e o governo federal, garantimos a inser\u00e7\u00e3o no edital de importantes medidas, como a gratuidade do acesso ao parque de pessoas mais carentes, que fazem parte do CadUnico, al\u00e9m da cria\u00e7\u00e3o de um conselho com representantes do Instituto Chico Mendes de Conserva\u00e7\u00e3o da Biodiversidade (ICMBio), Governo do Cear\u00e1 e outras institui\u00e7\u00f5es para garantir uma gest\u00e3o compartilhada&#8221;, comentou o governador do Cear\u00e1, Elmano de Freitas, ap\u00f3s o leil\u00e3o.<\/p>\n<\/blockquote>\n\n\n\n<p>O investimento deve impactar a infraestrutura no parque \u2013 o que inclui a cria\u00e7\u00e3o de vias de transporte internas no parque para reduzir o impacto ambiental, a constru\u00e7\u00e3o de banheiros, centros de visitantes e postos de seguran\u00e7a. Parte do valor tamb\u00e9m deve ser investido em pesquisa ambiental.<\/p>\n\n\n\n<h2 class=\"wp-block-heading\">Concession\u00e1ria ser\u00e1 respons\u00e1vel por alimenta\u00e7\u00e3o e reformas<\/h2>\n\n\n\n<p>De acordo com o contrato assinado pelo cons\u00f3rcio vencedor do leil\u00e3o, a nova administra\u00e7\u00e3o ficar\u00e1 respons\u00e1vel pela seguran\u00e7a da regi\u00e3o, pelo controle vi\u00e1rio, pelos servi\u00e7os de limpeza e conserva\u00e7\u00e3o, pelo fornecimento de \u00e1gua e energia para as instala\u00e7\u00f5es, pela oferta de alimenta\u00e7\u00e3o aos visitantes, entre outras \u00e1reas.<\/p>\n\n\n\n<figure class=\"wp-block-image\"><img decoding=\"async\" src=\"https:\/\/s2-g1.glbimg.com\/uliu6Xk3zpGArxFhl8djfBpNbh4=\/0x0:994x663\/984x0\/smart\/filters:strip_icc()\/i.s3.glbimg.com\/v1\/AUTH_59edd422c0c84a879bd37670ae4f538a\/internal_photos\/bs\/2024\/h\/H\/wkOmjmRLKpNbe4HQbwTg\/jericoacoara-2a.jpg\" alt=\"Jericoacoara, no Cear\u00e1, atrai turistas de todo o Brasil e de outros pa\u00edses \u2014 Foto: Governo do Cear\u00e1\/Divulga\u00e7\u00e3o\"\/><\/figure>\n\n\n\n<p>Jericoacoara, no Cear\u00e1, atrai turistas de todo o Brasil e de outros pa\u00edses \u2014 Foto: Governo do Cear\u00e1\/Divulga\u00e7\u00e3o<\/p>\n\n\n\n<p>A concession\u00e1ria ser\u00e1 respons\u00e1vel por implantar servi\u00e7os de alimenta\u00e7\u00e3o dentro do parque. O texto prev\u00ea que a administra\u00e7\u00e3o deve priorizar produtos locais e regionais\u00a0na oferta de alimenta\u00e7\u00e3o aos visitantes. O mesmo se aplica a itens de comercializados no local. O utens\u00edlios utilizados dever\u00e3o lav\u00e1veis ou reutiliz\u00e1veis, e os card\u00e1pios dever\u00e3o estar em pelo menos tr\u00eas idiomas.<\/p>\n\n\n\n<p>Entre os investimentos obrigat\u00f3rios previstos no contrato est\u00e3o a delimita\u00e7\u00e3o e cercamento do parque e a ordena\u00e7\u00e3o da estrutura vi\u00e1ria,&nbsp;que n\u00e3o poder\u00e1 ser de asfalto.&nbsp;O texto tamb\u00e9m pro\u00edbe que, durante o cercamento, sejam criadas barreiras f\u00edsicas entre a Vila de Jericoacoara e o territ\u00f3rio do parque.<\/p>\n\n\n\n<p>Outra obriga\u00e7\u00e3o da concession\u00e1ria ser\u00e1 a reforma de v\u00e1rios pr\u00e9dios j\u00e1 existentes na estrutura do parque, como a sede do ICMBio, bem como a instala\u00e7\u00e3o de novos centros de visitantes. Um dos novos centros a ser erguido ser\u00e1 a \u00c1rea de Visita\u00e7\u00e3o do Pre\u00e1, no munic\u00edpio de Cruz, vizinho a Jijoca.<\/p>\n\n\n\n<p>Segundo o ICMBio, o Cons\u00f3rcio Dunas apresentar o Plano de Implanta\u00e7\u00e3o e o Plano de Gest\u00e3o do parque em at\u00e9 6 meses. Ap\u00f3s a apresenta\u00e7\u00e3o, o plano ser\u00e1 analisado pelo \u00f3rg\u00e3o, que pode aprovar, recusar ou solicitar altera\u00e7\u00f5es.<\/p>\n\n\n\n<p>Fonte G1<\/p>\n","protected":false},"excerpt":{"rendered":"<p>Valor \u00e9 composto pelo ingresso, que ser\u00e1 cobrado pela concession\u00e1ria, e pela taxa de turismo, cobrada pela Prefeitura de Jijoca de Jericoacoara Visitar o Parque Nacional de Jericoacoara deve ficar mais caro. A partir de agora, al\u00e9m de pagar a taxa municipal de turismo, ser\u00e1 necess\u00e1rio pagar um ingresso para visitar a regi\u00e3o paradis\u00edaca, como [&hellip;]<\/p>\n","protected":false},"author":8,"featured_media":21772,"comment_status":"closed","ping_status":"open","sticky":false,"template":"","format":"standard","meta":{"rop_custom_images_group":[],"rop_custom_messages_group":[],"rop_publish_now":"initial","rop_publish_now_accounts":[],"rop_publish_now_history":[],"rop_publish_now_status":"pending","footnotes":""},"categories":[189],"tags":[],"class_list":["post-21771","post","type-post","status-publish","format-standard","has-post-thumbnail","hentry","category-brasil"],"amp_enabled":true,"_links":{"self":[{"href":"https:\/\/imais.online\/portal\/wp-json\/wp\/v2\/posts\/21771","targetHints":{"allow":["GET"]}}],"collection":[{"href":"https:\/\/imais.online\/portal\/wp-json\/wp\/v2\/posts"}],"about":[{"href":"https:\/\/imais.online\/portal\/wp-json\/wp\/v2\/types\/post"}],"author":[{"embeddable":true,"href":"https:\/\/imais.online\/portal\/wp-json\/wp\/v2\/users\/8"}],"replies":[{"embeddable":true,"href":"https:\/\/imais.online\/portal\/wp-json\/wp\/v2\/comments?post=21771"}],"version-history":[{"count":1,"href":"https:\/\/imais.online\/portal\/wp-json\/wp\/v2\/posts\/21771\/revisions"}],"predecessor-version":[{"id":21773,"href":"https:\/\/imais.online\/portal\/wp-json\/wp\/v2\/posts\/21771\/revisions\/21773"}],"wp:featuredmedia":[{"embeddable":true,"href":"https:\/\/imais.online\/portal\/wp-json\/wp\/v2\/media\/21772"}],"wp:attachment":[{"href":"https:\/\/imais.online\/portal\/wp-json\/wp\/v2\/media?parent=21771"}],"wp:term":[{"taxonomy":"category","embeddable":true,"href":"https:\/\/imais.online\/portal\/wp-json\/wp\/v2\/categories?post=21771"},{"taxonomy":"post_tag","embeddable":true,"href":"https:\/\/imais.online\/portal\/wp-json\/wp\/v2\/tags?post=21771"}],"curies":[{"name":"wp","href":"https:\/\/api.w.org\/{rel}","templated":true}]}}