{"id":21774,"date":"2024-02-06T09:55:54","date_gmt":"2024-02-06T12:55:54","guid":{"rendered":"https:\/\/imais.online\/portal\/?p=21774"},"modified":"2024-02-06T09:56:00","modified_gmt":"2024-02-06T12:56:00","slug":"saude-inicia-fevereiro-roxo-nas-unidades-em-favor-da-conscientizacao-da-doenca-de-alzheimer","status":"publish","type":"post","link":"https:\/\/imais.online\/portal\/saude-inicia-fevereiro-roxo-nas-unidades-em-favor-da-conscientizacao-da-doenca-de-alzheimer\/","title":{"rendered":"Sa\u00fade inicia Fevereiro Roxo nas unidades em favor da conscientiza\u00e7\u00e3o da Doen\u00e7a de Alzheimer"},"content":{"rendered":"<div class=\"imais-before-content-placement\" id=\"imais-1342003551\"><script async src=\"\/\/pagead2.googlesyndication.com\/pagead\/js\/adsbygoogle.js?client=ca-pub-8787528412751566\" crossorigin=\"anonymous\"><\/script><ins class=\"adsbygoogle\" style=\"display:block;\" data-ad-client=\"ca-pub-8787528412751566\" \ndata-ad-slot=\"\" \ndata-ad-format=\"auto\"><\/ins>\n<script> \n(adsbygoogle = window.adsbygoogle || []).push({}); \n<\/script>\n<\/div>\n<p><em><small>Todas as 17 UBSs ter\u00e3o a\u00e7\u00f5es espec\u00edficas para a popula\u00e7\u00e3o local<\/small><\/em><\/p>\n\n\n\n<p>A Secretaria de Sa\u00fade de Indaiatuba divulgou na tarde desta segunda-feira (5), o cronograma de a\u00e7\u00f5es do Fevereiro Roxo, m\u00eas da conscientiza\u00e7\u00e3o da Doen\u00e7a de Alzheimer. Todas as UBSs (unidades b\u00e1sicas de sa\u00fade) receber\u00e3o a\u00e7\u00f5es espec\u00edficas voltadas a promo\u00e7\u00e3o da informa\u00e7\u00e3o sobre esta doen\u00e7a neurodegenerativa.<\/p>\n\n\n\n<p><strong>O que \u00e9 Alzheimer?<\/strong><\/p>\n\n\n\n<p>A Doen\u00e7a de Alzheimer \u00e9 uma condi\u00e7\u00e3o neurodegenerativa progressiva que afeta principalmente a mem\u00f3ria, o pensamento e o comportamento. \u00c9 a forma mais comum de dem\u00eancia, um termo usado para descrever diferentes transtornos cognitivos que interferem nas atividades di\u00e1rias de uma pessoa.<\/p>\n\n\n\n<p>Os sintomas do Alzheimer geralmente come\u00e7am de forma leve e se tornam mais graves ao longo do tempo. Os sintomas iniciais podem incluir dificuldade em lembrar eventos recentes, perder-se em lugares familiares, ter problemas de linguagem e apresentar mudan\u00e7as de personalidade. Conforme a doen\u00e7a avan\u00e7a, a capacidade de realizar tarefas di\u00e1rias b\u00e1sicas \u00e9 comprometida, e a pessoa pode perder a capacidade de se comunicar e reconhecer familiares e amigos.<\/p>\n\n\n\n<p>N\u00e3o h\u00e1 cura para o Alzheimer, mas existem tratamentos que podem ajudar a aliviar os sintomas e melhorar a qualidade de vida das pessoas afetadas. O diagn\u00f3stico precoce e a gest\u00e3o dos sintomas s\u00e3o cruciais para oferecer suporte aos pacientes e suas fam\u00edlias.<\/p>\n\n\n\n<p><strong>Cronograma<\/strong><\/p>\n\n\n\n<p>UBS Itaici:&nbsp;Dia 05\/02\/2024 \u00e0s 14h no CRASII\/Tombadouro. Roda de Conversa: Envelhecimento Saud\u00e1vel com a Enf\u00aa Ingrid Pacheco. Dia 22\/02\/2024 \u00e0s 10h na UBS Itaici com a Palestra Alzheimer: sintomas e tratamentos com Dr\u00aa Denise Mye.<\/p>\n\n\n\n<p>UBS Jardim Brasil:&nbsp;Dia 06\/02 das 13h \u00e0s 14h. Roda de conversa com os servidores da unidade sobre o Alzheimer. Dia 20\/02 das 13h \u00e0s 16h, Esta\u00e7\u00e3o de Jogos: 9 jogos da mem\u00f3ria, dama, domin\u00f3, jogos da velha, ca\u00e7a palavras em sala de espera com os pacientes. Dia 29\/02 das 9h \u00e0s 11h, palestra: mitos e verdades sobre o Alzheimer.<\/p>\n\n\n\n<p>UBS 04:&nbsp;Dia 07\/02 \u00e0s 10h. Roda de conversa em sala de espera sobre preven\u00e7\u00e3o do Alzheimer. Dia 21\/02 a partir das 9h, oficina de mem\u00f3rias.<\/p>\n\n\n\n<p>UBS Carlos Aldrovandi:&nbsp;Dia 08\/02. Local: Pra\u00e7a do Fogueteiro. Roda de conversa sobre preven\u00e7\u00e3o do Alzheimer e pr\u00e1tica integrativa chinesa Liang Gong com o Grupo Harmonia.<\/p>\n\n\n\n<p>UBS Cecap:&nbsp;Dia 09\/02. Roda de Conversa com o grupo de alongamento sobre o Alzheimer com a Dr\u00aa Yara Aiello.<\/p>\n\n\n\n<p>UBS 09 Central: Dia 16\/02 das 8h \u00e0s 10h no Espa\u00e7o da Comunidade S\u00e3o Vicente de Paulo, roda de Conversa sobre a Doen\u00e7a de Alzheimer. Dia 27\/02 das 9h \u00e0s 11h na UBS palestra com o tema: Est\u00edmulos, promo\u00e7\u00e3o e preven\u00e7\u00e3o contra a Doen\u00e7a de Alzheimer.<\/p>\n\n\n\n<p>UBS 10 Jd. Calif\u00f3rnia:&nbsp;Dia 19\/02 \u00e0s 8h com palestras em sala de espera sobre a preven\u00e7\u00e3o da Doen\u00e7a de Alzheimer e oferecimento de um caf\u00e9 da manh\u00e3.<\/p>\n\n\n\n<p>UBS Jd. Oliveira Camargo:&nbsp;Dia 20\/02 \u00e0s 14h, oficina de neuroestimula\u00e7\u00e3o para idosos com a Psic\u00f3loga Cristiane.<\/p>\n\n\n\n<p>UBS Jo\u00e3o Pioli:&nbsp;Dia 21\/02 \u00e0s 13h30, palestra Alzheimer e Esquecimento, quando procurar ajuda com o Dr. Matheus Hatge.<\/p>\n\n\n\n<p>UBS Campo Bonito:&nbsp;Palestra sobre conscientiza\u00e7\u00e3o e orienta\u00e7\u00e3o sobre o Alzheimer em sala de espera \u00e0s ter\u00e7as-feiras e Dia 21\/02 \u00e0s 13h30, oficina da mente.<\/p>\n\n\n\n<p>UBS Parque Corolla:&nbsp;Dia 23\/02 durante o dia roda de conversa sobre a preven\u00e7\u00e3o da Doen\u00e7a de Alzheimer.<\/p>\n\n\n\n<p>UBS 07:&nbsp;Dia 24\/02 das 7h \u00e0s 12h, realiza\u00e7\u00e3o de consultas cl\u00ednicas e procedimentos.<\/p>\n\n\n\n<p>UBS Parque Indai\u00e1: Dia 26\/02 das 13h30 \u00e0s 15h, roda de conversa: Desvendando o Alzheimer com a Dr\u00aa Lara Monteiro.<\/p>\n\n\n\n<p>UBS Umuarama:&nbsp;Dia 28\/02 \u00e0s 8h. Palestra: Os principais diagn\u00f3sticos diferenciais do Alzheimer com Dr. Anuar Abud.<\/p>\n\n\n\n<p>UBS 01:&nbsp;Dia 28\/02 a partir das 10h. Palestra: Se n\u00e3o h\u00e1 cura! Que haja conforto com o psic\u00f3logo Renato e \u00e0s 15h exposi\u00e7\u00e3o de desenhos confeccionados pelos pacientes.<\/p>\n\n\n\n<p>UBS Camargo Andrade:&nbsp;Dia 28\/02 \u00e0s 10h30. Palestra Mal de Alzheimer: desmistificar, prevenir e cuidar com Dr\u00aa Marta Consulin.<\/p>\n\n\n\n<p>UBS Jardim Maritacas: Dia 29\/02 \u00e0s 8h com a palestra S\u00edndromes demenciais com o Dr. Lauro Cangussu.&nbsp;<\/p>\n\n\n\n<p><strong>#PraTodosVerem:\u00a0<\/strong>Foto a\u00e9rea mostra a unidade b\u00e1sica de sa\u00fade do Jardim Brasil vista de cima no centro da imagem. H\u00e1 uma \u00e1rvore grande na cal\u00e7ada em frente a unidade.<\/p>\n\n\n\n<p><\/p>\n","protected":false},"excerpt":{"rendered":"<p>Todas as 17 UBSs ter\u00e3o a\u00e7\u00f5es espec\u00edficas para a popula\u00e7\u00e3o local A Secretaria de Sa\u00fade de Indaiatuba divulgou na tarde desta segunda-feira (5), o cronograma de a\u00e7\u00f5es do Fevereiro Roxo, m\u00eas da conscientiza\u00e7\u00e3o da Doen\u00e7a de Alzheimer. Todas as UBSs (unidades b\u00e1sicas de sa\u00fade) receber\u00e3o a\u00e7\u00f5es espec\u00edficas voltadas a promo\u00e7\u00e3o da informa\u00e7\u00e3o sobre esta doen\u00e7a [&hellip;]<\/p>\n","protected":false},"author":8,"featured_media":21775,"comment_status":"closed","ping_status":"open","sticky":false,"template":"","format":"standard","meta":{"rop_custom_images_group":[],"rop_custom_messages_group":[],"rop_publish_now":"initial","rop_publish_now_accounts":[],"rop_publish_now_history":[],"rop_publish_now_status":"pending","footnotes":""},"categories":[188],"tags":[73],"class_list":["post-21774","post","type-post","status-publish","format-standard","has-post-thumbnail","hentry","category-indaiatuba","tag-featured"],"amp_enabled":true,"_links":{"self":[{"href":"https:\/\/imais.online\/portal\/wp-json\/wp\/v2\/posts\/21774","targetHints":{"allow":["GET"]}}],"collection":[{"href":"https:\/\/imais.online\/portal\/wp-json\/wp\/v2\/posts"}],"about":[{"href":"https:\/\/imais.online\/portal\/wp-json\/wp\/v2\/types\/post"}],"author":[{"embeddable":true,"href":"https:\/\/imais.online\/portal\/wp-json\/wp\/v2\/users\/8"}],"replies":[{"embeddable":true,"href":"https:\/\/imais.online\/portal\/wp-json\/wp\/v2\/comments?post=21774"}],"version-history":[{"count":1,"href":"https:\/\/imais.online\/portal\/wp-json\/wp\/v2\/posts\/21774\/revisions"}],"predecessor-version":[{"id":21776,"href":"https:\/\/imais.online\/portal\/wp-json\/wp\/v2\/posts\/21774\/revisions\/21776"}],"wp:featuredmedia":[{"embeddable":true,"href":"https:\/\/imais.online\/portal\/wp-json\/wp\/v2\/media\/21775"}],"wp:attachment":[{"href":"https:\/\/imais.online\/portal\/wp-json\/wp\/v2\/media?parent=21774"}],"wp:term":[{"taxonomy":"category","embeddable":true,"href":"https:\/\/imais.online\/portal\/wp-json\/wp\/v2\/categories?post=21774"},{"taxonomy":"post_tag","embeddable":true,"href":"https:\/\/imais.online\/portal\/wp-json\/wp\/v2\/tags?post=21774"}],"curies":[{"name":"wp","href":"https:\/\/api.w.org\/{rel}","templated":true}]}}