{"id":21794,"date":"2024-02-07T09:35:59","date_gmt":"2024-02-07T12:35:59","guid":{"rendered":"https:\/\/imais.online\/portal\/?p=21794"},"modified":"2024-02-07T09:36:00","modified_gmt":"2024-02-07T12:36:00","slug":"parceria-entre-a-fiec-e-a-secretaria-da-educacao-do-estado-de-sao-paulo-avanca-para-31-municipios","status":"publish","type":"post","link":"https:\/\/imais.online\/portal\/parceria-entre-a-fiec-e-a-secretaria-da-educacao-do-estado-de-sao-paulo-avanca-para-31-municipios\/","title":{"rendered":"Parceria entre a Fiec e a Secretaria da Educa\u00e7\u00e3o do Estado de S\u00e3o Paulo avan\u00e7a para 31 Munic\u00edpios"},"content":{"rendered":"<div class=\"imais-before-content-placement\" id=\"imais-1707951688\"><script async src=\"\/\/pagead2.googlesyndication.com\/pagead\/js\/adsbygoogle.js?client=ca-pub-8787528412751566\" crossorigin=\"anonymous\"><\/script><ins class=\"adsbygoogle\" style=\"display:block;\" data-ad-client=\"ca-pub-8787528412751566\" \ndata-ad-slot=\"\" \ndata-ad-format=\"auto\"><\/ins>\n<script> \n(adsbygoogle = window.adsbygoogle || []).push({}); \n<\/script>\n<\/div>\n<p><em><small>Implementa\u00e7\u00e3o visa oferecer a Educa\u00e7\u00e3o Profissional Paulista<\/small><\/em><\/p>\n\n\n\n<p>Desde 2022, quando a Funda\u00e7\u00e3o Indaiatubana de Educa\u00e7\u00e3o e Cultura &nbsp;(Fiec) assinou o primeiro contrato, com a Secretaria de Desenvolvimento Econ\u00f4mico do Estado de S\u00e3o Paulo na implementa\u00e7\u00e3o do ensino t\u00e9cnico nas Escolas Estaduais, a Fiec vem aumentando gradualmente sua abrang\u00eancia nas escolas de diversos munic\u00edpios.<\/p>\n\n\n\n<p>No primeiro contrato, assinado em fevereiro de 2022, a Fiec atuava em nove munic\u00edpios. J\u00e1 no segundo contrato, celebrado em janeiro de 2023, passou a atuar em 15 munic\u00edpios. Em janeiro deste ano, foi firmado o terceiro contrato, que passou a ser gerido pela Secretaria de Educa\u00e7\u00e3o do Estado de S\u00e3o Paulo, atingindo agora os munic\u00edpios de Indaiatuba , Americana, Artur Nogueira, Boituva, Campinas, Campo Limpo Paulista, Capela do Alto, Capivari, Cabre\u00fava, Cosm\u00f3polis, Elias Fausto, Hortol\u00e2ndia, Iper\u00f3, Itatiba, Itu, Itupeva, Jaguari\u00fana, Jarinu, Jundia\u00ed, Limeira, Mogi Gua\u00e7u, Monte Mor, Rafard, Rio Claro, Rio Das Pedras, Salto, Santa Gertrudes, Sorocaba, Sumar\u00e9, V\u00e1rzea Paulista e Votorantim, totalizando 31 cidades. Ao todo s\u00e3o 11 Diretorias de Ensino, 87 Escolas Estaduais, 159 turmas e aproximadamente 5.300 alunos, distribu\u00eddos nos seguintes cursos t\u00e9cnicos:&nbsp;Administra\u00e7\u00e3o; Agroneg\u00f3cio; Desenvolvimento de Sistemas; Enfermagem; Log\u00edstica; Marketing; Recursos Humanos; Sistemas de Informa\u00e7\u00e3o e Vendas.<\/p>\n\n\n\n<p><strong>O programa no Estado de S\u00e3o Paulo<\/strong><\/p>\n\n\n\n<p>Conhecido inicialmente como NOVOTEC e na atual Gest\u00e3o Estadual como EPP \u2013&nbsp;<a>Ensino Profissional&nbsp;<\/a>Paulista, tem como objetivo incluir o ensino t\u00e9cnico na grade do ensino m\u00e9dio das escolas estaduais do Estado de S\u00e3o Paulo, em todas as unidades escolares das 91 Diretorias de Ensino, atrav\u00e9s da ades\u00e3o volunt\u00e1ria das mesmas.<\/p>\n\n\n\n<p>O parceiro principal do Estado no desenvolvimento Ensino Profissional \u00e9 a Funda\u00e7\u00e3o Paula Souza, por\u00e9m, o Estado aceitou entidades parceiras para desenvolver este trabalho e a FIEC \u00e9 uma dessas parceiras, sendo que nesse per\u00edodo que est\u00e1 atuando, foi muito bem avaliada pelas diretorias das escolas e pelos alunos.<\/p>\n\n\n\n<p>O Estado tamb\u00e9m possibilita que as Escolas Estaduais, que desejarem, desenvolvam individualmente o Ensino Profissional Paulista, atrav\u00e9s da contrata\u00e7\u00e3o de professores pr\u00f3prios.<\/p>\n\n\n\n<p><strong>O programa em Indaiatuba atende nove Escolas Estaduais<\/strong><\/p>\n\n\n\n<p>A Fiec est\u00e1 presente em Indaiatuba nas seguintes Escolas Estaduais: E.E. Prof\u00aa Annunziatta Leonilda Virginelli Prado, E.E. Prof\u00aa Helena de Campos Camargo, E.E. Jardim Morada do Sol, E.E. Joaquim Pedroso de Alvarenga, E.E. Dom Jos\u00e9 de Camargo Barros, E.E. Prof\u00aa Maria Apparecida Pinto da Cunha, EE Prof\u00aa Maria Bernadete Amgarten Peres, E.E. Randolfo Moreira Fernandes, ministrando os cursos t\u00e9cnicos de Administra\u00e7\u00e3o, Log\u00edstica, Marketing, Desenvolvimento de Sistemas e Inform\u00e1tica para Internet, para 14 turmas e atendendo cerca de 450 alunos.<\/p>\n\n\n\n<p><strong>Sobre a Fiec<\/strong><\/p>\n\n\n\n<p>Em 1985, a Fiec implantou o seu primeiro curso t\u00e9cnico, na \u00e1rea de mec\u00e2nica, atualmente oferece os seguintes Cursos T\u00e9cnicos: Administra\u00e7\u00e3o, Agroneg\u00f3cio, An\u00e1lises Cl\u00ednicas, Automa\u00e7\u00e3o Industrial, Design de Interiores, Edifica\u00e7\u00f5es, Eletroeletr\u00f4nica, Enfermagem, Farm\u00e1cia, Gastronomia, Inform\u00e1tica, Inform\u00e1tica para Internet, Log\u00edstica, Marketing, Mec\u00e2nica Industrial, Mecatr\u00f4nica, Meio Ambiente, Nutri\u00e7\u00e3o, Qu\u00edmica e T\u00e9cnico em Seguran\u00e7a do Trabalho, totalizando 20 cursos e em 2015 oferta o seu primeiro Curso Tecn\u00f3logo, na \u00e1rea de qu\u00edmica.<\/p>\n\n\n\n<p>Ao longo desses quase 40 anos, foram milhares de alunos formados que atuam no Brasil e no exterior.<\/p>\n\n\n\n<p>No ano de 2024, a Fiec receber\u00e1 em suas modernas instala\u00e7\u00f5es, cerca de 1.337 alunos, que cursaram seus cursos t\u00e9cnicos e tecnol\u00f3gicos.&nbsp;<\/p>\n\n\n\n<p><strong>#PraTodosVerem:<\/strong>&nbsp;Grupo de alunos sentados em um ambiente de sala de aula, enquanto professores e gestores da Funda\u00e7\u00e3o Indaiatubana de Educa\u00e7\u00e3o e Cultura \u2013 FIEC, explicam sobre o programa Educa\u00e7\u00e3o Profissional Paulista.<\/p>\n","protected":false},"excerpt":{"rendered":"<p>Implementa\u00e7\u00e3o visa oferecer a Educa\u00e7\u00e3o Profissional Paulista Desde 2022, quando a Funda\u00e7\u00e3o Indaiatubana de Educa\u00e7\u00e3o e Cultura &nbsp;(Fiec) assinou o primeiro contrato, com a Secretaria de Desenvolvimento Econ\u00f4mico do Estado de S\u00e3o Paulo na implementa\u00e7\u00e3o do ensino t\u00e9cnico nas Escolas Estaduais, a Fiec vem aumentando gradualmente sua abrang\u00eancia nas escolas de diversos munic\u00edpios. No primeiro [&hellip;]<\/p>\n","protected":false},"author":8,"featured_media":21795,"comment_status":"closed","ping_status":"open","sticky":false,"template":"","format":"standard","meta":{"rop_custom_images_group":[],"rop_custom_messages_group":[],"rop_publish_now":"initial","rop_publish_now_accounts":[],"rop_publish_now_history":[],"rop_publish_now_status":"pending","footnotes":""},"categories":[188],"tags":[],"class_list":["post-21794","post","type-post","status-publish","format-standard","has-post-thumbnail","hentry","category-indaiatuba"],"amp_enabled":true,"_links":{"self":[{"href":"https:\/\/imais.online\/portal\/wp-json\/wp\/v2\/posts\/21794","targetHints":{"allow":["GET"]}}],"collection":[{"href":"https:\/\/imais.online\/portal\/wp-json\/wp\/v2\/posts"}],"about":[{"href":"https:\/\/imais.online\/portal\/wp-json\/wp\/v2\/types\/post"}],"author":[{"embeddable":true,"href":"https:\/\/imais.online\/portal\/wp-json\/wp\/v2\/users\/8"}],"replies":[{"embeddable":true,"href":"https:\/\/imais.online\/portal\/wp-json\/wp\/v2\/comments?post=21794"}],"version-history":[{"count":1,"href":"https:\/\/imais.online\/portal\/wp-json\/wp\/v2\/posts\/21794\/revisions"}],"predecessor-version":[{"id":21796,"href":"https:\/\/imais.online\/portal\/wp-json\/wp\/v2\/posts\/21794\/revisions\/21796"}],"wp:featuredmedia":[{"embeddable":true,"href":"https:\/\/imais.online\/portal\/wp-json\/wp\/v2\/media\/21795"}],"wp:attachment":[{"href":"https:\/\/imais.online\/portal\/wp-json\/wp\/v2\/media?parent=21794"}],"wp:term":[{"taxonomy":"category","embeddable":true,"href":"https:\/\/imais.online\/portal\/wp-json\/wp\/v2\/categories?post=21794"},{"taxonomy":"post_tag","embeddable":true,"href":"https:\/\/imais.online\/portal\/wp-json\/wp\/v2\/tags?post=21794"}],"curies":[{"name":"wp","href":"https:\/\/api.w.org\/{rel}","templated":true}]}}