{"id":21803,"date":"2024-02-07T09:49:56","date_gmt":"2024-02-07T12:49:56","guid":{"rendered":"https:\/\/imais.online\/portal\/?p=21803"},"modified":"2024-02-07T09:49:57","modified_gmt":"2024-02-07T12:49:57","slug":"mpf-se-manifesta-contra-projeto-que-extingue-saida-temporaria-de-presos-em-feriados","status":"publish","type":"post","link":"https:\/\/imais.online\/portal\/mpf-se-manifesta-contra-projeto-que-extingue-saida-temporaria-de-presos-em-feriados\/","title":{"rendered":"MPF se manifesta contra\u00a0projeto que extingue sa\u00edda tempor\u00e1ria de presos em feriados"},"content":{"rendered":"<div class=\"imais-before-content-placement\" id=\"imais-3078568772\"><script async src=\"\/\/pagead2.googlesyndication.com\/pagead\/js\/adsbygoogle.js?client=ca-pub-8787528412751566\" crossorigin=\"anonymous\"><\/script><ins class=\"adsbygoogle\" style=\"display:block;\" data-ad-client=\"ca-pub-8787528412751566\" \ndata-ad-slot=\"\" \ndata-ad-format=\"auto\"><\/ins>\n<script> \n(adsbygoogle = window.adsbygoogle || []).push({}); \n<\/script>\n<\/div>\n<h2 class=\"wp-block-heading\">A &#8216;saidinha&#8217; \u00e9 um benef\u00edcio previsto na Lei de Execu\u00e7\u00f5es Penais e se aplica a condenados que cumprem pena no regime semiaberto<\/h2>\n\n\n\n<p>O Minist\u00e9rio P\u00fablico Federal se manifestou contra o projeto que\u00a0<a rel=\"noreferrer noopener\" href=\"https:\/\/noticias.r7.com\/brasilia\/comissao-do-senado-aprova-projeto-que-extingue-saida-temporaria-de-presos-em-feriados-06022024\" target=\"_blank\">extingue o benef\u00edcio da sa\u00edda tempor\u00e1ria de presos<\/a>, conhecida como &#8220;saidinha&#8221;. O texto foi aprovado nesta ter\u00e7a-feira (6) pela Comiss\u00e3o de Seguran\u00e7a P\u00fablica do Senado e agora ser\u00e1 encaminhado para a Comiss\u00e3o de Constitui\u00e7\u00e3o e Justi\u00e7a (CCJ) da Casa.<\/p>\n\n\n\n<p>Para o MPF, o texto do projeto \u00e9 \u201cflagrantemente inconstitucional\u201d, e&nbsp;a legisla\u00e7\u00e3o prev\u00ea at\u00e9 cinco sa\u00eddas por ano, sem vigil\u00e2ncia direta, para visitas \u00e0s fam\u00edlias, o que &#8220;\u00e9 importante para garantir a ressocializa\u00e7\u00e3o dos encarcerados&#8221;.<br><br>&#8220;O Ju\u00edzo de Execu\u00e7\u00e3o Penal segue uma s\u00e9rie de regras espec\u00edficas para a concess\u00e3o das sa\u00eddas tempor\u00e1rias a partir de minuciosa avalia\u00e7\u00e3o de cada caso, separadamente. Pessoas condenadas por crimes hediondos que resultaram em morte, por exemplo, n\u00e3o recebem o benef\u00edcio. As chamadas saidinhas s\u00e3o importantes instrumento de ressocializa\u00e7\u00e3o e reconstru\u00e7\u00e3o dos la\u00e7os sociais, fortalecendo os v\u00ednculos familiares e contribuindo para o processo de reintegra\u00e7\u00e3o social da pessoa em priva\u00e7\u00e3o de liberdade&#8221;, diz o MPF.<\/p>\n\n\n\n<p>A sa\u00edda tempor\u00e1ria \u00e9 um benef\u00edcio previsto no artigo 122 da Lei de Execu\u00e7\u00f5es Penais e se aplica aos condenados que estejam no regime semiaberto e j\u00e1 tenham cumprido 1\/4 da pena, em est\u00edmulo \u00e0 volta ao conv\u00edvio social, durante feriados, cursos ou demais atividades.<\/p>\n\n\n\n<p>O texto foi aprovado pelos senadores e pelos deputados em 2022. Em decorr\u00eancia de altera\u00e7\u00f5es promovidas pela C\u00e2mara, precisou ser votado novamente pelo Senado. Agora, segue para a CCJ e depois ao plen\u00e1rio. N\u00e3o h\u00e1 data definida para a an\u00e1lise.<\/p>\n\n\n\n<p>O projeto prev\u00ea a realiza\u00e7\u00e3o de exame criminol\u00f3gico para a progress\u00e3o de regime e o uso de tornozeleira eletr\u00f4nica em presos dos regimes aberto e semiaberto ou em progress\u00e3o para esses regimes. O relator da proposta \u00e9 o senador Fl\u00e1vio Bolsonaro (PL-RJ), que acolheu uma emenda do senador Sergio Moro (Uni\u00e3o Brasil-PR). Essa sugest\u00e3o defende a manuten\u00e7\u00e3o da sa\u00edda tempor\u00e1ria de presos apenas nos casos para frequentar curso supletivo profissionalizante ou de de ensino m\u00e9dio ou superior.<\/p>\n\n\n\n<p>Fonte R7<\/p>\n","protected":false},"excerpt":{"rendered":"<p>A &#8216;saidinha&#8217; \u00e9 um benef\u00edcio previsto na Lei de Execu\u00e7\u00f5es Penais e se aplica a condenados que cumprem pena no regime semiaberto O Minist\u00e9rio P\u00fablico Federal se manifestou contra o projeto que\u00a0extingue o benef\u00edcio da sa\u00edda tempor\u00e1ria de presos, conhecida como &#8220;saidinha&#8221;. O texto foi aprovado nesta ter\u00e7a-feira (6) pela Comiss\u00e3o de Seguran\u00e7a P\u00fablica do [&hellip;]<\/p>\n","protected":false},"author":8,"featured_media":21804,"comment_status":"closed","ping_status":"open","sticky":false,"template":"","format":"standard","meta":{"rop_custom_images_group":[],"rop_custom_messages_group":[],"rop_publish_now":"initial","rop_publish_now_accounts":[],"rop_publish_now_history":[],"rop_publish_now_status":"pending","footnotes":""},"categories":[189],"tags":[],"class_list":["post-21803","post","type-post","status-publish","format-standard","has-post-thumbnail","hentry","category-brasil"],"amp_enabled":true,"_links":{"self":[{"href":"https:\/\/imais.online\/portal\/wp-json\/wp\/v2\/posts\/21803","targetHints":{"allow":["GET"]}}],"collection":[{"href":"https:\/\/imais.online\/portal\/wp-json\/wp\/v2\/posts"}],"about":[{"href":"https:\/\/imais.online\/portal\/wp-json\/wp\/v2\/types\/post"}],"author":[{"embeddable":true,"href":"https:\/\/imais.online\/portal\/wp-json\/wp\/v2\/users\/8"}],"replies":[{"embeddable":true,"href":"https:\/\/imais.online\/portal\/wp-json\/wp\/v2\/comments?post=21803"}],"version-history":[{"count":1,"href":"https:\/\/imais.online\/portal\/wp-json\/wp\/v2\/posts\/21803\/revisions"}],"predecessor-version":[{"id":21805,"href":"https:\/\/imais.online\/portal\/wp-json\/wp\/v2\/posts\/21803\/revisions\/21805"}],"wp:featuredmedia":[{"embeddable":true,"href":"https:\/\/imais.online\/portal\/wp-json\/wp\/v2\/media\/21804"}],"wp:attachment":[{"href":"https:\/\/imais.online\/portal\/wp-json\/wp\/v2\/media?parent=21803"}],"wp:term":[{"taxonomy":"category","embeddable":true,"href":"https:\/\/imais.online\/portal\/wp-json\/wp\/v2\/categories?post=21803"},{"taxonomy":"post_tag","embeddable":true,"href":"https:\/\/imais.online\/portal\/wp-json\/wp\/v2\/tags?post=21803"}],"curies":[{"name":"wp","href":"https:\/\/api.w.org\/{rel}","templated":true}]}}