{"id":21810,"date":"2024-02-07T20:24:18","date_gmt":"2024-02-07T23:24:18","guid":{"rendered":"https:\/\/imais.online\/portal\/?p=21810"},"modified":"2024-02-07T20:24:18","modified_gmt":"2024-02-07T23:24:18","slug":"marchinhas-de-carnaval-dao-inicio-a-folia-no-shopping-jaragua-indaiatuba-na-sexta-feira-9","status":"publish","type":"post","link":"https:\/\/imais.online\/portal\/marchinhas-de-carnaval-dao-inicio-a-folia-no-shopping-jaragua-indaiatuba-na-sexta-feira-9\/","title":{"rendered":"Marchinhas de Carnaval d\u00e3o in\u00edcio \u00e0 folia no Shopping Jaragu\u00e1 Indaiatuba na sexta-feira (9)"},"content":{"rendered":"<div class=\"imais-before-content-placement\" id=\"imais-2867124743\"><script async src=\"\/\/pagead2.googlesyndication.com\/pagead\/js\/adsbygoogle.js?client=ca-pub-8787528412751566\" crossorigin=\"anonymous\"><\/script><ins class=\"adsbygoogle\" style=\"display:block;\" data-ad-client=\"ca-pub-8787528412751566\" \ndata-ad-slot=\"\" \ndata-ad-format=\"auto\"><\/ins>\n<script> \n(adsbygoogle = window.adsbygoogle || []).push({}); \n<\/script>\n<\/div>\n<p class=\"has-text-align-center\">Atividades ser\u00e3o gratuitas e seguir\u00e3o at\u00e9 o dia 16.<\/p>\n\n\n\n<p>Aten\u00e7\u00e3o foli\u00f5es. Preparem suas fantasias e a disposi\u00e7\u00e3o para as brincadeiras. O Carnaval no Shopping Jaragu\u00e1 Indaiatuba est\u00e1 chegando e ter\u00e1 muita divers\u00e3o e alegria para todos os p\u00fablicos. As brincadeiras ter\u00e3o na sexta-feira (dia 09 de fevereiro) e seguem at\u00e9 a sexta-feira da pr\u00f3xima semana (dia 16), com muita anima\u00e7\u00e3o e bailinho de Carnaval para os pequenos.<\/p>\n\n\n\n<p>Os eventos divertidos ser\u00e3o realizados na Pra\u00e7a de Alimenta\u00e7\u00e3o, onde todos poder\u00e3o abusar da criatividade e do colorido do Carnaval. Na sexta-feira (dia 09), o lan\u00e7amento da festa ser\u00e1 \u00e0s 19h30 com a cantora Marcia \u00c1vida e Banda, que interpretar\u00e1 as Marchinhas de Carnaval. Basta preparar a fantasia e curtir a folia.<\/p>\n\n\n\n<p>No s\u00e1bado, dia 10, tamb\u00e9m \u00e0s 19h30, a festa ter\u00e1 continuidade com a apresenta\u00e7\u00e3o do Grupo Star Flash. A Pra\u00e7a de Alimenta\u00e7\u00e3o do Shopping vai se transformar<\/p>\n\n\n\n<p>numa verdadeira pista de dan\u00e7a para que todos possam curtir os sucessos do Carnaval de diversas d\u00e9cadas.<\/p>\n\n\n\n<p>Para as crian\u00e7as a folia ser\u00e1 realizada na ter\u00e7a-feira (dia 13 de fevereiro), a partir das 16h. No Carnaval Kids os pequenos poder\u00e3o curtir a festa com a presen\u00e7a de diversos personagens amados pelas crian\u00e7as.<\/p>\n\n\n\n<p>Para encerrar a festa do Carnaval no Shopping Jaragu\u00e1 Indaiatuba, o grupo Four Samba subir\u00e1 ao palco na pr\u00f3xima sexta-feira (dia 16 de fevereiro), \u00e0s 19h30, para interpretar os cl\u00e1ssicos de Martinho da Vila e Paulinho da Viola no Pitada Musical Especial.<\/p>\n\n\n\n<p>Sobre o Shopping Jaragu\u00e1 Indaiatuba O Shopping Jaragu\u00e1 Indaiatuba foi inaugurado no dia 27 de setembro de 1993 no centro de Indaiatuba, interior de S\u00e3o Paulo. Pensado para oferecer um ambiente confort\u00e1vel aos clientes, conta com uma infraestrutura completa, com mix de lojas diversificado, pra\u00e7a de alimenta\u00e7\u00e3o com v\u00e1rias op\u00e7\u00f5es gastron\u00f4micas, al\u00e9m de opera\u00e7\u00f5es de servi\u00e7os e de lazer. Atualmente \u00e9 administrado pelo Grupo Sol Panamby. Servi\u00e7o<\/p>\n\n\n\n<p>Carnaval no Shopping Jaragu\u00e1 Indaiatuba<\/p>\n\n\n\n<p>Shows especiais<\/p>\n\n\n\n<p>Datas: dias 09, 10 e 16 de fevereiro.<\/p>\n\n\n\n<p>Hor\u00e1rio: 19h30.<\/p>\n\n\n\n<p>Bailinho Kids<\/p>\n\n\n\n<p>Data: dia 13 de fevereiro.<\/p>\n\n\n\n<p>Hor\u00e1rio: 16h.<\/p>\n\n\n\n<p>Local: Pra\u00e7a de Alimenta\u00e7\u00e3o.<\/p>\n\n\n\n<p>Endere\u00e7o: Rua Quinze de Novembro, 1.200, Centro. Informa\u00e7\u00f5es: (19) 3875-8933 Site: www.shoppingjaragua.com.br\/indaiatuba\/<\/p>\n\n\n\n<p>Eventos gratuitos<\/p>\n","protected":false},"excerpt":{"rendered":"<p>Atividades ser\u00e3o gratuitas e seguir\u00e3o at\u00e9 o dia 16. Aten\u00e7\u00e3o foli\u00f5es. Preparem suas fantasias e a disposi\u00e7\u00e3o para as brincadeiras. O Carnaval no Shopping Jaragu\u00e1 Indaiatuba est\u00e1 chegando e ter\u00e1 muita divers\u00e3o e alegria para todos os p\u00fablicos. As brincadeiras ter\u00e3o na sexta-feira (dia 09 de fevereiro) e seguem at\u00e9 a sexta-feira da pr\u00f3xima semana [&hellip;]<\/p>\n","protected":false},"author":7,"featured_media":21811,"comment_status":"closed","ping_status":"open","sticky":false,"template":"","format":"standard","meta":{"rop_custom_images_group":[],"rop_custom_messages_group":[],"rop_publish_now":"initial","rop_publish_now_accounts":[],"rop_publish_now_history":[],"rop_publish_now_status":"pending","footnotes":""},"categories":[188],"tags":[73],"class_list":["post-21810","post","type-post","status-publish","format-standard","has-post-thumbnail","hentry","category-indaiatuba","tag-featured"],"amp_enabled":true,"_links":{"self":[{"href":"https:\/\/imais.online\/portal\/wp-json\/wp\/v2\/posts\/21810","targetHints":{"allow":["GET"]}}],"collection":[{"href":"https:\/\/imais.online\/portal\/wp-json\/wp\/v2\/posts"}],"about":[{"href":"https:\/\/imais.online\/portal\/wp-json\/wp\/v2\/types\/post"}],"author":[{"embeddable":true,"href":"https:\/\/imais.online\/portal\/wp-json\/wp\/v2\/users\/7"}],"replies":[{"embeddable":true,"href":"https:\/\/imais.online\/portal\/wp-json\/wp\/v2\/comments?post=21810"}],"version-history":[{"count":1,"href":"https:\/\/imais.online\/portal\/wp-json\/wp\/v2\/posts\/21810\/revisions"}],"predecessor-version":[{"id":21812,"href":"https:\/\/imais.online\/portal\/wp-json\/wp\/v2\/posts\/21810\/revisions\/21812"}],"wp:featuredmedia":[{"embeddable":true,"href":"https:\/\/imais.online\/portal\/wp-json\/wp\/v2\/media\/21811"}],"wp:attachment":[{"href":"https:\/\/imais.online\/portal\/wp-json\/wp\/v2\/media?parent=21810"}],"wp:term":[{"taxonomy":"category","embeddable":true,"href":"https:\/\/imais.online\/portal\/wp-json\/wp\/v2\/categories?post=21810"},{"taxonomy":"post_tag","embeddable":true,"href":"https:\/\/imais.online\/portal\/wp-json\/wp\/v2\/tags?post=21810"}],"curies":[{"name":"wp","href":"https:\/\/api.w.org\/{rel}","templated":true}]}}