{"id":21816,"date":"2024-02-08T06:47:12","date_gmt":"2024-02-08T09:47:12","guid":{"rendered":"https:\/\/imais.online\/portal\/?p=21816"},"modified":"2024-02-08T06:47:13","modified_gmt":"2024-02-08T09:47:13","slug":"casos-provaveis-de-dengue-se-aproximam-de-400-mil-no-pais-em-2024","status":"publish","type":"post","link":"https:\/\/imais.online\/portal\/casos-provaveis-de-dengue-se-aproximam-de-400-mil-no-pais-em-2024\/","title":{"rendered":"Casos prov\u00e1veis de dengue se aproximam de 400 mil no pa\u00eds em 2024"},"content":{"rendered":"<div class=\"imais-before-content-placement\" id=\"imais-4005495634\"><script async src=\"\/\/pagead2.googlesyndication.com\/pagead\/js\/adsbygoogle.js?client=ca-pub-8787528412751566\" crossorigin=\"anonymous\"><\/script><ins class=\"adsbygoogle\" style=\"display:block;\" data-ad-client=\"ca-pub-8787528412751566\" \ndata-ad-slot=\"\" \ndata-ad-format=\"auto\"><\/ins>\n<script> \n(adsbygoogle = window.adsbygoogle || []).push({}); \n<\/script>\n<\/div>\n<p class=\"has-text-align-center\">Minist\u00e9rio da Sa\u00fade confirma 54 mortes neste in\u00edcio de ano<\/p>\n\n\n\n<p>O Brasil j\u00e1 registra, apenas neste ano, um total de 392.724 casos prov\u00e1veis de dengue, de acordo com n\u00fameros divulgados pelo Minist\u00e9rio da Sa\u00fade nesta quarta-feira (7). O minist\u00e9rio tamb\u00e9m confirmou 54 mortes pela doen\u00e7a no pa\u00eds. Outros 273 \u00f3bitos est\u00e3o sendo investigados para saber se s\u00e3o decorrentes da dengue.<img decoding=\"async\" src=\"https:\/\/agenciabrasil.ebc.com.br\/ebc.png?id=1580107&amp;o=node\"><img decoding=\"async\" src=\"https:\/\/agenciabrasil.ebc.com.br\/ebc.gif?id=1580107&amp;o=node\"><\/p>\n\n\n\n<p>De acordo com o\u00a0Painel de Monitoramento\u00a0do minist\u00e9rio, a popula\u00e7\u00e3o feminina representa 54,9% dos casos, enquanto pessoas do sexo masculino somam 45,1%. Mais de 143,2 mil dos casos prov\u00e1veis est\u00e3o concentrados na popula\u00e7\u00e3o entre 30 e 49 anos de idade.<\/p>\n\n\n\n<p>A explos\u00e3o de casos de dengue em diversas regi\u00f5es do pa\u00eds fez com que ao menos quatro estados \u2013 Acre, Minas Gerais e Goi\u00e1s \u2013, al\u00e9m do Distrito Federal,\u00a0decretassem situa\u00e7\u00e3o de emerg\u00eancia em sa\u00fade p\u00fablica. O munic\u00edpio do Rio de Janeiro tamb\u00e9m est\u00e1 em situa\u00e7\u00e3o de emerg\u00eancia.<\/p>\n\n\n\n<p>Estima-se que o Brasil pode contabilizar mais de\u00a04,1 milh\u00f5es de casos\u00a0em 2024.<\/p>\n\n\n\n<p>Com 135.716 casos prov\u00e1veis, Minas Gerais \u00e9 o estado com mais diagn\u00f3sticos da arbovirose. Em seguida, aparecem S\u00e3o Paulo (61.873), Distrito Federal (48.657), Paran\u00e1 (44.200) e Rio de Janeiro (28.327). Na an\u00e1lise do coeficiente de incid\u00eancia por 100 mil habitantes, a capital federal lidera com 1.727,2 casos por 100 mil habitantes. Em seguida est\u00e3o Minas Gerais (660,8) e o Acre (539,1).<\/p>\n\n\n\n<p>A grave situa\u00e7\u00e3o vivida pelo DF deve fazer\u00a0antecipar o in\u00edcio da vacina\u00e7\u00e3o para esta sexta-feira (9), informou o governo local. A capital federal vai receber um total de 194 mil doses da vacina.<\/p>\n\n\n\n<p>Em todo o pa\u00eds, as doses est\u00e3o sendo distribu\u00eddas para 521 munic\u00edpios selecionados pelo Minist\u00e9rio da Sa\u00fade para iniciar a vacina\u00e7\u00e3o na rede p\u00fablica. As cidades comp\u00f5em um total de 37 regi\u00f5es de sa\u00fade que, segundo a pasta, s\u00e3o consideradas end\u00eamicas para a doen\u00e7a. Ser\u00e3o vacinadas crian\u00e7as e adolescentes de 10 a 14 anos de idade, faixa et\u00e1ria que concentra maior n\u00famero de hospitaliza\u00e7\u00f5es por dengue, atr\u00e1s apenas dos idosos.<\/p>\n\n\n\n<p>Em pronunciamento \u00e0 na\u00e7\u00e3o na noite dessa ter\u00e7a-feira (6), a ministra da Sa\u00fade, N\u00edsia Trindade,\u00a0fez um apelo\u00a0para que a popula\u00e7\u00e3o adote cuidados para evitar a prolifera\u00e7\u00e3o de criadouros do mosquito transmissor da dengue dentro de casa. Segundo a ministra, 75% dos focos est\u00e3o localizados nas resid\u00eancias.<\/p>\n\n\n<div class=\"wp-block-image\">\n<figure class=\"aligncenter size-large\"><img loading=\"lazy\" decoding=\"async\" width=\"319\" height=\"1024\" src=\"https:\/\/imais.online\/portal\/wp-content\/uploads\/2024\/02\/dengue_1-319x1024.webp\" alt=\"\" class=\"wp-image-21817\" srcset=\"https:\/\/imais.online\/portal\/wp-content\/uploads\/2024\/02\/dengue_1-319x1024.webp 319w, https:\/\/imais.online\/portal\/wp-content\/uploads\/2024\/02\/dengue_1-93x300.webp 93w, https:\/\/imais.online\/portal\/wp-content\/uploads\/2024\/02\/dengue_1-478x1536.webp 478w, https:\/\/imais.online\/portal\/wp-content\/uploads\/2024\/02\/dengue_1.webp 754w\" sizes=\"auto, (max-width: 319px) 100vw, 319px\" \/><\/figure>\n<\/div>","protected":false},"excerpt":{"rendered":"<p>Minist\u00e9rio da Sa\u00fade confirma 54 mortes neste in\u00edcio de ano O Brasil j\u00e1 registra, apenas neste ano, um total de 392.724 casos prov\u00e1veis de dengue, de acordo com n\u00fameros divulgados pelo Minist\u00e9rio da Sa\u00fade nesta quarta-feira (7). O minist\u00e9rio tamb\u00e9m confirmou 54 mortes pela doen\u00e7a no pa\u00eds. Outros 273 \u00f3bitos est\u00e3o sendo investigados para saber [&hellip;]<\/p>\n","protected":false},"author":7,"featured_media":21818,"comment_status":"closed","ping_status":"open","sticky":false,"template":"","format":"standard","meta":{"rop_custom_images_group":[],"rop_custom_messages_group":[],"rop_publish_now":"initial","rop_publish_now_accounts":[],"rop_publish_now_history":[],"rop_publish_now_status":"pending","footnotes":""},"categories":[189],"tags":[],"class_list":["post-21816","post","type-post","status-publish","format-standard","has-post-thumbnail","hentry","category-brasil"],"amp_enabled":true,"_links":{"self":[{"href":"https:\/\/imais.online\/portal\/wp-json\/wp\/v2\/posts\/21816","targetHints":{"allow":["GET"]}}],"collection":[{"href":"https:\/\/imais.online\/portal\/wp-json\/wp\/v2\/posts"}],"about":[{"href":"https:\/\/imais.online\/portal\/wp-json\/wp\/v2\/types\/post"}],"author":[{"embeddable":true,"href":"https:\/\/imais.online\/portal\/wp-json\/wp\/v2\/users\/7"}],"replies":[{"embeddable":true,"href":"https:\/\/imais.online\/portal\/wp-json\/wp\/v2\/comments?post=21816"}],"version-history":[{"count":1,"href":"https:\/\/imais.online\/portal\/wp-json\/wp\/v2\/posts\/21816\/revisions"}],"predecessor-version":[{"id":21819,"href":"https:\/\/imais.online\/portal\/wp-json\/wp\/v2\/posts\/21816\/revisions\/21819"}],"wp:featuredmedia":[{"embeddable":true,"href":"https:\/\/imais.online\/portal\/wp-json\/wp\/v2\/media\/21818"}],"wp:attachment":[{"href":"https:\/\/imais.online\/portal\/wp-json\/wp\/v2\/media?parent=21816"}],"wp:term":[{"taxonomy":"category","embeddable":true,"href":"https:\/\/imais.online\/portal\/wp-json\/wp\/v2\/categories?post=21816"},{"taxonomy":"post_tag","embeddable":true,"href":"https:\/\/imais.online\/portal\/wp-json\/wp\/v2\/tags?post=21816"}],"curies":[{"name":"wp","href":"https:\/\/api.w.org\/{rel}","templated":true}]}}