{"id":21820,"date":"2024-02-08T10:39:54","date_gmt":"2024-02-08T13:39:54","guid":{"rendered":"https:\/\/imais.online\/portal\/?p=21820"},"modified":"2024-02-08T10:39:55","modified_gmt":"2024-02-08T13:39:55","slug":"departamento-de-transito-informa-interdicoes-para-carnaval-e-mudancas-no-transporte-coletivo","status":"publish","type":"post","link":"https:\/\/imais.online\/portal\/departamento-de-transito-informa-interdicoes-para-carnaval-e-mudancas-no-transporte-coletivo\/","title":{"rendered":"Departamento de Tr\u00e2nsito informa interdi\u00e7\u00f5es para Carnaval e mudan\u00e7as no transporte coletivo"},"content":{"rendered":"<div class=\"imais-before-content-placement\" id=\"imais-3071007511\"><script async src=\"\/\/pagead2.googlesyndication.com\/pagead\/js\/adsbygoogle.js?client=ca-pub-8787528412751566\" crossorigin=\"anonymous\"><\/script><ins class=\"adsbygoogle\" style=\"display:block;\" data-ad-client=\"ca-pub-8787528412751566\" \ndata-ad-slot=\"\" \ndata-ad-format=\"auto\"><\/ins>\n<script> \n(adsbygoogle = window.adsbygoogle || []).push({}); \n<\/script>\n<\/div>\n<p><em><small>Diversas ruas ser\u00e3o fechadas no Centro; nos dias 11 e 12, \u00f4nibus utilizar\u00e3o o Terminal Central<\/small><\/em><\/p>\n\n\n\n<p>O Departamento Municipal de Tr\u00e2nsito da Secretaria de Obras e Vias P\u00fablicas informa os pontos de interdi\u00e7\u00f5es de vias para a realiza\u00e7\u00e3o dos eventos de Carnaval, promovidos pela Prefeitura de Indaiatuba. Os condutores de ve\u00edculos que trafegarem pela regi\u00e3o central devem ficar atentos \u00e0s datas de interdi\u00e7\u00f5es e procurar rotas alternativas para evitar congestionamentos.<\/p>\n\n\n\n<p>As interdi\u00e7\u00f5es no Centro come\u00e7am dia 11, quando acontece a estreia do CarnaRua e do Bloco #T\u00f4Aqui. Para a concentra\u00e7\u00e3o do trio el\u00e9trico, as interdi\u00e7\u00f5es ter\u00e3o in\u00edcio ao meio-dia e abrangem os trechos entre as ruas Candel\u00e1ria e 24 de Maio, entre as ruas Pedro Gon\u00e7alves e Humait\u00e1 e entre as ruas Humait\u00e1 e 15 de Novembro.<\/p>\n\n\n\n<p>Durante a descida do trio el\u00e9trico, ser\u00e3o parcialmente interditados os trechos entre as ruas 24 de Maio e 9 Julho, entre as ruas 11 de Junho e Candel\u00e1ria e entre a Rua 15 de Novembro e Avenida Itoror\u00f3.<\/p>\n\n\n\n<p>Tamb\u00e9m para a realiza\u00e7\u00e3o do CarnaRua, o per\u00edmetro da Pra\u00e7a Prudente de Moraes sofrer\u00e1 interdi\u00e7\u00f5es das 12h \u00e0s 23h. Ser\u00e3o interditados os trechos entre as ruas Candel\u00e1ria, Siqueira Campos, Bernardino de Campos e Pedro de Toledo, entre as ruas Padre Bento Pacheco e Pedro de Toledo, entre as ruas 15 de Novembro e 11 de Junho e entre as ruas Pedro Gon\u00e7alves e Cerqueira C\u00e9sar.<\/p>\n\n\n\n<p>Estes mesmos trechos ser\u00e3o interditados no dia 12, das 12h \u00e0s 23h, quando acontece o tradicional Carnaval das Marchinhas, tamb\u00e9m no per\u00edmetro da Pra\u00e7a Prudente de Moraes.<\/p>\n\n\n\n<p><strong>Parque Ecol\u00f3gico<\/strong><\/p>\n\n\n\n<p>Outra novidade na programa\u00e7\u00e3o \u00e9 o CarnaPark, que acontece na Al\u00e7a de Acesso \u2018Nilson Cardoso de Carvalho\u2019, em frente a Prefeitura de Indaiatuba, e tamb\u00e9m no Jardim Paulista, ao lado do Campo \u2018Raul Monteiro Fernandes\u2019.<\/p>\n\n\n\n<p>Nos dias 9 e 12, o evento acontece na Al\u00e7a de Acesso, que ter\u00e1 os dois sentidos interditados a partir das 17 horas. J\u00e1 no Jardim Paulista, nos dias 10 e 11, a equipe do Departamento de Tr\u00e2nsito far\u00e1 o monitoramento do Parque Ecol\u00f3gico.<\/p>\n\n\n\n<p><strong>\u00d4nibus<\/strong><\/p>\n\n\n\n<p>O Departamento Municipal de Transportes e a SOU Indaiatuba informam que os \u00f4nibus do servi\u00e7o do transporte coletivo urbano do munic\u00edpio funcionar\u00e3o em hor\u00e1rio especial durante o Carnaval. No s\u00e1bado, dia 10, e no domingo, dia 11, os hor\u00e1rios permanecem com a mesma escala j\u00e1 utilizada para os finais de semana.<\/p>\n\n\n\n<p>Na segunda-feira, dia 12, o servi\u00e7o funcionar\u00e1 com a escala de hor\u00e1rios utilizada aos s\u00e1bados, incluindo a linha 325, e as linhas 326, 327 e 330, que refor\u00e7ar\u00e3o o atendimento \u00e0 regi\u00e3o do Distrito Industrial.<\/p>\n\n\n\n<p>Na ter\u00e7a-feira, dia 13, os \u00f4nibus circular\u00e3o com hor\u00e1rio de domingo, e tamb\u00e9m ter\u00e3o o refor\u00e7o das linhas 326, 327 e 330 para atender o Distrito Industrial. Na quarta-feira, dia 14, o transporte coletivo retomar\u00e1 a escala normal dos dias \u00fateis.<\/p>\n\n\n\n<p><strong>Centro<\/strong><\/p>\n\n\n\n<p>No domingo, dia 11, e segunda-feira, dia 12, a partir das 11 horas, haver\u00e1 altera\u00e7\u00e3o do itiner\u00e1rio das linhas impactadas, em fun\u00e7\u00e3o da realiza\u00e7\u00e3o de eventos na Pra\u00e7a Prudente de Moraes e a impossibilidade de acesso a Pra\u00e7a Dom Pedro.<\/p>\n\n\n\n<p>Assim, todas as linhas sentido bairro ao centro e vice-versa, realizar\u00e3o o embarque e desembarque no Terminal Central, que funciona no Ponto Cidad\u00e3o, localizado na Rua 24 de Maio, 1.670. &nbsp;<\/p>\n\n\n\n<p>No caso espec\u00edfico da linha 331, sentido bairro ao centro, em fun\u00e7\u00e3o da impossibilidade de circula\u00e7\u00e3o pela Rua 11 de Junho, o acesso ao Terminal Central deve acontecer pelas avenidas Presidente Kennedy e Presidente Vargas e para o sentido centro ao bairro, o desembarque acontece na Rua 24 de Maio.<\/p>\n\n\n\n<p>Tamb\u00e9m no domingo, dia 11, e segunda-feira, dia 12, devido \u00e0s interdi\u00e7\u00f5es na regi\u00e3o central a partir do meio-dia, os pontos de t\u00e1xi das pra\u00e7as Prudente de Moraes e Dom Pedro estar\u00e3o fechados, e os taxistas ficar\u00e3o em ponto na Pra\u00e7a Rui Barbosa, mais especificamente na Rua 13 de Maio, em local previamente demarcado com ponto m\u00f3vel e vagas reservadas.<\/p>\n","protected":false},"excerpt":{"rendered":"<p>Diversas ruas ser\u00e3o fechadas no Centro; nos dias 11 e 12, \u00f4nibus utilizar\u00e3o o Terminal Central O Departamento Municipal de Tr\u00e2nsito da Secretaria de Obras e Vias P\u00fablicas informa os pontos de interdi\u00e7\u00f5es de vias para a realiza\u00e7\u00e3o dos eventos de Carnaval, promovidos pela Prefeitura de Indaiatuba. Os condutores de ve\u00edculos que trafegarem pela regi\u00e3o [&hellip;]<\/p>\n","protected":false},"author":8,"featured_media":21821,"comment_status":"closed","ping_status":"open","sticky":false,"template":"","format":"standard","meta":{"rop_custom_images_group":[],"rop_custom_messages_group":[],"rop_publish_now":"initial","rop_publish_now_accounts":[],"rop_publish_now_history":[],"rop_publish_now_status":"pending","footnotes":""},"categories":[188],"tags":[],"class_list":["post-21820","post","type-post","status-publish","format-standard","has-post-thumbnail","hentry","category-indaiatuba"],"amp_enabled":true,"_links":{"self":[{"href":"https:\/\/imais.online\/portal\/wp-json\/wp\/v2\/posts\/21820","targetHints":{"allow":["GET"]}}],"collection":[{"href":"https:\/\/imais.online\/portal\/wp-json\/wp\/v2\/posts"}],"about":[{"href":"https:\/\/imais.online\/portal\/wp-json\/wp\/v2\/types\/post"}],"author":[{"embeddable":true,"href":"https:\/\/imais.online\/portal\/wp-json\/wp\/v2\/users\/8"}],"replies":[{"embeddable":true,"href":"https:\/\/imais.online\/portal\/wp-json\/wp\/v2\/comments?post=21820"}],"version-history":[{"count":1,"href":"https:\/\/imais.online\/portal\/wp-json\/wp\/v2\/posts\/21820\/revisions"}],"predecessor-version":[{"id":21822,"href":"https:\/\/imais.online\/portal\/wp-json\/wp\/v2\/posts\/21820\/revisions\/21822"}],"wp:featuredmedia":[{"embeddable":true,"href":"https:\/\/imais.online\/portal\/wp-json\/wp\/v2\/media\/21821"}],"wp:attachment":[{"href":"https:\/\/imais.online\/portal\/wp-json\/wp\/v2\/media?parent=21820"}],"wp:term":[{"taxonomy":"category","embeddable":true,"href":"https:\/\/imais.online\/portal\/wp-json\/wp\/v2\/categories?post=21820"},{"taxonomy":"post_tag","embeddable":true,"href":"https:\/\/imais.online\/portal\/wp-json\/wp\/v2\/tags?post=21820"}],"curies":[{"name":"wp","href":"https:\/\/api.w.org\/{rel}","templated":true}]}}