{"id":21823,"date":"2024-02-08T10:41:12","date_gmt":"2024-02-08T13:41:12","guid":{"rendered":"https:\/\/imais.online\/portal\/?p=21823"},"modified":"2024-02-08T10:41:13","modified_gmt":"2024-02-08T13:41:13","slug":"prefeitura-de-indaiatuba-abre-novos-cadastros-para-vacinacao-contra-raiva-animal","status":"publish","type":"post","link":"https:\/\/imais.online\/portal\/prefeitura-de-indaiatuba-abre-novos-cadastros-para-vacinacao-contra-raiva-animal\/","title":{"rendered":"Prefeitura de Indaiatuba abre novos cadastros para vacina\u00e7\u00e3o contra raiva animal"},"content":{"rendered":"<div class=\"imais-before-content-placement\" id=\"imais-4252889764\"><script async src=\"\/\/pagead2.googlesyndication.com\/pagead\/js\/adsbygoogle.js?client=ca-pub-8787528412751566\" crossorigin=\"anonymous\"><\/script><ins class=\"adsbygoogle\" style=\"display:block;\" data-ad-client=\"ca-pub-8787528412751566\" \ndata-ad-slot=\"\" \ndata-ad-format=\"auto\"><\/ins>\n<script> \n(adsbygoogle = window.adsbygoogle || []).push({}); \n<\/script>\n<\/div>\n<p><em><small>A\u00e7\u00e3o acontecer\u00e1 no Parque PET do Jardim Esplanada dia 24<\/small><\/em><\/p>\n\n\n\n<p>A Prefeitura de Indaiatuba e a UniMAX vacinam contra raiva animal no \u00faltimo s\u00e1bado de fevereiro, dia 24, apenas no Parque PET do Jardim Esplanada. A partir desta quarta-feira (7), os tutores j\u00e1 podem cadastrar os animais no site da Prefeitura para garantirem uma vaga na a\u00e7\u00e3o que ocorre das 9h \u00e0s 13h.<\/p>\n\n\n\n<p><strong><a href=\"https:\/\/www.indaiatuba.sp.gov.br\/saude\/vigilancia-em-saude\/vigilancia-epidemiologica\/vacinacao-contra-raiva\/\">+ Cadastre seu animal aqui<\/a><\/strong><\/p>\n\n\n\n<p><strong>Por que vacinar meu PET contra raiva?<\/strong><\/p>\n\n\n\n<p>A raiva \u00e9 uma doen\u00e7a viral grave que afeta o sistema nervoso central de mam\u00edferos, incluindo seres humanos e animais. Ela \u00e9 quase sempre fatal tanto para animais quanto para humanos, portanto, a vacina\u00e7\u00e3o \u00e9 uma medida crucial para prevenir a propaga\u00e7\u00e3o da doen\u00e7a.<\/p>\n\n\n\n<p>A vacina antirr\u00e1bica \u00e9 altamente eficiente na preven\u00e7\u00e3o da raiva. Ela estimula o sistema imunol\u00f3gico do animal a produzir anticorpos contra o v\u00edrus da raiva. Caso o animal seja exposto ao v\u00edrus no futuro, esses anticorpos ir\u00e3o ajudar a proteg\u00ea-lo e a combater a infec\u00e7\u00e3o.<\/p>\n\n\n\n<p>Al\u00e9m de proteger seu animal, a vacina\u00e7\u00e3o antirr\u00e1bica tamb\u00e9m \u00e9 importante para a sa\u00fade p\u00fablica. A raiva \u00e9 uma zoonose, o que significa que pode ser transmitida dos animais para os seres humanos. Ao vacinar seu animal de estima\u00e7\u00e3o, voc\u00ea contribui para a redu\u00e7\u00e3o do risco de transmiss\u00e3o da raiva para voc\u00ea, sua fam\u00edlia e outras pessoas.<\/p>\n\n\n\n<p><strong>#PraTodosVerem:&nbsp;<\/strong>Foto colorida mostra \u00e0 esquerda uma mulher segurando uma vacina com a m\u00e3o direita, ao centro uma mulher segura um gato preto e branco e \u00e0 direita outra funcion\u00e1ria ajuda a segurar o gato.<\/p>\n","protected":false},"excerpt":{"rendered":"<p>A\u00e7\u00e3o acontecer\u00e1 no Parque PET do Jardim Esplanada dia 24 A Prefeitura de Indaiatuba e a UniMAX vacinam contra raiva animal no \u00faltimo s\u00e1bado de fevereiro, dia 24, apenas no Parque PET do Jardim Esplanada. A partir desta quarta-feira (7), os tutores j\u00e1 podem cadastrar os animais no site da Prefeitura para garantirem uma vaga [&hellip;]<\/p>\n","protected":false},"author":8,"featured_media":21824,"comment_status":"closed","ping_status":"open","sticky":false,"template":"","format":"standard","meta":{"rop_custom_images_group":[],"rop_custom_messages_group":[],"rop_publish_now":"initial","rop_publish_now_accounts":[],"rop_publish_now_history":[],"rop_publish_now_status":"pending","footnotes":""},"categories":[188],"tags":[73],"class_list":["post-21823","post","type-post","status-publish","format-standard","has-post-thumbnail","hentry","category-indaiatuba","tag-featured"],"amp_enabled":true,"_links":{"self":[{"href":"https:\/\/imais.online\/portal\/wp-json\/wp\/v2\/posts\/21823","targetHints":{"allow":["GET"]}}],"collection":[{"href":"https:\/\/imais.online\/portal\/wp-json\/wp\/v2\/posts"}],"about":[{"href":"https:\/\/imais.online\/portal\/wp-json\/wp\/v2\/types\/post"}],"author":[{"embeddable":true,"href":"https:\/\/imais.online\/portal\/wp-json\/wp\/v2\/users\/8"}],"replies":[{"embeddable":true,"href":"https:\/\/imais.online\/portal\/wp-json\/wp\/v2\/comments?post=21823"}],"version-history":[{"count":1,"href":"https:\/\/imais.online\/portal\/wp-json\/wp\/v2\/posts\/21823\/revisions"}],"predecessor-version":[{"id":21825,"href":"https:\/\/imais.online\/portal\/wp-json\/wp\/v2\/posts\/21823\/revisions\/21825"}],"wp:featuredmedia":[{"embeddable":true,"href":"https:\/\/imais.online\/portal\/wp-json\/wp\/v2\/media\/21824"}],"wp:attachment":[{"href":"https:\/\/imais.online\/portal\/wp-json\/wp\/v2\/media?parent=21823"}],"wp:term":[{"taxonomy":"category","embeddable":true,"href":"https:\/\/imais.online\/portal\/wp-json\/wp\/v2\/categories?post=21823"},{"taxonomy":"post_tag","embeddable":true,"href":"https:\/\/imais.online\/portal\/wp-json\/wp\/v2\/tags?post=21823"}],"curies":[{"name":"wp","href":"https:\/\/api.w.org\/{rel}","templated":true}]}}