{"id":21829,"date":"2024-02-08T10:46:27","date_gmt":"2024-02-08T13:46:27","guid":{"rendered":"https:\/\/imais.online\/portal\/?p=21829"},"modified":"2024-02-08T10:46:27","modified_gmt":"2024-02-08T13:46:27","slug":"social-abre-vagas-para-curso-de-educacao-alimentar-para-maes-e-cuidadores-de-pessoas-com-autismo","status":"publish","type":"post","link":"https:\/\/imais.online\/portal\/social-abre-vagas-para-curso-de-educacao-alimentar-para-maes-e-cuidadores-de-pessoas-com-autismo\/","title":{"rendered":"Social abre vagas para Curso de Educa\u00e7\u00e3o Alimentar para M\u00e3es e Cuidadores de Pessoas com Autismo"},"content":{"rendered":"<div class=\"imais-before-content-placement\" id=\"imais-600118584\"><script async src=\"\/\/pagead2.googlesyndication.com\/pagead\/js\/adsbygoogle.js?client=ca-pub-8787528412751566\" crossorigin=\"anonymous\"><\/script><ins class=\"adsbygoogle\" style=\"display:block;\" data-ad-client=\"ca-pub-8787528412751566\" \ndata-ad-slot=\"\" \ndata-ad-format=\"auto\"><\/ins>\n<script> \n(adsbygoogle = window.adsbygoogle || []).push({}); \n<\/script>\n<\/div>\n<p><em><small>Ao todo s\u00e3o 15 vagas oferecidas e as aulas acontecem no Cresans a partir de 8 de mar\u00e7o<\/small><\/em><\/p>\n\n\n\n<p>A Secretaria de Assist\u00eancia Social por meio do Cresans (Centro de Refer\u00eancia em Seguran\u00e7a Alimentar e Nutricional Sustent\u00e1vel) abriu nesta quarta-feira (7) novas vagas para o curso gratuito de Educa\u00e7\u00e3o Alimentar voltado \u00e0s m\u00e3es\/pais e cuidadores de pessoas com o Transtorno do Espectro do Autismo (TEA). Ao todo 15 vagas est\u00e3o dispon\u00edveis com aulas semanais, sempre \u00e0s sextas-feiras, das 9h \u00e0s 11h, durante quatro meses, com in\u00edcio programado para 8 de mar\u00e7o no endere\u00e7o Rua Jos\u00e9 Zerbini, 427, Jardim Regente.<\/p>\n\n\n\n<p>As inscri\u00e7\u00f5es s\u00e3o gratuitas e j\u00e1 podem ser feitas no site da Prefeitura.&nbsp;<strong><a href=\"https:\/\/www.indaiatuba.sp.gov.br\/assistencia-social\/seguranca-alimentar-e-nutricional\/projeto-educacao-alimentar\/16\/\">CLIQUE AQUI<\/a><\/strong><strong><\/strong><\/p>\n\n\n\n<p>O Projeto tem como objetivo promover a educa\u00e7\u00e3o alimentar e nutricional para os pais e cuidadores de pessoas com autismo fornecendo informa\u00e7\u00e3o \u00e0 uma alimenta\u00e7\u00e3o balanceada, variada e adequada em nutrientes, melhorando assim, sua qualidade de vida, sa\u00fade e desenvolvimento.<\/p>\n\n\n\n<p>Durante as aulas ser\u00e3o realizadas orienta\u00e7\u00f5es te\u00f3ricas sobre alimenta\u00e7\u00e3o saud\u00e1vel, preven\u00e7\u00e3o de doen\u00e7as cr\u00f4nicas e orienta\u00e7\u00f5es nutricionais espec\u00edficas voltadas para os problemas relacionados a alimenta\u00e7\u00e3o que podem ocorrer com indiv\u00edduos com autismo, como altera\u00e7\u00f5es gastrointestinais, alergias alimentares, intoler\u00e2ncias alimentares e seletividade alimentar. Tamb\u00e9m ser\u00e3o realizadas orienta\u00e7\u00f5es pr\u00e1ticas na cozinha experimental do Cresans, onde s\u00e3o ensinadas receitas e formas de preparo, armazenamento e consumo correto dos alimentos.<\/p>\n\n\n\n<p>D\u00favidas podem ser esclarecidas diretamente no telefone do Cresans (19) 3834-4129<\/p>\n\n\n\n<p><strong>#PraTodoVerem:&nbsp;<\/strong>Foto colorida mostra nove participantes do curso de educa\u00e7\u00e3o alimentar sentadas em cadeiras na cozinha experimental do Cresans ouvindo uma aula sobre a alimenta\u00e7\u00e3o voltada aos autistas.<\/p>\n","protected":false},"excerpt":{"rendered":"<p>Ao todo s\u00e3o 15 vagas oferecidas e as aulas acontecem no Cresans a partir de 8 de mar\u00e7o A Secretaria de Assist\u00eancia Social por meio do Cresans (Centro de Refer\u00eancia em Seguran\u00e7a Alimentar e Nutricional Sustent\u00e1vel) abriu nesta quarta-feira (7) novas vagas para o curso gratuito de Educa\u00e7\u00e3o Alimentar voltado \u00e0s m\u00e3es\/pais e cuidadores de [&hellip;]<\/p>\n","protected":false},"author":8,"featured_media":21830,"comment_status":"closed","ping_status":"open","sticky":false,"template":"","format":"standard","meta":{"rop_custom_images_group":[],"rop_custom_messages_group":[],"rop_publish_now":"initial","rop_publish_now_accounts":[],"rop_publish_now_history":[],"rop_publish_now_status":"pending","footnotes":""},"categories":[188],"tags":[],"class_list":["post-21829","post","type-post","status-publish","format-standard","has-post-thumbnail","hentry","category-indaiatuba"],"amp_enabled":true,"_links":{"self":[{"href":"https:\/\/imais.online\/portal\/wp-json\/wp\/v2\/posts\/21829","targetHints":{"allow":["GET"]}}],"collection":[{"href":"https:\/\/imais.online\/portal\/wp-json\/wp\/v2\/posts"}],"about":[{"href":"https:\/\/imais.online\/portal\/wp-json\/wp\/v2\/types\/post"}],"author":[{"embeddable":true,"href":"https:\/\/imais.online\/portal\/wp-json\/wp\/v2\/users\/8"}],"replies":[{"embeddable":true,"href":"https:\/\/imais.online\/portal\/wp-json\/wp\/v2\/comments?post=21829"}],"version-history":[{"count":1,"href":"https:\/\/imais.online\/portal\/wp-json\/wp\/v2\/posts\/21829\/revisions"}],"predecessor-version":[{"id":21831,"href":"https:\/\/imais.online\/portal\/wp-json\/wp\/v2\/posts\/21829\/revisions\/21831"}],"wp:featuredmedia":[{"embeddable":true,"href":"https:\/\/imais.online\/portal\/wp-json\/wp\/v2\/media\/21830"}],"wp:attachment":[{"href":"https:\/\/imais.online\/portal\/wp-json\/wp\/v2\/media?parent=21829"}],"wp:term":[{"taxonomy":"category","embeddable":true,"href":"https:\/\/imais.online\/portal\/wp-json\/wp\/v2\/categories?post=21829"},{"taxonomy":"post_tag","embeddable":true,"href":"https:\/\/imais.online\/portal\/wp-json\/wp\/v2\/tags?post=21829"}],"curies":[{"name":"wp","href":"https:\/\/api.w.org\/{rel}","templated":true}]}}