{"id":21832,"date":"2024-02-09T07:00:26","date_gmt":"2024-02-09T10:00:26","guid":{"rendered":"https:\/\/imais.online\/portal\/?p=21832"},"modified":"2024-02-09T07:00:27","modified_gmt":"2024-02-09T10:00:27","slug":"seletiva-busca-atletas-para-montagem-de-equipe-de-voleibol-feminino-para-competicoes-oficiais","status":"publish","type":"post","link":"https:\/\/imais.online\/portal\/seletiva-busca-atletas-para-montagem-de-equipe-de-voleibol-feminino-para-competicoes-oficiais\/","title":{"rendered":"Seletiva busca atletas para montagem de equipe de voleibol feminino para competi\u00e7\u00f5es oficiais"},"content":{"rendered":"<div class=\"imais-before-content-placement\" id=\"imais-23574893\"><script async src=\"\/\/pagead2.googlesyndication.com\/pagead\/js\/adsbygoogle.js?client=ca-pub-8787528412751566\" crossorigin=\"anonymous\"><\/script><ins class=\"adsbygoogle\" style=\"display:block;\" data-ad-client=\"ca-pub-8787528412751566\" \ndata-ad-slot=\"\" \ndata-ad-format=\"auto\"><\/ins>\n<script> \n(adsbygoogle = window.adsbygoogle || []).push({}); \n<\/script>\n<\/div>\n<p class=\"has-text-align-center\"><em>Atletas interessadas devem ter entre 13 a 17 anos e preencher formul\u00e1rio online<\/em><\/p>\n\n\n\n<p>A Prefeitura de Indaiatuba, por meio da Secretaria Municipal de Esportes, promove no pr\u00f3ximo dia 16 de fevereiro, \u00e0s 19 horas, seletiva para categorias de base da equipe de voleibol feminino. As inscri\u00e7\u00f5es est\u00e3o abertas e acontecem por meio de&nbsp;<a href=\"https:\/\/docs.google.com\/forms\/d\/e\/1FAIpQLSdLmr9gOY5IcCXBxJ-1VUTUa6hWlny3O-uDkfNhSjY2ky9tWQ\/viewform\"><strong><u>formul\u00e1rio online<\/u><\/strong><\/a>&nbsp;at\u00e9 o pr\u00f3ximo s\u00e1bado, dia 10.<\/p>\n\n\n\n<p>A seletiva visa dar in\u00edcio \u00e0 montagem de uma nova equipe competitiva de v\u00f4lei feminino. Por isso, aposta nas categorias de base. \u201cA seletiva \u00e9 voltada para atletas nascidas entre 2007 e 2011, que j\u00e1 possuam os fundamentos b\u00e1sicos do voleibol\u201d, destaca a professora R\u00edzia Almeida, coordenadora do projeto.<\/p>\n\n\n\n<p>Ap\u00f3s o per\u00edodo de inscri\u00e7\u00f5es, a seletiva acontecer\u00e1 no dia 16 de fevereiro, na quadra do Centro de Inicia\u00e7\u00e3o do Esporte (CIE), antiga Esta\u00e7\u00e3o Cidadania, anexo ao Centro Esportivo do Trabalhador. \u201cNosso objetivo \u00e9 montar uma equipe para disputar competi\u00e7\u00f5es oficiais a partir de 2025\u201d, revela a professora.<\/p>\n\n\n\n<p>Por\u00e9m, as atletas enfrentar\u00e3o alguns desafios j\u00e1 este ano. \u201cPromoveremos alguns festivais e receberemos equipes convidadas para amistosos\u201d, afirma R\u00edzia. \u201cTudo isso para que as atletas j\u00e1 sintam o clima de competi\u00e7\u00e3o, para que possamos chegar em 2025 prontas para o calend\u00e1rio de eventos\u201d.<\/p>\n\n\n\n<p>Ap\u00f3s o preenchimento do&nbsp;<a href=\"https:\/\/docs.google.com\/forms\/d\/e\/1FAIpQLSdLmr9gOY5IcCXBxJ-1VUTUa6hWlny3O-uDkfNhSjY2ky9tWQ\/viewform\"><strong><u>formul\u00e1rio online<\/u><\/strong><\/a>, que solicita informa\u00e7\u00f5es b\u00e1sicas, al\u00e9m de altura, peso corporal e posi\u00e7\u00e3o preferida da jogadora, as inscritas receber\u00e3o a confirma\u00e7\u00e3o de participa\u00e7\u00e3o e um termo de autoriza\u00e7\u00e3o que deve ser assinado pelos pais ou respons\u00e1veis e entregue no dia da seletiva.<\/p>\n\n\n\n<p><strong>Treinamentos<\/strong><\/p>\n\n\n\n<p>A expectativa \u00e9 selecionar 20 atletas para compor a equipe de Indaiatuba. Os treinamentos acontecer\u00e3o todas as sextas-feiras, das 19h \u00e0s 21h. \u201cBuscamos atletas jovens para que possamos montar uma equipe da base e para que este projeto perdure por muito tempo, j\u00e1 que o voleibol conta com muitos praticantes em Indaiatuba\u201d, ressalta a professora.<\/p>\n\n\n\n<p>Mais informa\u00e7\u00f5es podem ser obtidas pelo WhatsApp (19) 99159-5892. O Centro de Inicia\u00e7\u00e3o do Esporte est\u00e1 localizado na Rua Alagoas, 260, no bairro Cidade Nova II.<\/p>\n\n\n\n<p><strong>Foto:&nbsp;<\/strong>Fabio Alexandre RIC\/PMI<\/p>\n\n\n\n<p><strong>Legenda:&nbsp;<\/strong>O Centro de Inicia\u00e7\u00e3o ao Esporte, antes conhecido como Esta\u00e7\u00e3o Cidadania, ir\u00e1 abrigar a seletiva do voleibol feminino<\/p>\n\n\n\n<p><strong>#PraTodosVerem:<\/strong>Centralizado na imagem, um gin\u00e1sio poliesportivo conhecido como Centro de Inicia\u00e7\u00e3o ao Esportes, que abrigar\u00e1 a seletiva envolvendo atletas de voleibol feminino de 13 a 17 anos de idade. Fim da descri\u00e7\u00e3o. &nbsp;<\/p>\n","protected":false},"excerpt":{"rendered":"<p>Atletas interessadas devem ter entre 13 a 17 anos e preencher formul\u00e1rio online A Prefeitura de Indaiatuba, por meio da Secretaria Municipal de Esportes, promove no pr\u00f3ximo dia 16 de fevereiro, \u00e0s 19 horas, seletiva para categorias de base da equipe de voleibol feminino. As inscri\u00e7\u00f5es est\u00e3o abertas e acontecem por meio de&nbsp;formul\u00e1rio online&nbsp;at\u00e9 o [&hellip;]<\/p>\n","protected":false},"author":7,"featured_media":21833,"comment_status":"closed","ping_status":"open","sticky":false,"template":"","format":"standard","meta":{"rop_custom_images_group":[],"rop_custom_messages_group":[],"rop_publish_now":"initial","rop_publish_now_accounts":[],"rop_publish_now_history":[],"rop_publish_now_status":"pending","footnotes":""},"categories":[188],"tags":[73],"class_list":["post-21832","post","type-post","status-publish","format-standard","has-post-thumbnail","hentry","category-indaiatuba","tag-featured"],"amp_enabled":true,"_links":{"self":[{"href":"https:\/\/imais.online\/portal\/wp-json\/wp\/v2\/posts\/21832","targetHints":{"allow":["GET"]}}],"collection":[{"href":"https:\/\/imais.online\/portal\/wp-json\/wp\/v2\/posts"}],"about":[{"href":"https:\/\/imais.online\/portal\/wp-json\/wp\/v2\/types\/post"}],"author":[{"embeddable":true,"href":"https:\/\/imais.online\/portal\/wp-json\/wp\/v2\/users\/7"}],"replies":[{"embeddable":true,"href":"https:\/\/imais.online\/portal\/wp-json\/wp\/v2\/comments?post=21832"}],"version-history":[{"count":1,"href":"https:\/\/imais.online\/portal\/wp-json\/wp\/v2\/posts\/21832\/revisions"}],"predecessor-version":[{"id":21834,"href":"https:\/\/imais.online\/portal\/wp-json\/wp\/v2\/posts\/21832\/revisions\/21834"}],"wp:featuredmedia":[{"embeddable":true,"href":"https:\/\/imais.online\/portal\/wp-json\/wp\/v2\/media\/21833"}],"wp:attachment":[{"href":"https:\/\/imais.online\/portal\/wp-json\/wp\/v2\/media?parent=21832"}],"wp:term":[{"taxonomy":"category","embeddable":true,"href":"https:\/\/imais.online\/portal\/wp-json\/wp\/v2\/categories?post=21832"},{"taxonomy":"post_tag","embeddable":true,"href":"https:\/\/imais.online\/portal\/wp-json\/wp\/v2\/tags?post=21832"}],"curies":[{"name":"wp","href":"https:\/\/api.w.org\/{rel}","templated":true}]}}