{"id":21835,"date":"2024-02-09T07:02:30","date_gmt":"2024-02-09T10:02:30","guid":{"rendered":"https:\/\/imais.online\/portal\/?p=21835"},"modified":"2024-02-09T07:02:31","modified_gmt":"2024-02-09T10:02:31","slug":"polo-shopping-indaiatuba-apresenta-programacao-de-carnaval-para-as-criancas","status":"publish","type":"post","link":"https:\/\/imais.online\/portal\/polo-shopping-indaiatuba-apresenta-programacao-de-carnaval-para-as-criancas\/","title":{"rendered":"Polo Shopping Indaiatuba apresenta programa\u00e7\u00e3o de Carnaval para as crian\u00e7as"},"content":{"rendered":"<div class=\"imais-before-content-placement\" id=\"imais-2230320406\"><script async src=\"\/\/pagead2.googlesyndication.com\/pagead\/js\/adsbygoogle.js?client=ca-pub-8787528412751566\" crossorigin=\"anonymous\"><\/script><ins class=\"adsbygoogle\" style=\"display:block;\" data-ad-client=\"ca-pub-8787528412751566\" \ndata-ad-slot=\"\" \ndata-ad-format=\"auto\"><\/ins>\n<script> \n(adsbygoogle = window.adsbygoogle || []).push({}); \n<\/script>\n<\/div>\n<p class=\"has-text-align-center\"><em>Os pequenos poder\u00e3o se divertir no \u201cBloco Unidos do Polinho\u201d, com cortejos e bailinhos carnavalescos<\/em><\/p>\n\n\n\n<p>O&nbsp;<strong>Polo Shopping Indaiatuba<\/strong>&nbsp;prepara dias de muita folia para a crian\u00e7ada aproveitar os festejos carnavalescos. De&nbsp;10 a&nbsp;13 de fevereiro, o&nbsp;<strong>\u201cBloco Unidos do Polinho\u201d<\/strong>&nbsp;vai movimentar o centro de compras, com Cortejos e Bailinhos de Carnaval para as crian\u00e7as. Os eventos acontecem na Pra\u00e7a Central e a participa\u00e7\u00e3o \u00e9 gratuita.&nbsp;<\/p>\n\n\n\n<p>Os Cortejos de Carnaval v\u00e3o acontecer nos dias&nbsp;10\/02, s\u00e1bado, e&nbsp;13\/02, ter\u00e7a-feira, em dois hor\u00e1rios, das&nbsp;15h \u00e0s&nbsp;16h e das&nbsp;18h \u00e0s&nbsp;19h. O evento ser\u00e1 conduzido pela Bateria Classe A, que dar\u00e1 uma volta completa pelo Shopping com os foli\u00f5es, tocando sucessos de Carnaval e interagindo com os participantes. A Bateria ser\u00e1 acompanhada por uma passista e personagens tradicionais do carnaval, como o Pierr\u00f4, a Colombina, o Arlequim e uma dama mascarada, em refer\u00eancia \u00e0 tradi\u00e7\u00e3o das m\u00e1scaras nos bailes de Carnaval.<\/p>\n\n\n\n<p>J\u00e1 os Bailinhos de Carnaval v\u00e3o acontecer nos dias&nbsp;11\/02, domingo, e&nbsp;12\/02, segunda-feira, tamb\u00e9m em dois hor\u00e1rios, das&nbsp;15h \u00e0s&nbsp;16h e das&nbsp;18h \u00e0s&nbsp;19h. Eles ser\u00e3o conduzidos por dois animadores, com m\u00fasicas carnavalescas e brincadeiras para animar as crian\u00e7as. Cada participante tamb\u00e9m receber\u00e1 um pacote de confete e serpentina para participar da a\u00e7\u00e3o. Ao final de cada bailinho, as crian\u00e7as poder\u00e3o fazer fotos com personagens.<\/p>\n\n\n\n<p><strong>Servi\u00e7o<\/strong><\/p>\n\n\n\n<p><strong>Bloco Unidos do Polinho&nbsp;<\/strong><\/p>\n\n\n\n<p><strong>Cortejo de Carnaval<\/strong><\/p>\n\n\n\n<p><strong>Dias:&nbsp;<\/strong>10\/02 e&nbsp;13\/02<\/p>\n\n\n\n<p><strong>Hor\u00e1rio:&nbsp;<\/strong>das&nbsp;15h \u00e0s&nbsp;16h, e das&nbsp;18h \u00e0s&nbsp;19h<\/p>\n\n\n\n<p><strong>Local:&nbsp;<\/strong>Pra\u00e7a Central do Polo Shopping Indaiatuba.<\/p>\n\n\n\n<p><strong>Participa\u00e7\u00e3o gratuita.&nbsp;<\/strong><\/p>\n\n\n\n<p><strong>Bailinho de Carnaval<\/strong><\/p>\n\n\n\n<p><strong>Datas:&nbsp;<\/strong>11\/02 e&nbsp;12\/02<\/p>\n\n\n\n<p><strong>Hor\u00e1rio:&nbsp;<\/strong>das&nbsp;15h \u00e0s&nbsp;16h, e das&nbsp;18h \u00e0s&nbsp;19h&nbsp;<\/p>\n\n\n\n<p><strong>Local:&nbsp;<\/strong>Pra\u00e7a Central do Polo Shopping Indaiatuba.<\/p>\n\n\n\n<p><strong>Participa\u00e7\u00e3o gratuita.<\/strong><\/p>\n","protected":false},"excerpt":{"rendered":"<p>Os pequenos poder\u00e3o se divertir no \u201cBloco Unidos do Polinho\u201d, com cortejos e bailinhos carnavalescos O&nbsp;Polo Shopping Indaiatuba&nbsp;prepara dias de muita folia para a crian\u00e7ada aproveitar os festejos carnavalescos. De&nbsp;10 a&nbsp;13 de fevereiro, o&nbsp;\u201cBloco Unidos do Polinho\u201d&nbsp;vai movimentar o centro de compras, com Cortejos e Bailinhos de Carnaval para as crian\u00e7as. Os eventos acontecem na [&hellip;]<\/p>\n","protected":false},"author":7,"featured_media":21836,"comment_status":"closed","ping_status":"open","sticky":false,"template":"","format":"standard","meta":{"rop_custom_images_group":[],"rop_custom_messages_group":[],"rop_publish_now":"initial","rop_publish_now_accounts":[],"rop_publish_now_history":[],"rop_publish_now_status":"pending","footnotes":""},"categories":[188],"tags":[],"class_list":["post-21835","post","type-post","status-publish","format-standard","has-post-thumbnail","hentry","category-indaiatuba"],"amp_enabled":true,"_links":{"self":[{"href":"https:\/\/imais.online\/portal\/wp-json\/wp\/v2\/posts\/21835","targetHints":{"allow":["GET"]}}],"collection":[{"href":"https:\/\/imais.online\/portal\/wp-json\/wp\/v2\/posts"}],"about":[{"href":"https:\/\/imais.online\/portal\/wp-json\/wp\/v2\/types\/post"}],"author":[{"embeddable":true,"href":"https:\/\/imais.online\/portal\/wp-json\/wp\/v2\/users\/7"}],"replies":[{"embeddable":true,"href":"https:\/\/imais.online\/portal\/wp-json\/wp\/v2\/comments?post=21835"}],"version-history":[{"count":1,"href":"https:\/\/imais.online\/portal\/wp-json\/wp\/v2\/posts\/21835\/revisions"}],"predecessor-version":[{"id":21837,"href":"https:\/\/imais.online\/portal\/wp-json\/wp\/v2\/posts\/21835\/revisions\/21837"}],"wp:featuredmedia":[{"embeddable":true,"href":"https:\/\/imais.online\/portal\/wp-json\/wp\/v2\/media\/21836"}],"wp:attachment":[{"href":"https:\/\/imais.online\/portal\/wp-json\/wp\/v2\/media?parent=21835"}],"wp:term":[{"taxonomy":"category","embeddable":true,"href":"https:\/\/imais.online\/portal\/wp-json\/wp\/v2\/categories?post=21835"},{"taxonomy":"post_tag","embeddable":true,"href":"https:\/\/imais.online\/portal\/wp-json\/wp\/v2\/tags?post=21835"}],"curies":[{"name":"wp","href":"https:\/\/api.w.org\/{rel}","templated":true}]}}