{"id":21838,"date":"2024-02-09T11:17:27","date_gmt":"2024-02-09T14:17:27","guid":{"rendered":"https:\/\/imais.online\/portal\/?p=21838"},"modified":"2024-02-09T11:17:28","modified_gmt":"2024-02-09T14:17:28","slug":"hospital-dia-realiza-plantoes-especiais-durante-carnaval","status":"publish","type":"post","link":"https:\/\/imais.online\/portal\/hospital-dia-realiza-plantoes-especiais-durante-carnaval\/","title":{"rendered":"Hospital Dia realiza plant\u00f5es especiais durante Carnaval"},"content":{"rendered":"<div class=\"imais-before-content-placement\" id=\"imais-2100962272\"><script async src=\"\/\/pagead2.googlesyndication.com\/pagead\/js\/adsbygoogle.js?client=ca-pub-8787528412751566\" crossorigin=\"anonymous\"><\/script><ins class=\"adsbygoogle\" style=\"display:block;\" data-ad-client=\"ca-pub-8787528412751566\" \ndata-ad-slot=\"\" \ndata-ad-format=\"auto\"><\/ins>\n<script> \n(adsbygoogle = window.adsbygoogle || []).push({}); \n<\/script>\n<\/div>\n<p><em><small>Unidade de sa\u00fade abre das 7h \u00e0s 17h dias 12, 13 e 14 de fevereiro<\/small><\/em><\/p>\n\n\n\n<p>A Secretaria de Sa\u00fade de Indaiatuba anunciou nesta quinta-feira (8), que o Hospital Dia abrir\u00e1 em regime de plant\u00e3o especial durante os dias 12, 13 e 14 de fevereiro das 7h \u00e0s 17h. A unidade de sa\u00fade ser\u00e1 mais uma op\u00e7\u00e3o, al\u00e9m da UPA-24H e do Haoc (Hospital Augusto de Oliveira Camargo).<\/p>\n\n\n\n<p>Durante esses dias a popula\u00e7\u00e3o a partir de 14 anos pode buscar pelo atendimento no Hospital Dia para atendimentos cl\u00ednicos no geral, curativos e vacina\u00e7\u00e3o. Os menores de 14 devem ser encaminhados para a UPA ou Haoc. O objetivo do plant\u00e3o especial de Carnaval \u00e9 aliviar o fluxo de atendimentos dos dois principais hospitais p\u00fablicos, afim de oferecer mais agilidade e praticidade para a popula\u00e7\u00e3o de Indaiatuba.<\/p>\n\n\n\n<p>O Hospital Dia est\u00e1 localizado na Av. Visconde de Indaiatuba, 199 &#8211; Vila Vitoria I.<\/p>\n\n\n\n<p><strong>#PraTodosVerem: \u00a0<\/strong>Foto colorida mostra a fachada frontal do Hospital Dia, com as portas abertas e p\u00fablico na recep\u00e7\u00e3o. A placa centralizada acima da porta est\u00e1 com o nome do pr\u00e9dio Hospital Dia e embaixo, a logomarca da cidade e a escrita Secretaria de Sa\u00fade.<\/p>\n\n\n\n<p><\/p>\n","protected":false},"excerpt":{"rendered":"<p>Unidade de sa\u00fade abre das 7h \u00e0s 17h dias 12, 13 e 14 de fevereiro A Secretaria de Sa\u00fade de Indaiatuba anunciou nesta quinta-feira (8), que o Hospital Dia abrir\u00e1 em regime de plant\u00e3o especial durante os dias 12, 13 e 14 de fevereiro das 7h \u00e0s 17h. A unidade de sa\u00fade ser\u00e1 mais uma [&hellip;]<\/p>\n","protected":false},"author":8,"featured_media":21839,"comment_status":"closed","ping_status":"open","sticky":false,"template":"","format":"standard","meta":{"rop_custom_images_group":[],"rop_custom_messages_group":[],"rop_publish_now":"initial","rop_publish_now_accounts":[],"rop_publish_now_history":[],"rop_publish_now_status":"pending","footnotes":""},"categories":[188],"tags":[],"class_list":["post-21838","post","type-post","status-publish","format-standard","has-post-thumbnail","hentry","category-indaiatuba"],"amp_enabled":true,"_links":{"self":[{"href":"https:\/\/imais.online\/portal\/wp-json\/wp\/v2\/posts\/21838","targetHints":{"allow":["GET"]}}],"collection":[{"href":"https:\/\/imais.online\/portal\/wp-json\/wp\/v2\/posts"}],"about":[{"href":"https:\/\/imais.online\/portal\/wp-json\/wp\/v2\/types\/post"}],"author":[{"embeddable":true,"href":"https:\/\/imais.online\/portal\/wp-json\/wp\/v2\/users\/8"}],"replies":[{"embeddable":true,"href":"https:\/\/imais.online\/portal\/wp-json\/wp\/v2\/comments?post=21838"}],"version-history":[{"count":1,"href":"https:\/\/imais.online\/portal\/wp-json\/wp\/v2\/posts\/21838\/revisions"}],"predecessor-version":[{"id":21840,"href":"https:\/\/imais.online\/portal\/wp-json\/wp\/v2\/posts\/21838\/revisions\/21840"}],"wp:featuredmedia":[{"embeddable":true,"href":"https:\/\/imais.online\/portal\/wp-json\/wp\/v2\/media\/21839"}],"wp:attachment":[{"href":"https:\/\/imais.online\/portal\/wp-json\/wp\/v2\/media?parent=21838"}],"wp:term":[{"taxonomy":"category","embeddable":true,"href":"https:\/\/imais.online\/portal\/wp-json\/wp\/v2\/categories?post=21838"},{"taxonomy":"post_tag","embeddable":true,"href":"https:\/\/imais.online\/portal\/wp-json\/wp\/v2\/tags?post=21838"}],"curies":[{"name":"wp","href":"https:\/\/api.w.org\/{rel}","templated":true}]}}