{"id":21841,"date":"2024-02-09T11:21:44","date_gmt":"2024-02-09T14:21:44","guid":{"rendered":"https:\/\/imais.online\/portal\/?p=21841"},"modified":"2024-02-09T11:21:45","modified_gmt":"2024-02-09T14:21:45","slug":"prefeitura-e-saae-dao-inicio-ao-ciclo-2024-do-programa-educa-agua","status":"publish","type":"post","link":"https:\/\/imais.online\/portal\/prefeitura-e-saae-dao-inicio-ao-ciclo-2024-do-programa-educa-agua\/","title":{"rendered":"Prefeitura e Saae d\u00e3o in\u00edcio ao ciclo 2024 do programa Educa \u00c1gua"},"content":{"rendered":"<div class=\"imais-before-content-placement\" id=\"imais-4126105873\"><script async src=\"\/\/pagead2.googlesyndication.com\/pagead\/js\/adsbygoogle.js?client=ca-pub-8787528412751566\" crossorigin=\"anonymous\"><\/script><ins class=\"adsbygoogle\" style=\"display:block;\" data-ad-client=\"ca-pub-8787528412751566\" \ndata-ad-slot=\"\" \ndata-ad-format=\"auto\"><\/ins>\n<script> \n(adsbygoogle = window.adsbygoogle || []).push({}); \n<\/script>\n<\/div>\n<p><em><small>Entrega simb\u00f3lica das camisetas foi feita pelo prefeito, superintendente da autarquia e do secret\u00e1rio da Educa\u00e7\u00e3o<\/small><\/em><\/p>\n\n\n\n<p>O primeiro dia de aula da Rede Municipal de Ensino, teve in\u00edcio na quarta-feira (7), e contou com a participa\u00e7\u00e3o especial, o Prefeito Nilson Gaspar, o superintendente do Saae, Eng. Pedro Claudio Salla, e o secret\u00e1rio da Educa\u00e7\u00e3o, professor Eddye Rafaeta, que deram as boas-vindas aos estudantes e realizaram a entrega simb\u00f3lica das camisetas do programa Educa \u00c1gua, marcando o in\u00edcio do ciclo 2024 do projeto.<\/p>\n\n\n\n<p>O Programa Educa \u00c1gua, uma iniciativa lan\u00e7ada em 2014, tem como objetivo principal promover a conscientiza\u00e7\u00e3o ambiental e h\u00eddrica em toda a comunidade escolar, incentivando a mudan\u00e7a de h\u00e1bitos no uso da \u00e1gua. Em parceria entre o Saae e a Secretaria Municipal de Educa\u00e7\u00e3o, o programa visa aumentar a disponibilidade h\u00eddrica atrav\u00e9s da redu\u00e7\u00e3o do consumo de \u00e1gua nas escolas do munic\u00edpio.<\/p>\n\n\n\n<p>Durante o desenvolvimento do projeto, as escolas envolvidas ir\u00e3o implementar diversas a\u00e7\u00f5es para promover o uso racional da \u00e1gua, incluindo medi\u00e7\u00f5es regulares do consumo. As equipes gestoras de cada unidade escolar ser\u00e3o respons\u00e1veis por planejar e executar as atividades previstas, com o acompanhamento e suporte do Saae e da Secretaria Municipal de Educa\u00e7\u00e3o.<\/p>\n\n\n\n<p>O Programa Educa \u00c1gua n\u00e3o apenas visa reduzir o desperd\u00edcio de \u00e1gua, mas tamb\u00e9m busca conscientizar toda a comunidade escolar sobre a import\u00e2ncia da preserva\u00e7\u00e3o do meio ambiente e o desenvolvimento de pr\u00e1ticas sustent\u00e1veis. Ao trabalhar em conjunto, escolas, alunos, professores e familiares poder\u00e3o contribuir significativamente para a conserva\u00e7\u00e3o dos recursos h\u00eddricos e para a constru\u00e7\u00e3o de um futuro mais sustent\u00e1vel para o Munic\u00edpio.<\/p>\n\n\n\n<p><strong>#paratodosverem<\/strong>&nbsp;Alunos com as camisetas e posicionados atr\u00e1s o secret\u00e1rio de Educa\u00e7\u00e3o, o prefeito Nilson Gaspar e o superintendente do Saae. Fim da descri\u00e7\u00e3o.<\/p>\n","protected":false},"excerpt":{"rendered":"<p>Entrega simb\u00f3lica das camisetas foi feita pelo prefeito, superintendente da autarquia e do secret\u00e1rio da Educa\u00e7\u00e3o O primeiro dia de aula da Rede Municipal de Ensino, teve in\u00edcio na quarta-feira (7), e contou com a participa\u00e7\u00e3o especial, o Prefeito Nilson Gaspar, o superintendente do Saae, Eng. Pedro Claudio Salla, e o secret\u00e1rio da Educa\u00e7\u00e3o, professor [&hellip;]<\/p>\n","protected":false},"author":8,"featured_media":21842,"comment_status":"closed","ping_status":"open","sticky":false,"template":"","format":"standard","meta":{"rop_custom_images_group":[],"rop_custom_messages_group":[],"rop_publish_now":"initial","rop_publish_now_accounts":[],"rop_publish_now_history":[],"rop_publish_now_status":"pending","footnotes":""},"categories":[188],"tags":[],"class_list":["post-21841","post","type-post","status-publish","format-standard","has-post-thumbnail","hentry","category-indaiatuba"],"amp_enabled":true,"_links":{"self":[{"href":"https:\/\/imais.online\/portal\/wp-json\/wp\/v2\/posts\/21841","targetHints":{"allow":["GET"]}}],"collection":[{"href":"https:\/\/imais.online\/portal\/wp-json\/wp\/v2\/posts"}],"about":[{"href":"https:\/\/imais.online\/portal\/wp-json\/wp\/v2\/types\/post"}],"author":[{"embeddable":true,"href":"https:\/\/imais.online\/portal\/wp-json\/wp\/v2\/users\/8"}],"replies":[{"embeddable":true,"href":"https:\/\/imais.online\/portal\/wp-json\/wp\/v2\/comments?post=21841"}],"version-history":[{"count":1,"href":"https:\/\/imais.online\/portal\/wp-json\/wp\/v2\/posts\/21841\/revisions"}],"predecessor-version":[{"id":21843,"href":"https:\/\/imais.online\/portal\/wp-json\/wp\/v2\/posts\/21841\/revisions\/21843"}],"wp:featuredmedia":[{"embeddable":true,"href":"https:\/\/imais.online\/portal\/wp-json\/wp\/v2\/media\/21842"}],"wp:attachment":[{"href":"https:\/\/imais.online\/portal\/wp-json\/wp\/v2\/media?parent=21841"}],"wp:term":[{"taxonomy":"category","embeddable":true,"href":"https:\/\/imais.online\/portal\/wp-json\/wp\/v2\/categories?post=21841"},{"taxonomy":"post_tag","embeddable":true,"href":"https:\/\/imais.online\/portal\/wp-json\/wp\/v2\/tags?post=21841"}],"curies":[{"name":"wp","href":"https:\/\/api.w.org\/{rel}","templated":true}]}}