{"id":21844,"date":"2024-02-09T11:27:34","date_gmt":"2024-02-09T14:27:34","guid":{"rendered":"https:\/\/imais.online\/portal\/?p=21844"},"modified":"2024-02-09T11:27:35","modified_gmt":"2024-02-09T14:27:35","slug":"fiec-realiza-evento-de-capacitacao-para-professores-do-programa-educacao-profissional-paulista","status":"publish","type":"post","link":"https:\/\/imais.online\/portal\/fiec-realiza-evento-de-capacitacao-para-professores-do-programa-educacao-profissional-paulista\/","title":{"rendered":"Fiec realiza evento de capacita\u00e7\u00e3o para professores do Programa Educa\u00e7\u00e3o Profissional Paulista"},"content":{"rendered":"<div class=\"imais-before-content-placement\" id=\"imais-1470986944\"><script async src=\"\/\/pagead2.googlesyndication.com\/pagead\/js\/adsbygoogle.js?client=ca-pub-8787528412751566\" crossorigin=\"anonymous\"><\/script><ins class=\"adsbygoogle\" style=\"display:block;\" data-ad-client=\"ca-pub-8787528412751566\" \ndata-ad-slot=\"\" \ndata-ad-format=\"auto\"><\/ins>\n<script> \n(adsbygoogle = window.adsbygoogle || []).push({}); \n<\/script>\n<\/div>\n<p><em><small>Encontro reuniu 180 educadores na Fiec<\/small><\/em><\/p>\n\n\n\n<p>Nos dias 07 e 08 de fevereiro, a Funda\u00e7\u00e3o Indaiatubana de Educa\u00e7\u00e3o e Cultura (Fiec), em parceria com a Secretaria de Educa\u00e7\u00e3o do Estado de S\u00e3o Paulo (Seduc-SP), realizou o &nbsp;evento de planejamento do Programa Educa\u00e7\u00e3o Profissional Paulista. O encontro reuniu cerca de 180 educadores contratados de Indaiatuba e regi\u00e3o com o objetivo de apresentar e discutir o novo material did\u00e1tico disponibilizado pela Seduc-SP, visando aprimorar suas pr\u00e1ticas pedag\u00f3gicas e promover o sucesso tanto nas aulas quanto para os alunos.<\/p>\n\n\n\n<p>O evento contou com a presen\u00e7a de professores e convidados, incluindo o Prefeito de Indaiatuba, Nilson Gaspar; o superintendente da Fiec, Geraldo Garcia; o l\u00edder de Educa\u00e7\u00e3o Profissional da Seduc-SP, Daniel Barros; o dirigente Regional de Ensino de Capivari, Alair C. B. Lelli; o Secret\u00e1rio de Educa\u00e7\u00e3o, Eddye Rafaeta; o Diretor Administrativo, Ericson Fernando Tiribelli; a gestora Pedag\u00f3gica de Educa\u00e7\u00e3o Profissional da Seduc-SP, Laiza Gomes; o Assessor T\u00e9cnico da Seduc-SP, Tiago Milagres Miranda; a Diretora Pedag\u00f3gica da FIEC, Nilza Chavier; e a Vice Diretora Pedag\u00f3gica, Marta Eliza B\u00e9rgamo.<\/p>\n\n\n\n<p>Durante o evento, os professores contratados tiveram a oportunidade de colaborar, compartilhar melhores pr\u00e1ticas e explorar estrat\u00e9gias inovadoras para engajar os alunos e promover um ambiente de aprendizagem inclusivo e estimulante.<\/p>\n\n\n\n<p>Foram realizadas din\u00e2micas Interativas na qual os participantes tiveram acesso a din\u00e2micas para abordar t\u00f3picos de t\u00e9cnicas de ensino diferenciadas e uso eficaz da tecnologia na sala de aula. Tamb\u00e9m aconteceram sess\u00f5es de Discuss\u00e3o em Grupo a fim de proporcionar um ambiente prop\u00edcio para a troca de ideias e experi\u00eancias entre os professores contratados, incentivando a reflex\u00e3o e o aprimoramento das pr\u00e1ticas pedag\u00f3gicas.<\/p>\n\n\n\n<p>Al\u00e9m disso, contou com palestras com convidados que compartilharam insights &nbsp;sobre temas relevantes para a educa\u00e7\u00e3o contempor\u00e2nea, motivando os participantes a abra\u00e7ar a inova\u00e7\u00e3o e o desenvolvimento profissional cont\u00ednuo e a Fiec recebeu a Advogada Dra. Alexsandra Garcia para tratar do assunto, \u201c<em>Bullying&nbsp;<\/em>e Ass\u00e9dio no Ambiente Escolar\u201d.<\/p>\n\n\n\n<p>O evento de planejamento de professores contratados evidenciou o compromisso da Fiec em promover a excel\u00eancia acad\u00eamica e o desenvolvimento profissional cont\u00ednuo. Ao facilitar a colabora\u00e7\u00e3o e o compartilhamento de conhecimento, a Fiec refor\u00e7a a import\u00e2ncia do investimento no desenvolvimento profissional para o sucesso dos alunos e o avan\u00e7o da educa\u00e7\u00e3o como um todo.<\/p>\n\n\n\n<p>No dia 09 de fevereiro os professores estar\u00e3o fazendo o planejamento por curso com os coordenadores, na escola de atribui\u00e7\u00e3o.&nbsp;<\/p>\n\n\n\n<p><strong>#PraTodosVerem:&nbsp;<\/strong>Grupo de pessoas reunidos no audit\u00f3rio da Fiec, posando para foto, com presen\u00e7a do Prefeito Nilson Gaspar, e convidados.&nbsp;<\/p>\n","protected":false},"excerpt":{"rendered":"<p>Encontro reuniu 180 educadores na Fiec Nos dias 07 e 08 de fevereiro, a Funda\u00e7\u00e3o Indaiatubana de Educa\u00e7\u00e3o e Cultura (Fiec), em parceria com a Secretaria de Educa\u00e7\u00e3o do Estado de S\u00e3o Paulo (Seduc-SP), realizou o &nbsp;evento de planejamento do Programa Educa\u00e7\u00e3o Profissional Paulista. O encontro reuniu cerca de 180 educadores contratados de Indaiatuba e [&hellip;]<\/p>\n","protected":false},"author":8,"featured_media":21845,"comment_status":"closed","ping_status":"open","sticky":false,"template":"","format":"standard","meta":{"rop_custom_images_group":[],"rop_custom_messages_group":[],"rop_publish_now":"initial","rop_publish_now_accounts":[],"rop_publish_now_history":[],"rop_publish_now_status":"pending","footnotes":""},"categories":[188],"tags":[73],"class_list":["post-21844","post","type-post","status-publish","format-standard","has-post-thumbnail","hentry","category-indaiatuba","tag-featured"],"amp_enabled":true,"_links":{"self":[{"href":"https:\/\/imais.online\/portal\/wp-json\/wp\/v2\/posts\/21844","targetHints":{"allow":["GET"]}}],"collection":[{"href":"https:\/\/imais.online\/portal\/wp-json\/wp\/v2\/posts"}],"about":[{"href":"https:\/\/imais.online\/portal\/wp-json\/wp\/v2\/types\/post"}],"author":[{"embeddable":true,"href":"https:\/\/imais.online\/portal\/wp-json\/wp\/v2\/users\/8"}],"replies":[{"embeddable":true,"href":"https:\/\/imais.online\/portal\/wp-json\/wp\/v2\/comments?post=21844"}],"version-history":[{"count":1,"href":"https:\/\/imais.online\/portal\/wp-json\/wp\/v2\/posts\/21844\/revisions"}],"predecessor-version":[{"id":21846,"href":"https:\/\/imais.online\/portal\/wp-json\/wp\/v2\/posts\/21844\/revisions\/21846"}],"wp:featuredmedia":[{"embeddable":true,"href":"https:\/\/imais.online\/portal\/wp-json\/wp\/v2\/media\/21845"}],"wp:attachment":[{"href":"https:\/\/imais.online\/portal\/wp-json\/wp\/v2\/media?parent=21844"}],"wp:term":[{"taxonomy":"category","embeddable":true,"href":"https:\/\/imais.online\/portal\/wp-json\/wp\/v2\/categories?post=21844"},{"taxonomy":"post_tag","embeddable":true,"href":"https:\/\/imais.online\/portal\/wp-json\/wp\/v2\/tags?post=21844"}],"curies":[{"name":"wp","href":"https:\/\/api.w.org\/{rel}","templated":true}]}}