{"id":21851,"date":"2024-02-12T09:59:15","date_gmt":"2024-02-12T12:59:15","guid":{"rendered":"https:\/\/imais.online\/portal\/?p=21851"},"modified":"2024-02-12T09:59:16","modified_gmt":"2024-02-12T12:59:16","slug":"camarote-na-sapucai-prepara-comida-no-banheiro-e-responsaveis-sao-presos-deu-nojo-diz-promotora","status":"publish","type":"post","link":"https:\/\/imais.online\/portal\/camarote-na-sapucai-prepara-comida-no-banheiro-e-responsaveis-sao-presos-deu-nojo-diz-promotora\/","title":{"rendered":"Camarote na Sapuca\u00ed prepara comida no banheiro e respons\u00e1veis s\u00e3o presos: &#8216;deu nojo&#8217;, diz promotora"},"content":{"rendered":"<div class=\"imais-before-content-placement\" id=\"imais-4126176397\"><script async src=\"\/\/pagead2.googlesyndication.com\/pagead\/js\/adsbygoogle.js?client=ca-pub-8787528412751566\" crossorigin=\"anonymous\"><\/script><ins class=\"adsbygoogle\" style=\"display:block;\" data-ad-client=\"ca-pub-8787528412751566\" \ndata-ad-slot=\"\" \ndata-ad-format=\"auto\"><\/ins>\n<script> \n(adsbygoogle = window.adsbygoogle || []).push({}); \n<\/script>\n<\/div>\n<h2 class=\"wp-block-heading\">Dona de buffet e respons\u00e1vel pelo espa\u00e7o foram presos em flagrante no Samb\u00f3dromo<\/h2>\n\n\n\n<p>Duas pessoas ligadas a um camarote na Sapuca\u00ed foram presas na noite deste domingo. O motivo \u00e9 que a comida servida para o p\u00fablico e para os convidados estava sendo armazenada e preparada em um banheiro. A dona do buffet e uma pessoa respons\u00e1vel pelo espa\u00e7o foram presas em flagrante.<\/p>\n\n\n\n<p>Em opera\u00e7\u00e3o conjunta com o Minist\u00e9rio P\u00fablico Estadual e com agentes do Instituto Municipal de Vigil\u00e2ncia Sanit\u00e1ria (Ivisa-Rio), policiais civis da 6\u00aa Delegacia de Pol\u00edcia (Cidade Nova) que estavam presentes no Samb\u00f3dromo fizeram a pris\u00e3o em flagrante, por crime contra as rela\u00e7\u00f5es de consumo, depois de receberem den\u00fancias. Cerca de 500 quilos de alimentos foram descartados.<\/p>\n\n\n\n<p>A promotora Rosemary Duarte, que esteve na opera\u00e7\u00e3o, disse que jamais viu nada igual.<\/p>\n\n\n\n<p>\u2014 Deu nojo. Mas a atua\u00e7\u00e3o do MP foi fundamental para zelar pela sa\u00fade dos frequentadores da Sapuca\u00ed \u2014 afirmou.<\/p>\n\n\n\n<p>Esta \u00e9 a primeira vez que o camarote envolvido na ocorr\u00eancia est\u00e1 presente no Samb\u00f3dromo. O espa\u00e7o fica no Setor 13. Por meio de sua assessoria, a Liesa explicou ao GLOBO que os respons\u00e1veis n\u00e3o obtiveram autoriza\u00e7\u00e3o para a instala\u00e7\u00e3o de uma cozinha no local e que o banheiro estava sendo utilizado de maneira irregular.<\/p>\n\n\n\n<figure class=\"wp-block-image\"><img decoding=\"async\" src=\"https:\/\/s2-oglobo.glbimg.com\/hIg4XW51Gi_WwXpVy-LanduqaWY=\/0x0:1600x900\/984x0\/smart\/filters:strip_icc()\/i.s3.glbimg.com\/v1\/AUTH_da025474c0c44edd99332dddb09cabe8\/internal_photos\/bs\/2024\/8\/W\/1hHRI3Sxa0BjmwABdUmw\/whatsapp-image-2024-02-12-at-03.15.52.jpeg\" alt=\"Cabines de banheiro eram usadas para armazenar alimentos \u2014 Foto: Divulga\u00e7\u00e3o\"\/><figcaption class=\"wp-element-caption\">Cabines de banheiro eram usadas para armazenar alimentos \u2014 Foto: Divulga\u00e7\u00e3o<\/figcaption><\/figure>\n\n\n\n<p>Fonte O Globo<\/p>\n","protected":false},"excerpt":{"rendered":"<p>Dona de buffet e respons\u00e1vel pelo espa\u00e7o foram presos em flagrante no Samb\u00f3dromo Duas pessoas ligadas a um camarote na Sapuca\u00ed foram presas na noite deste domingo. O motivo \u00e9 que a comida servida para o p\u00fablico e para os convidados estava sendo armazenada e preparada em um banheiro. A dona do buffet e uma [&hellip;]<\/p>\n","protected":false},"author":8,"featured_media":21852,"comment_status":"closed","ping_status":"open","sticky":false,"template":"","format":"standard","meta":{"rop_custom_images_group":[],"rop_custom_messages_group":[],"rop_publish_now":"initial","rop_publish_now_accounts":[],"rop_publish_now_history":[],"rop_publish_now_status":"pending","footnotes":""},"categories":[264],"tags":[],"class_list":["post-21851","post","type-post","status-publish","format-standard","has-post-thumbnail","hentry","category-carnaval"],"amp_enabled":true,"_links":{"self":[{"href":"https:\/\/imais.online\/portal\/wp-json\/wp\/v2\/posts\/21851","targetHints":{"allow":["GET"]}}],"collection":[{"href":"https:\/\/imais.online\/portal\/wp-json\/wp\/v2\/posts"}],"about":[{"href":"https:\/\/imais.online\/portal\/wp-json\/wp\/v2\/types\/post"}],"author":[{"embeddable":true,"href":"https:\/\/imais.online\/portal\/wp-json\/wp\/v2\/users\/8"}],"replies":[{"embeddable":true,"href":"https:\/\/imais.online\/portal\/wp-json\/wp\/v2\/comments?post=21851"}],"version-history":[{"count":1,"href":"https:\/\/imais.online\/portal\/wp-json\/wp\/v2\/posts\/21851\/revisions"}],"predecessor-version":[{"id":21853,"href":"https:\/\/imais.online\/portal\/wp-json\/wp\/v2\/posts\/21851\/revisions\/21853"}],"wp:featuredmedia":[{"embeddable":true,"href":"https:\/\/imais.online\/portal\/wp-json\/wp\/v2\/media\/21852"}],"wp:attachment":[{"href":"https:\/\/imais.online\/portal\/wp-json\/wp\/v2\/media?parent=21851"}],"wp:term":[{"taxonomy":"category","embeddable":true,"href":"https:\/\/imais.online\/portal\/wp-json\/wp\/v2\/categories?post=21851"},{"taxonomy":"post_tag","embeddable":true,"href":"https:\/\/imais.online\/portal\/wp-json\/wp\/v2\/tags?post=21851"}],"curies":[{"name":"wp","href":"https:\/\/api.w.org\/{rel}","templated":true}]}}