{"id":21882,"date":"2024-02-14T10:14:59","date_gmt":"2024-02-14T13:14:59","guid":{"rendered":"https:\/\/imais.online\/portal\/?p=21882"},"modified":"2024-02-14T10:15:00","modified_gmt":"2024-02-14T13:15:00","slug":"com-novidades-apuracao-define-nesta-quarta-feira-a-grande-campea-do-carnaval-carioca","status":"publish","type":"post","link":"https:\/\/imais.online\/portal\/com-novidades-apuracao-define-nesta-quarta-feira-a-grande-campea-do-carnaval-carioca\/","title":{"rendered":"Com novidades, apura\u00e7\u00e3o define nesta quarta-feira a grande campe\u00e3 do carnaval carioca"},"content":{"rendered":"<div class=\"imais-before-content-placement\" id=\"imais-124026035\"><script async src=\"\/\/pagead2.googlesyndication.com\/pagead\/js\/adsbygoogle.js?client=ca-pub-8787528412751566\" crossorigin=\"anonymous\"><\/script><ins class=\"adsbygoogle\" style=\"display:block;\" data-ad-client=\"ca-pub-8787528412751566\" \ndata-ad-slot=\"\" \ndata-ad-format=\"auto\"><\/ins>\n<script> \n(adsbygoogle = window.adsbygoogle || []).push({}); \n<\/script>\n<\/div>\n<h2 class=\"wp-block-heading\">Regulamento \u00e9 semelhante ao do ano passado: s\u00e3o 9 quesitos, 4 jurados em cada um, e a menor nota \u00e9 descartada.<\/h2>\n\n\n\n<p>A apura\u00e7\u00e3o das notas que apontar\u00e3o a grande campe\u00e3 do carnaval carioca de 2024 acontece nesta Quarta-Feira de Cinzas (14), a partir das 16h,&nbsp;com uma novidade: n\u00e3o vai ser mais na&nbsp;<strong>Pra\u00e7a da Apoteose<\/strong>, mudando para a&nbsp;<strong>Cidade do Samba<\/strong>. A TV Globo&nbsp;<a class=\"\" href=\"https:\/\/g1.globo.com\/rj\/rio-de-janeiro\/carnaval\/2024\/ao-vivo\/carnaval-2024-desfiles-do-rio-de-janeiro.ghtml\">e o g1 transmitem<\/a>. Por volta das 20h, o&nbsp;<a class=\"\" href=\"https:\/\/g1.globo.com\/rj\/rio-de-janeiro\/\">g1<\/a>&nbsp;exibe&nbsp;<a class=\"\" href=\"https:\/\/g1.globo.com\/rj\/rio-de-janeiro\/carnaval\/2024\/ao-vivo\/carnaval-2024-veja-a-apuracao-da-serie-ouro-do-rio-de-janeiro.ghtml\">a apura\u00e7\u00e3o da S\u00e9rie Ouro<\/a>.<\/p>\n\n\n\n<p>O regulamento \u00e9 bem semelhante&nbsp;<a class=\"\" href=\"https:\/\/g1.globo.com\/rj\/rio-de-janeiro\/carnaval\/2023\/noticia\/2023\/02\/22\/apuracao-define-nesta-quarta-feira-a-grande-campea-do-carnaval-carioca-veja-regras.ghtml\">ao do ano passado<\/a>. Das&nbsp;<strong>4 notas<\/strong>&nbsp;de cada quesito,&nbsp;a menor ser\u00e1 descartada.<\/p>\n\n\n\n<p>O avaliador concede entre\u00a0<strong>9<\/strong>\u00a0e\u00a0<strong>10 pontos<\/strong>, podendo fracion\u00e1-los em d\u00e9cimos (9,1; 9,2; 9,3&#8230;),\u00a0devendo justificar sempre que n\u00e3o der a nota m\u00e1xima\u00a0\u2014 idealmente, o jurado precisa apontar especificamente onde e quando viu a falha.<\/p>\n\n\n\n<p>Por volta do meio-dia, haver\u00e1\u00a0<strong>o sorteio da ordem dos quesitos<\/strong>, que tantas vezes deu o t\u00edtulo na sorte a uma escola.\u00a0O \u00faltimo a ser lido ser\u00e1 o primeiro no crit\u00e9rio de desempate.<\/p>\n\n\n\n<p>S\u00f3 haver\u00e1 empate, ali\u00e1s, se duas ou mais escolas&nbsp;obtiverem os mesmos subtotais das notas v\u00e1lidas nos&nbsp;<strong>9 quesitos<\/strong>&nbsp;\u2014 algo que n\u00e3o acontece desde 1998, quando Beija-Flor e Mangueira dividiram a ta\u00e7a.<\/p>\n\n\n\n<p>Em 2020, Grande Rio e Viradouro terminaram com 269,6 pontos, e foi preciso ir at\u00e9 o 2\u00ba crit\u00e9rio de desempate,\u00a0<strong>Evolu\u00e7\u00e3o<\/strong>,\u00a0<a class=\"\" href=\"https:\/\/g1.globo.com\/rj\/rio-de-janeiro\/carnaval\/2020\/noticia\/2020\/02\/26\/viradouro-e-a-campea-do-carnaval-2020-do-rio.ghtml\">para dar o t\u00edtulo a Niter\u00f3i<\/a>\u00a0(no 1\u00ba, Harmonia, as 2 somaram 30 pontos).\u00a0<a class=\"\" href=\"https:\/\/g1.globo.com\/rj\/rio-de-janeiro\/carnaval\/2020\/noticia\/2020\/02\/26\/carnaval-2020-veja-as-notas-da-apuracao-do-rio.ghtml\">Em Evolu\u00e7\u00e3o, Caxias tinha perdido 3 d\u00e9cimos, ante notas m\u00e1ximas da rival<\/a>. Tivesse sido sorteado Comiss\u00e3o de Frente ou alegorias como 1\u00ba crit\u00e9rio, a vit\u00f3ria era da Vermelha e Branca.<\/p>\n\n\n\n<figure class=\"wp-block-image\"><img decoding=\"async\" src=\"https:\/\/s2-g1.glbimg.com\/odxGSxDbaCCMEq9J-vYbc0PgLWM=\/0x0:1920x1080\/984x0\/smart\/filters:strip_icc()\/i.s3.glbimg.com\/v1\/AUTH_59edd422c0c84a879bd37670ae4f538a\/internal_photos\/bs\/2024\/v\/a\/UiumHSQL6jXNkdAWhoyA\/apura4.jpeg\" alt=\"Apura\u00e7\u00e3o ser\u00e1 na Cidade do Samba \u2014 Foto: Reprodu\u00e7\u00e3o\/TV Globo\"\/><\/figure>\n\n\n\n<p>Apura\u00e7\u00e3o ser\u00e1 na Cidade do Samba \u2014 Foto: Reprodu\u00e7\u00e3o\/TV Globo<\/p>\n\n\n\n<p>Os 36 jurados foram divididos em 3 m\u00f3dulos:<\/p>\n\n\n\n<ol class=\"wp-block-list\">\n<li>Metade deles \u2014 2 por quesito \u2014 ficou no&nbsp;<strong>Setor 3<\/strong>;<\/li>\n\n\n\n<li>Nove \u2014 1 para cada quesito \u2014 no&nbsp;<strong>Setor 6<\/strong>;<\/li>\n\n\n\n<li>E os outros 9 no&nbsp;<strong>Setor 10<\/strong>.<\/li>\n<\/ol>\n\n\n\n<p>Comiss\u00f5es de frente e casais de mestre-sala e porta-bandeira obrigatoriamente tiveram de se apresentar em cada cabine de jurados.<\/p>\n\n\n\n<h2 class=\"wp-block-heading\">O que cada quesito julga<\/h2>\n\n\n\n<p>Em ordem alfab\u00e9tica:<\/p>\n\n\n\n<ul class=\"wp-block-list\">\n<li><strong>Alegorias e adere\u00e7os:<\/strong>&nbsp;\u00e9 dividido nos subquesitos&nbsp;concep\u00e7\u00e3o&nbsp;e&nbsp;realiza\u00e7\u00e3o. No primeiro, avaliam-se a adequa\u00e7\u00e3o dos itens ao enredo e a criatividade, desde que haja significado. No segundo, valem a impress\u00e3o causada pelas formas, materiais e cores, o acabamento (inclusive das partes traseiras e geradores) e o papel e a fantasia dos destaques.&nbsp;<strong>Perde pontos<\/strong>&nbsp;a escola que&nbsp;deixar peda\u00e7os de fantasias, materiais estranhos ou geradores aparentes.<\/li>\n\n\n\n<li><strong>Bateria:<\/strong>&nbsp;a manuten\u00e7\u00e3o regular e a sustenta\u00e7\u00e3o da cad\u00eancia em conson\u00e2ncia com o samba-enredo; a perfeita conjuga\u00e7\u00e3o dos sons emitidos pelos v\u00e1rios instrumentos; e a criatividade e a versatilidade.<\/li>\n\n\n\n<li><strong>Comiss\u00e3o de Frente:<\/strong>&nbsp;em&nbsp;indument\u00e1ria, a capacidade de impactar o p\u00fablico. Em&nbsp;apresenta\u00e7\u00e3o, se o saudaram e se foram coordenados e s\u00edncronos.&nbsp;<strong>Perde ponto<\/strong>&nbsp;a comiss\u00e3o que&nbsp;<strong>perder parte da roupa<\/strong>.<\/li>\n\n\n\n<li><strong>Enredo:<\/strong>&nbsp;em&nbsp;concep\u00e7\u00e3o, valem o argumento, o desenvolvimento a import\u00e2ncia e a densidade cultural. O jurado avalia a clareza, a coer\u00eancia e a coes\u00e3o na roteiriza\u00e7\u00e3o do desfile, de modo a facilitar o entendimento do tema. Tamb\u00e9m conta pontos a criatividade no enfoque ou \u201crecorte\u201d escolhido. Em&nbsp;realiza\u00e7\u00e3o, \u00e9 vista a adapta\u00e7\u00e3o do conceito para o que \u00e9 apresentado na Avenida, como a sequ\u00eancia das alas e alegorias, a criatividade e a carnavaliza\u00e7\u00e3o do tema proposto.&nbsp;<strong>Perde pontos&nbsp;<\/strong>a escola que&nbsp;n\u00e3o apresentar na pista&nbsp;alegorias, trip\u00e9s ou alas descritos no roteiro.&nbsp;Itens a mais ou trocados&nbsp;tamb\u00e9m geram puni\u00e7\u00e3o.<\/li>\n\n\n\n<li><strong>Evolu\u00e7\u00e3o:<\/strong>&nbsp;\u00e9 a flu\u00eancia da apresenta\u00e7\u00e3o. O julgador avalia a espontaneidade, a criatividade, a empolga\u00e7\u00e3o e a vibra\u00e7\u00e3o dos desfilantes, bem como a coes\u00e3o do desfile \u2014a manuten\u00e7\u00e3o de espa\u00e7amento o mais uniforme poss\u00edvel entre alas e alegorias.&nbsp;<strong>Perde pontos<\/strong>&nbsp;a escola que&nbsp;deixar buracos ou permitir que alas se misturem.<\/li>\n\n\n\n<li><strong>Fantasias:<\/strong>&nbsp;em&nbsp;concep\u00e7\u00e3o, a adequa\u00e7\u00e3o ao enredo e a criatividade. Em&nbsp;realiza\u00e7\u00e3o, a impress\u00e3o causada pelas formas, materiais e cores; o acabamento e a leveza; e a uniformidade de detalhes.&nbsp;<strong>Perde ponto<\/strong>&nbsp;a escola&nbsp;com desfilantes com roupas incompletas.<\/li>\n\n\n\n<li><strong>Harmonia:<\/strong>&nbsp;\u00e9 o entrosamento entre o ritmo e o canto, e o avaliador deve estar atento \u00e0&nbsp;<strong>perfeita igualdade do canto<\/strong>&nbsp;do samba-enredo pelos componentes, em conson\u00e2ncia com o int\u00e9rprete e a manuten\u00e7\u00e3o da tonalidade; h\u00e1&nbsp;<strong>puni\u00e7\u00e3o&nbsp;<\/strong>se qualquer integrante&nbsp;for flagrado sem cantar.<\/li>\n\n\n\n<li><strong>Mestre-sala e Porta-bandeira:<\/strong>&nbsp;contam pontos a roupa, o bailado, a harmonia do casal e a prote\u00e7\u00e3o do pavilh\u00e3o.&nbsp;<strong>Perde ponto<\/strong>&nbsp;a dupla que&nbsp;deixar a bandeira enrolar ou que perder parte da fantasia.<\/li>\n\n\n\n<li><strong>Samba-enredo:<\/strong>&nbsp;para a&nbsp;letra, adequa\u00e7\u00e3o ao enredo, a riqueza po\u00e9tica, beleza e bom gosto e \u00e0 adapta\u00e7\u00e3o dos versos com os desenhos mel\u00f3dicos. Para a&nbsp;melodia, as caracter\u00edsticas r\u00edtmicas, a riqueza, a beleza e o bom gosto e a capacidade de facilitar o canto e a dan\u00e7a dos desfilantes.<\/li>\n<\/ul>\n\n\n\n<p>Fonte G1<\/p>\n","protected":false},"excerpt":{"rendered":"<p>Regulamento \u00e9 semelhante ao do ano passado: s\u00e3o 9 quesitos, 4 jurados em cada um, e a menor nota \u00e9 descartada. A apura\u00e7\u00e3o das notas que apontar\u00e3o a grande campe\u00e3 do carnaval carioca de 2024 acontece nesta Quarta-Feira de Cinzas (14), a partir das 16h,&nbsp;com uma novidade: n\u00e3o vai ser mais na&nbsp;Pra\u00e7a da Apoteose, mudando [&hellip;]<\/p>\n","protected":false},"author":8,"featured_media":21883,"comment_status":"closed","ping_status":"open","sticky":false,"template":"","format":"standard","meta":{"rop_custom_images_group":[],"rop_custom_messages_group":[],"rop_publish_now":"initial","rop_publish_now_accounts":[],"rop_publish_now_history":[],"rop_publish_now_status":"pending","footnotes":""},"categories":[264],"tags":[],"class_list":["post-21882","post","type-post","status-publish","format-standard","has-post-thumbnail","hentry","category-carnaval"],"amp_enabled":true,"_links":{"self":[{"href":"https:\/\/imais.online\/portal\/wp-json\/wp\/v2\/posts\/21882","targetHints":{"allow":["GET"]}}],"collection":[{"href":"https:\/\/imais.online\/portal\/wp-json\/wp\/v2\/posts"}],"about":[{"href":"https:\/\/imais.online\/portal\/wp-json\/wp\/v2\/types\/post"}],"author":[{"embeddable":true,"href":"https:\/\/imais.online\/portal\/wp-json\/wp\/v2\/users\/8"}],"replies":[{"embeddable":true,"href":"https:\/\/imais.online\/portal\/wp-json\/wp\/v2\/comments?post=21882"}],"version-history":[{"count":1,"href":"https:\/\/imais.online\/portal\/wp-json\/wp\/v2\/posts\/21882\/revisions"}],"predecessor-version":[{"id":21884,"href":"https:\/\/imais.online\/portal\/wp-json\/wp\/v2\/posts\/21882\/revisions\/21884"}],"wp:featuredmedia":[{"embeddable":true,"href":"https:\/\/imais.online\/portal\/wp-json\/wp\/v2\/media\/21883"}],"wp:attachment":[{"href":"https:\/\/imais.online\/portal\/wp-json\/wp\/v2\/media?parent=21882"}],"wp:term":[{"taxonomy":"category","embeddable":true,"href":"https:\/\/imais.online\/portal\/wp-json\/wp\/v2\/categories?post=21882"},{"taxonomy":"post_tag","embeddable":true,"href":"https:\/\/imais.online\/portal\/wp-json\/wp\/v2\/tags?post=21882"}],"curies":[{"name":"wp","href":"https:\/\/api.w.org\/{rel}","templated":true}]}}