{"id":21889,"date":"2024-02-15T09:28:24","date_gmt":"2024-02-15T12:28:24","guid":{"rendered":"https:\/\/imais.online\/portal\/?p=21889"},"modified":"2024-02-15T09:28:25","modified_gmt":"2024-02-15T12:28:25","slug":"prefeitura-de-indaiatuba-prorroga-ate-junho-a-coleta-de-dados-do-censo-da-comunidade-surda","status":"publish","type":"post","link":"https:\/\/imais.online\/portal\/prefeitura-de-indaiatuba-prorroga-ate-junho-a-coleta-de-dados-do-censo-da-comunidade-surda\/","title":{"rendered":"Prefeitura de Indaiatuba prorroga at\u00e9 junho a coleta de dados do Censo da Comunidade Surda"},"content":{"rendered":"<div class=\"imais-before-content-placement\" id=\"imais-3564751981\"><script async src=\"\/\/pagead2.googlesyndication.com\/pagead\/js\/adsbygoogle.js?client=ca-pub-8787528412751566\" crossorigin=\"anonymous\"><\/script><ins class=\"adsbygoogle\" style=\"display:block;\" data-ad-client=\"ca-pub-8787528412751566\" \ndata-ad-slot=\"\" \ndata-ad-format=\"auto\"><\/ins>\n<script> \n(adsbygoogle = window.adsbygoogle || []).push({}); \n<\/script>\n<\/div>\n<p><em><small>Prazo visa garantir com precis\u00e3o a quantidades de surdos no munic\u00edpio<\/small><\/em><\/p>\n\n\n\n<p>A Prefeitura de Indaiatuba, por meio da Secretaria de Rela\u00e7\u00f5es Institucionais e Comunica\u00e7\u00e3o, prorroga o Censo da Comunidade Surda at\u00e9 7 de junho de 2024. A coleta tinha previs\u00e3o de encerrar em janeiro, data em que completou tr\u00eas meses, mas foi alterada para que mais pessoas possam responder o&nbsp;<a href=\"https:\/\/docs.google.com\/forms\/d\/e\/1FAIpQLSfklrGeUI35qlkWlVOxP6aNLG54tAVLJNZfcRrn04IX8X-abw\/viewform\">question\u00e1rio<\/a>&nbsp;a fim de obtermos precis\u00e3o de dados no munic\u00edpio.<\/p>\n\n\n\n<p>\u201cBuscamos colher o m\u00e1ximo de informa\u00e7\u00f5es para que possamos atuar de forma efetiva onde, hoje ainda n\u00e3o conseguimos, por falta de detalhamento. Com os dados do portal Observat\u00f3rio da Pessoa com Defici\u00eancia foi poss\u00edvel dimensionar a quantidade de pessoas em Indaiatuba, por\u00e9m com o Censo da Comunidade Surda visamos ter um detalhamento maior e, por isso, precisamos que as pessoas respondam. Com a amplia\u00e7\u00e3o de prazo podemos garantir que mais pessoas respondam e visar politicas p\u00fablicas assertivas\u201d, pontua a secret\u00e1ria de Rela\u00e7\u00f5es Institucionais e Comunica\u00e7\u00e3o, dra. Graziela Milani.<\/p>\n\n\n\n<p>A pesquisa al\u00e9m de contabilizar quantos surdos residem em Indaiatuba visa obter informa\u00e7\u00f5es como o grau de escolaridade e \u00e1rea de atua\u00e7\u00e3o profissional. J\u00e1 na \u00e1rea da sa\u00fade, coletar\u00e1 os dados do estado geral de sa\u00fade com informa\u00e7\u00f5es complementares de forma a entender se os entrevistados possuem algum conv\u00eanio ou utilizam os servi\u00e7os do SUS.<\/p>\n\n\n\n<p><strong>Sobre o Censo da Comunidade Surda<\/strong><\/p>\n\n\n\n<p>O Censo est\u00e1 dispon\u00edvel pelo&nbsp;<a href=\"https:\/\/docs.google.com\/forms\/d\/e\/1FAIpQLSfklrGeUI35qlkWlVOxP6aNLG54tAVLJNZfcRrn04IX8X-abw\/viewform\">link<\/a>&nbsp;atrav\u00e9s no Google Forms. Ao entrar, \u00e9 direcionado a uma p\u00e1gina explicativa do Censo e com o item para clicar aceitando a participa\u00e7\u00e3o na pesquisa. Em seguida, abre a p\u00e1gina com 20 perguntas, dentre elas est\u00e3o a requisi\u00e7\u00e3o de nome, data de nascimento, sexo; se possui a comunica\u00e7\u00e3o em libras; bairro em que reside; n\u00famero de celular; grau de escolaridade; local de trabalho, dentre outras quest\u00f5es. Ap\u00f3s a \u00faltima pergunta, o entrevistado deve apertar o bot\u00e3o enviar para que as respostas sejam conclu\u00eddas. O Censo \u00e9 apenas destinado para a comunidade surda, considerando os diferentes n\u00edveis e graus de perda auditiva.&nbsp;<\/p>\n","protected":false},"excerpt":{"rendered":"<p>Prazo visa garantir com precis\u00e3o a quantidades de surdos no munic\u00edpio A Prefeitura de Indaiatuba, por meio da Secretaria de Rela\u00e7\u00f5es Institucionais e Comunica\u00e7\u00e3o, prorroga o Censo da Comunidade Surda at\u00e9 7 de junho de 2024. A coleta tinha previs\u00e3o de encerrar em janeiro, data em que completou tr\u00eas meses, mas foi alterada para que [&hellip;]<\/p>\n","protected":false},"author":8,"featured_media":21890,"comment_status":"closed","ping_status":"open","sticky":false,"template":"","format":"standard","meta":{"rop_custom_images_group":[],"rop_custom_messages_group":[],"rop_publish_now":"initial","rop_publish_now_accounts":[],"rop_publish_now_history":[],"rop_publish_now_status":"pending","footnotes":""},"categories":[188],"tags":[],"class_list":["post-21889","post","type-post","status-publish","format-standard","has-post-thumbnail","hentry","category-indaiatuba"],"amp_enabled":true,"_links":{"self":[{"href":"https:\/\/imais.online\/portal\/wp-json\/wp\/v2\/posts\/21889","targetHints":{"allow":["GET"]}}],"collection":[{"href":"https:\/\/imais.online\/portal\/wp-json\/wp\/v2\/posts"}],"about":[{"href":"https:\/\/imais.online\/portal\/wp-json\/wp\/v2\/types\/post"}],"author":[{"embeddable":true,"href":"https:\/\/imais.online\/portal\/wp-json\/wp\/v2\/users\/8"}],"replies":[{"embeddable":true,"href":"https:\/\/imais.online\/portal\/wp-json\/wp\/v2\/comments?post=21889"}],"version-history":[{"count":1,"href":"https:\/\/imais.online\/portal\/wp-json\/wp\/v2\/posts\/21889\/revisions"}],"predecessor-version":[{"id":21891,"href":"https:\/\/imais.online\/portal\/wp-json\/wp\/v2\/posts\/21889\/revisions\/21891"}],"wp:featuredmedia":[{"embeddable":true,"href":"https:\/\/imais.online\/portal\/wp-json\/wp\/v2\/media\/21890"}],"wp:attachment":[{"href":"https:\/\/imais.online\/portal\/wp-json\/wp\/v2\/media?parent=21889"}],"wp:term":[{"taxonomy":"category","embeddable":true,"href":"https:\/\/imais.online\/portal\/wp-json\/wp\/v2\/categories?post=21889"},{"taxonomy":"post_tag","embeddable":true,"href":"https:\/\/imais.online\/portal\/wp-json\/wp\/v2\/tags?post=21889"}],"curies":[{"name":"wp","href":"https:\/\/api.w.org\/{rel}","templated":true}]}}