{"id":21917,"date":"2024-02-16T09:49:27","date_gmt":"2024-02-16T12:49:27","guid":{"rendered":"https:\/\/imais.online\/portal\/?p=21917"},"modified":"2024-02-16T09:49:28","modified_gmt":"2024-02-16T12:49:28","slug":"secretaria-de-assistencia-social-de-indaiatuba-anuncia-r-452-mil-em-novos-investimentos","status":"publish","type":"post","link":"https:\/\/imais.online\/portal\/secretaria-de-assistencia-social-de-indaiatuba-anuncia-r-452-mil-em-novos-investimentos\/","title":{"rendered":"Secretaria de Assist\u00eancia Social de Indaiatuba anuncia R$ 452 mil em novos investimentos"},"content":{"rendered":"<div class=\"imais-before-content-placement\" id=\"imais-3111210349\"><script async src=\"\/\/pagead2.googlesyndication.com\/pagead\/js\/adsbygoogle.js?client=ca-pub-8787528412751566\" crossorigin=\"anonymous\"><\/script><ins class=\"adsbygoogle\" style=\"display:block;\" data-ad-client=\"ca-pub-8787528412751566\" \ndata-ad-slot=\"\" \ndata-ad-format=\"auto\"><\/ins>\n<script> \n(adsbygoogle = window.adsbygoogle || []).push({}); \n<\/script>\n<\/div>\n<p><em><small>Quatro ve\u00edculos foram comprados para ampliar linha de atendimento social no munic\u00edpio<\/small><\/em><\/p>\n\n\n\n<p>O prefeito de Indaiatuba, Nilson Gaspar, recebeu na manh\u00e3 da \u00faltima quarta-feira (14), quatro novos ve\u00edculos que ser\u00e3o destinados \u00e0 Secretaria de Assist\u00eancia Social. O investimento anunciado pelo secret\u00e1rio da pasta, D\u00e9cio Rocha, foi de R$ 452 mil de recursos pr\u00f3prios.<\/p>\n\n\n\n<p>Os ve\u00edculos, tr\u00eas carros modelo Citro\u00ebn C3 e um furg\u00e3o Peugeot Cargo Expert, ser\u00e3o destinados para o Centro PcD, Cras e administrativo secret\u00e1rio, respectivamente, e o \u00faltimo ve\u00edculo ser\u00e1 utilizado para o transporte de materiais, como cestas b\u00e1sicas e outras demandas que surgirem para todos os equipamentos da Secretaria Municipal de Assist\u00eancia Social.<\/p>\n\n\n\n<p>&nbsp;<strong>#PraTodosVerem:&nbsp;<\/strong>Foto colorida mostra prefeito, Nilson Gaspar, ao centro ao lado do secret\u00e1rio de Assist\u00eancia Social, D\u00e9cio Rocha. Ambos est\u00e3o na \u00e1rea externa da Prefeitura, posados a frente dos quatro novos ve\u00edculos anunciados para o social.<\/p>\n","protected":false},"excerpt":{"rendered":"<p>Quatro ve\u00edculos foram comprados para ampliar linha de atendimento social no munic\u00edpio O prefeito de Indaiatuba, Nilson Gaspar, recebeu na manh\u00e3 da \u00faltima quarta-feira (14), quatro novos ve\u00edculos que ser\u00e3o destinados \u00e0 Secretaria de Assist\u00eancia Social. O investimento anunciado pelo secret\u00e1rio da pasta, D\u00e9cio Rocha, foi de R$ 452 mil de recursos pr\u00f3prios. Os ve\u00edculos, [&hellip;]<\/p>\n","protected":false},"author":8,"featured_media":21918,"comment_status":"closed","ping_status":"open","sticky":false,"template":"","format":"standard","meta":{"rop_custom_images_group":[],"rop_custom_messages_group":[],"rop_publish_now":"initial","rop_publish_now_accounts":[],"rop_publish_now_history":[],"rop_publish_now_status":"pending","footnotes":""},"categories":[188],"tags":[],"class_list":["post-21917","post","type-post","status-publish","format-standard","has-post-thumbnail","hentry","category-indaiatuba"],"amp_enabled":true,"_links":{"self":[{"href":"https:\/\/imais.online\/portal\/wp-json\/wp\/v2\/posts\/21917","targetHints":{"allow":["GET"]}}],"collection":[{"href":"https:\/\/imais.online\/portal\/wp-json\/wp\/v2\/posts"}],"about":[{"href":"https:\/\/imais.online\/portal\/wp-json\/wp\/v2\/types\/post"}],"author":[{"embeddable":true,"href":"https:\/\/imais.online\/portal\/wp-json\/wp\/v2\/users\/8"}],"replies":[{"embeddable":true,"href":"https:\/\/imais.online\/portal\/wp-json\/wp\/v2\/comments?post=21917"}],"version-history":[{"count":1,"href":"https:\/\/imais.online\/portal\/wp-json\/wp\/v2\/posts\/21917\/revisions"}],"predecessor-version":[{"id":21919,"href":"https:\/\/imais.online\/portal\/wp-json\/wp\/v2\/posts\/21917\/revisions\/21919"}],"wp:featuredmedia":[{"embeddable":true,"href":"https:\/\/imais.online\/portal\/wp-json\/wp\/v2\/media\/21918"}],"wp:attachment":[{"href":"https:\/\/imais.online\/portal\/wp-json\/wp\/v2\/media?parent=21917"}],"wp:term":[{"taxonomy":"category","embeddable":true,"href":"https:\/\/imais.online\/portal\/wp-json\/wp\/v2\/categories?post=21917"},{"taxonomy":"post_tag","embeddable":true,"href":"https:\/\/imais.online\/portal\/wp-json\/wp\/v2\/tags?post=21917"}],"curies":[{"name":"wp","href":"https:\/\/api.w.org\/{rel}","templated":true}]}}