{"id":21944,"date":"2024-02-19T06:41:02","date_gmt":"2024-02-19T09:41:02","guid":{"rendered":"https:\/\/imais.online\/portal\/?p=21944"},"modified":"2024-02-19T07:12:22","modified_gmt":"2024-02-19T10:12:22","slug":"morre-aos-87-anos-o-empresario-abilio-diniz","status":"publish","type":"post","link":"https:\/\/imais.online\/portal\/morre-aos-87-anos-o-empresario-abilio-diniz\/","title":{"rendered":"Morre aos 87 anos o empres\u00e1rio Abilio Diniz"},"content":{"rendered":"<div class=\"imais-before-content-placement\" id=\"imais-653123063\"><script async src=\"\/\/pagead2.googlesyndication.com\/pagead\/js\/adsbygoogle.js?client=ca-pub-8787528412751566\" crossorigin=\"anonymous\"><\/script><ins class=\"adsbygoogle\" style=\"display:block;\" data-ad-client=\"ca-pub-8787528412751566\" \ndata-ad-slot=\"\" \ndata-ad-format=\"auto\"><\/ins>\n<script> \n(adsbygoogle = window.adsbygoogle || []).push({}); \n<\/script>\n<\/div>\n<p class=\"has-text-align-center\">Fam\u00edlia divulgou nota em que atribui o falecimento a uma pneumonite<\/p>\n\n\n\n<p>A fam\u00edlia de Abilio Diniz divulgou nota na noite deste domingo (18) para confirmar o falecimento do empres\u00e1rio de 87 anos. Ele foi v\u00edtima de insufici\u00eancia respirat\u00f3ria em fun\u00e7\u00e3o de uma pneumonite. Diniz estava internado no Hospital Albert Einstein.<img decoding=\"async\" src=\"https:\/\/agenciabrasil.ebc.com.br\/ebc.png?id=1581590&amp;o=node\"><img decoding=\"async\" src=\"https:\/\/agenciabrasil.ebc.com.br\/ebc.gif?id=1581590&amp;o=node\"><\/p>\n\n\n\n<p>O vel\u00f3rio ser\u00e1 aberto ao publico nesta segunda-feira (19), das 11h \u00e0s 15h, no sal\u00e3o nobre do Est\u00e1dio do Morumbi, do S\u00e3o Paulo Futebol Clube. O enterro ser\u00e1 reservado aos familiares.<br><br>&#8220;O empres\u00e1rio deixa cinco filhos, esposa, netos e bisnetos, e ir\u00e1 ao encontro do seu filho Jo\u00e3o Paulo, falecido em 2022. Desde j\u00e1, a fam\u00edlia agradece a todas as mensagens de apoio&nbsp;e&nbsp;carinho&#8221;, diz a nota divulgada pela assessoria da fam\u00edlia.<\/p>\n\n\n\n<p>Por quase cinquenta anos, com afastamentos pontuais, Abilio Diniz liderou um dos maiores grupos varejistas da Am\u00e9rica Latina, o Grupo P\u00e3o de A\u00e7\u00facar. Em 1989, ele foi sequestrado em S\u00e3o Paulo e passou seis dias em um cativeiro.<\/p>\n\n\n\n<p>Ao longo da vida p\u00fablica, atuou como escritor, palestrante, atleta e apresentador de televis\u00e3o, tendo participado do Conselho Monet\u00e1rio Nacional e do Conselho de Desenvolvimento Econ\u00f4mico e Social.<\/p>\n","protected":false},"excerpt":{"rendered":"<p>Fam\u00edlia divulgou nota em que atribui o falecimento a uma pneumonite A fam\u00edlia de Abilio Diniz divulgou nota na noite deste domingo (18) para confirmar o falecimento do empres\u00e1rio de 87 anos. Ele foi v\u00edtima de insufici\u00eancia respirat\u00f3ria em fun\u00e7\u00e3o de uma pneumonite. Diniz estava internado no Hospital Albert Einstein. O vel\u00f3rio ser\u00e1 aberto ao [&hellip;]<\/p>\n","protected":false},"author":7,"featured_media":21950,"comment_status":"closed","ping_status":"open","sticky":false,"template":"","format":"standard","meta":{"rop_custom_images_group":[],"rop_custom_messages_group":[],"rop_publish_now":"initial","rop_publish_now_accounts":[],"rop_publish_now_history":[],"rop_publish_now_status":"pending","footnotes":""},"categories":[189],"tags":[73],"class_list":["post-21944","post","type-post","status-publish","format-standard","has-post-thumbnail","hentry","category-brasil","tag-featured"],"amp_enabled":true,"_links":{"self":[{"href":"https:\/\/imais.online\/portal\/wp-json\/wp\/v2\/posts\/21944","targetHints":{"allow":["GET"]}}],"collection":[{"href":"https:\/\/imais.online\/portal\/wp-json\/wp\/v2\/posts"}],"about":[{"href":"https:\/\/imais.online\/portal\/wp-json\/wp\/v2\/types\/post"}],"author":[{"embeddable":true,"href":"https:\/\/imais.online\/portal\/wp-json\/wp\/v2\/users\/7"}],"replies":[{"embeddable":true,"href":"https:\/\/imais.online\/portal\/wp-json\/wp\/v2\/comments?post=21944"}],"version-history":[{"count":1,"href":"https:\/\/imais.online\/portal\/wp-json\/wp\/v2\/posts\/21944\/revisions"}],"predecessor-version":[{"id":21946,"href":"https:\/\/imais.online\/portal\/wp-json\/wp\/v2\/posts\/21944\/revisions\/21946"}],"wp:featuredmedia":[{"embeddable":true,"href":"https:\/\/imais.online\/portal\/wp-json\/wp\/v2\/media\/21950"}],"wp:attachment":[{"href":"https:\/\/imais.online\/portal\/wp-json\/wp\/v2\/media?parent=21944"}],"wp:term":[{"taxonomy":"category","embeddable":true,"href":"https:\/\/imais.online\/portal\/wp-json\/wp\/v2\/categories?post=21944"},{"taxonomy":"post_tag","embeddable":true,"href":"https:\/\/imais.online\/portal\/wp-json\/wp\/v2\/tags?post=21944"}],"curies":[{"name":"wp","href":"https:\/\/api.w.org\/{rel}","templated":true}]}}