{"id":21951,"date":"2024-02-20T10:47:15","date_gmt":"2024-02-20T13:47:15","guid":{"rendered":"https:\/\/imais.online\/portal\/?p=21951"},"modified":"2024-02-20T10:47:16","modified_gmt":"2024-02-20T13:47:16","slug":"secretaria-de-saude-vacina-caes-e-gatos-contra-raiva-neste-sabado-em-indaiatuba","status":"publish","type":"post","link":"https:\/\/imais.online\/portal\/secretaria-de-saude-vacina-caes-e-gatos-contra-raiva-neste-sabado-em-indaiatuba\/","title":{"rendered":"Secretaria de Sa\u00fade vacina c\u00e3es e gatos contra raiva neste s\u00e1bado em Indaiatuba"},"content":{"rendered":"<div class=\"imais-before-content-placement\" id=\"imais-1424422706\"><script async src=\"\/\/pagead2.googlesyndication.com\/pagead\/js\/adsbygoogle.js?client=ca-pub-8787528412751566\" crossorigin=\"anonymous\"><\/script><ins class=\"adsbygoogle\" style=\"display:block;\" data-ad-client=\"ca-pub-8787528412751566\" \ndata-ad-slot=\"\" \ndata-ad-format=\"auto\"><\/ins>\n<script> \n(adsbygoogle = window.adsbygoogle || []).push({}); \n<\/script>\n<\/div>\n<p><em><small>Tutores que fizeram agendamento no link disponibilizado devem comparecer das 9h \u00e0s 13h<\/small><\/em><\/p>\n\n\n\n<p>A Secretaria de Sa\u00fade de Indaiatuba informa que a segunda a\u00e7\u00e3o de vacina\u00e7\u00e3o contra raiva animal de 2024 ser\u00e1 realizada neste s\u00e1bado (24) apenas no Parque PET do Jardim Esplanada, das 9h \u00e0s 13h. Os tutores de c\u00e3es e gatos que fizeram o agendamento devem comparecer.<\/p>\n\n\n\n<p>A vacina\u00e7\u00e3o tem o apoio do Compda (Conselho Municipal de Prote\u00e7\u00e3o dos Direitos dos Animais). A recomenda\u00e7\u00e3o aos tutores \u00e9 que n\u00e3o esque\u00e7am de levar a carteira de vacina\u00e7\u00e3o do pet. C\u00e3es devem ser conduzidos em coleiras e gatos dentro de um saco de tecido.<\/p>\n\n\n\n<p>Como o posto de vacina\u00e7\u00e3o ser\u00e1 em local aberto, a a\u00e7\u00e3o ser\u00e1 cancelada em caso de chuva.<\/p>\n\n\n\n<p><strong>Servi\u00e7o<\/strong><strong><\/strong><\/p>\n\n\n\n<p>Vacina\u00e7\u00e3o contra raiva animal<\/p>\n\n\n\n<p>Dia: 24 de fevereiro<\/p>\n\n\n\n<p>Hor\u00e1rio: das 9h \u00e0s 13h<\/p>\n\n\n\n<p>Local: Parque PET do Jardim Esplanada (em frente ao col\u00e9gio Objetivo)<\/p>\n\n\n\n<p><strong>#PraTodosVerem:&nbsp;<\/strong>Foto colorida no Parque PET do Jardim Esplanada mostra \u00e0 esquerda uma mulher utilizando luvas, vacinando contra a raiva animal um cachorro, ao centro da imagem, sendo carregado por outra mulher \u00e0 direita.<\/p>\n","protected":false},"excerpt":{"rendered":"<p>Tutores que fizeram agendamento no link disponibilizado devem comparecer das 9h \u00e0s 13h A Secretaria de Sa\u00fade de Indaiatuba informa que a segunda a\u00e7\u00e3o de vacina\u00e7\u00e3o contra raiva animal de 2024 ser\u00e1 realizada neste s\u00e1bado (24) apenas no Parque PET do Jardim Esplanada, das 9h \u00e0s 13h. Os tutores de c\u00e3es e gatos que fizeram [&hellip;]<\/p>\n","protected":false},"author":8,"featured_media":21952,"comment_status":"closed","ping_status":"open","sticky":false,"template":"","format":"standard","meta":{"rop_custom_images_group":[],"rop_custom_messages_group":[],"rop_publish_now":"initial","rop_publish_now_accounts":[],"rop_publish_now_history":[],"rop_publish_now_status":"pending","footnotes":""},"categories":[188],"tags":[73],"class_list":["post-21951","post","type-post","status-publish","format-standard","has-post-thumbnail","hentry","category-indaiatuba","tag-featured"],"amp_enabled":true,"_links":{"self":[{"href":"https:\/\/imais.online\/portal\/wp-json\/wp\/v2\/posts\/21951","targetHints":{"allow":["GET"]}}],"collection":[{"href":"https:\/\/imais.online\/portal\/wp-json\/wp\/v2\/posts"}],"about":[{"href":"https:\/\/imais.online\/portal\/wp-json\/wp\/v2\/types\/post"}],"author":[{"embeddable":true,"href":"https:\/\/imais.online\/portal\/wp-json\/wp\/v2\/users\/8"}],"replies":[{"embeddable":true,"href":"https:\/\/imais.online\/portal\/wp-json\/wp\/v2\/comments?post=21951"}],"version-history":[{"count":1,"href":"https:\/\/imais.online\/portal\/wp-json\/wp\/v2\/posts\/21951\/revisions"}],"predecessor-version":[{"id":21953,"href":"https:\/\/imais.online\/portal\/wp-json\/wp\/v2\/posts\/21951\/revisions\/21953"}],"wp:featuredmedia":[{"embeddable":true,"href":"https:\/\/imais.online\/portal\/wp-json\/wp\/v2\/media\/21952"}],"wp:attachment":[{"href":"https:\/\/imais.online\/portal\/wp-json\/wp\/v2\/media?parent=21951"}],"wp:term":[{"taxonomy":"category","embeddable":true,"href":"https:\/\/imais.online\/portal\/wp-json\/wp\/v2\/categories?post=21951"},{"taxonomy":"post_tag","embeddable":true,"href":"https:\/\/imais.online\/portal\/wp-json\/wp\/v2\/tags?post=21951"}],"curies":[{"name":"wp","href":"https:\/\/api.w.org\/{rel}","templated":true}]}}