{"id":21954,"date":"2024-02-20T10:52:44","date_gmt":"2024-02-20T13:52:44","guid":{"rendered":"https:\/\/imais.online\/portal\/?p=21954"},"modified":"2024-02-20T10:52:45","modified_gmt":"2024-02-20T13:52:45","slug":"aula-inaugural-na-fiec-impulsionando-335-alunos-rumo-ao-sucesso-nos-cursos-tecnicos-e-de-tecnologia","status":"publish","type":"post","link":"https:\/\/imais.online\/portal\/aula-inaugural-na-fiec-impulsionando-335-alunos-rumo-ao-sucesso-nos-cursos-tecnicos-e-de-tecnologia\/","title":{"rendered":"Aula Inaugural na FIEC: Impulsionando 335 alunos rumo ao sucesso nos cursos t\u00e9cnicos e de tecnologia"},"content":{"rendered":"<div class=\"imais-before-content-placement\" id=\"imais-1259579806\"><script async src=\"\/\/pagead2.googlesyndication.com\/pagead\/js\/adsbygoogle.js?client=ca-pub-8787528412751566\" crossorigin=\"anonymous\"><\/script><ins class=\"adsbygoogle\" style=\"display:block;\" data-ad-client=\"ca-pub-8787528412751566\" \ndata-ad-slot=\"\" \ndata-ad-format=\"auto\"><\/ins>\n<script> \n(adsbygoogle = window.adsbygoogle || []).push({}); \n<\/script>\n<\/div>\n<p><em><small>Fiec realiza aula inaugural para 335 alunos dos cursos T\u00e9cnicos e do Tecn\u00f3logo<\/small><\/em><\/p>\n\n\n\n<p>No dia 15 de fevereiro a Funda\u00e7\u00e3o Indaiatubana de Educa\u00e7\u00e3o e Cultura (FIEC) teve o privil\u00e9gio de promover a Aula Inaugural para as novas turmas do ano letivo, cursos t\u00e9cnicos em Administra\u00e7\u00e3o, An\u00e1lises Cl\u00ednicas, Agroneg\u00f3cio, Design de Interiores, Edifica\u00e7\u00e3o, Marketing, Inform\u00e1tica e Mecatr\u00f4nica, tamb\u00e9m o curso de Tecn\u00f3logo em Processos Qu\u00edmicos, no total foram 355 alunos matriculados. Estiveram presentes convidados, incluindo Prefeito Nilson Gaspar, Superintendente da Fiec, Geraldo Garcia, Vereadores da C\u00e2mara de Indaiatuba, Alexandre Peres e H\u00e9lio Ribeiro, Diretor Administrativo do Conselho Federal dos T\u00e9cnicos Industriais (CFT), Valdivino Alves de Carvalho, Conselheiro Regional e Professor da Funda\u00e7\u00e3o, Adevandro Olmeda, Representante do CRQ, Carlos Fernandes, Empreendedor e Palestrante Rog\u00e9rio Klinke, Diretora Pedag\u00f3gica, Nilza Chavier, Vice-Diretora, Marta B\u00e9rgamo, Diretora de Educa\u00e7\u00e3o e Cultura, Eliane Geiss e os coordenadores dos respectivos cursos.<\/p>\n\n\n\n<p>A Aula Inaugural n\u00e3o s\u00f3 deu as boas-vindas aos novos alunos da comunidade acad\u00eamica, mas tamb\u00e9m proporcionou um momento de acolhimento e orienta\u00e7\u00e3o essenciais para o sucesso de sua jornada na Funda\u00e7\u00e3o. Durante o evento, o Empreendedor Rog\u00e9rio Klinke, apresentou uma palestra com o tema: \u201cIn\u00edcio da Jornada Profissional\u201d, gerando um ambiente caloroso e inspirador, onde receberam&nbsp;<em>insights&nbsp;<\/em>valiosos sobre as atividades acad\u00eamicas, recursos dispon\u00edveis e a import\u00e2ncia do comprometimento com sua forma\u00e7\u00e3o educacional. Klinke, destaca que a FIEC \u00e9 uma excelente base para os alunos, e refor\u00e7ou sobre a import\u00e2ncia de continuar sempre estudando e aprendendo (<em>lifelong learning<\/em>)&#8221;.<\/p>\n\n\n\n<p>A Educa\u00e7\u00e3o 4.0 representa uma mudan\u00e7a de paradigma na forma como concebemos e praticamos a educa\u00e7\u00e3o, abra\u00e7ando a tecnologia como aliada, prioriza o desenvolvimento de compet\u00eancias essenciais e prepara os alunos para serem cidad\u00e3os globais e agentes de mudan\u00e7a em um mundo em constante transforma\u00e7\u00e3o. Coloca o aluno no centro do processo educacional, incentivando o seu engajamento ativo, autonomia e responsabilidade pelo pr\u00f3prio aprendizado. E por este motivo foi apresentado a todos os alunos e convidados, a \u201cCarteirinha Digital\u201d que possibilita o acesso ao documento em alguns&nbsp;<em>clicks<\/em>, essa \u00e9 uma inova\u00e7\u00e3o para o ano de 2024 na Funda\u00e7\u00e3o. Foi elaborado e desenvolvido pelos estagi\u00e1rios em supervis\u00e3o do Professor e S\u00e9rgio Furgeri.<\/p>\n\n\n\n<p>Estudantes do curso de Tecn\u00f3logo em Processos Qu\u00edmicos deram in\u00edcio, em 2022, a um projeto inovador de simula\u00e7\u00e3o de uma Planta Industrial. Em colabora\u00e7\u00e3o estreita com o curso T\u00e9cnico em Mecatr\u00f4nica, os alunos receberam apoio fundamental para o desenvolvimento e constru\u00e7\u00e3o da estrutura da planta, a qual representa uma miniaturiza\u00e7\u00e3o dos processos caracter\u00edsticos da Ind\u00fastria Qu\u00edmica. Com o suporte da FIEC, este projeto foi concretizado com um investimento de reduzido de R$7.000,00. A iniciativa proporcionou aos alunos uma valiosa oportunidade pr\u00e1tica de compreender a import\u00e2ncia dos projetos acad\u00eamicos em sua forma\u00e7\u00e3o profissional, a experiencia de integra\u00e7\u00e3o entre equipes e processos.<\/p>\n\n\n\n<p>&nbsp;Entre os momentos destacados, a presen\u00e7a de autoridades locais e membros da comunidade ressaltou o compromisso da institui\u00e7\u00e3o com o engajamento e a colabora\u00e7\u00e3o com o entorno. Esse aspecto \u00e9 fundamental para o desenvolvimento de uma atmosfera acad\u00eamica que n\u00e3o s\u00f3 promove a excel\u00eancia educacional, mas tamb\u00e9m nutre conex\u00f5es significativas com a sociedade, gerando assim, perspectivas enriquecedoras, incentivando os alunos a explorarem novos horizontes e a buscarem constantemente o conhecimento. Segundo Valdivino Alves de Carvalho, T\u00e9cnico em Eletrot\u00e9cnica a 42 anos e Diretor Administrativo do CFT&nbsp; \u201c O curso t\u00e9cnico \u00e9 um alavancador social, pois esses cursos&nbsp; em pouco tempo insere no mercado de trabalho jovens, que sem essa forma\u00e7\u00e3o ficaria muito dif\u00edcil de arrumar o seu primeiro emprego, e com uma forma\u00e7\u00e3o espec\u00edfica, como no caso desses aspirantes a t\u00e9cnicos em edifica\u00e7\u00f5es ou mecatr\u00f4nica por exemplo, eles j\u00e1 saem aqui da FIEC com alguma experi\u00eancia e preparado para o mercado de trabalho, Valdivino conclui que, segundo as \u00faltimas pesquisas, estes jovens j\u00e1 saem ganhando em m\u00e9dia 32 por cento a mais do que uma pessoa que n\u00e3o tem forma\u00e7\u00e3o t\u00e9cnica&#8221;. Finalizou sua fala incentivando os jovens a n\u00e3o desistir no meio do curso.<\/p>\n\n\n\n<p>O evento, al\u00e9m de sua import\u00e2ncia simb\u00f3lica, marca o in\u00edcio de uma jornada repleta de descobertas, desafios e conquistas para os 355 alunos que agora fazem parte da comunidade acad\u00eamica da FIEC.<\/p>\n\n\n\n<p><strong>#PraTodosVerem:&nbsp;<\/strong>Foto colorida mostrando os alunos no audit\u00f3rio da Fiec, com autoridades e convidados, incluindo o Prefeito Nilson Gaspar. Fim da Descri\u00e7\u00e3o.&nbsp;&nbsp;&nbsp;<\/p>\n","protected":false},"excerpt":{"rendered":"<p>Fiec realiza aula inaugural para 335 alunos dos cursos T\u00e9cnicos e do Tecn\u00f3logo No dia 15 de fevereiro a Funda\u00e7\u00e3o Indaiatubana de Educa\u00e7\u00e3o e Cultura (FIEC) teve o privil\u00e9gio de promover a Aula Inaugural para as novas turmas do ano letivo, cursos t\u00e9cnicos em Administra\u00e7\u00e3o, An\u00e1lises Cl\u00ednicas, Agroneg\u00f3cio, Design de Interiores, Edifica\u00e7\u00e3o, Marketing, Inform\u00e1tica e [&hellip;]<\/p>\n","protected":false},"author":8,"featured_media":21955,"comment_status":"closed","ping_status":"open","sticky":false,"template":"","format":"standard","meta":{"rop_custom_images_group":[],"rop_custom_messages_group":[],"rop_publish_now":"initial","rop_publish_now_accounts":[],"rop_publish_now_history":[],"rop_publish_now_status":"pending","footnotes":""},"categories":[188],"tags":[],"class_list":["post-21954","post","type-post","status-publish","format-standard","has-post-thumbnail","hentry","category-indaiatuba"],"amp_enabled":true,"_links":{"self":[{"href":"https:\/\/imais.online\/portal\/wp-json\/wp\/v2\/posts\/21954","targetHints":{"allow":["GET"]}}],"collection":[{"href":"https:\/\/imais.online\/portal\/wp-json\/wp\/v2\/posts"}],"about":[{"href":"https:\/\/imais.online\/portal\/wp-json\/wp\/v2\/types\/post"}],"author":[{"embeddable":true,"href":"https:\/\/imais.online\/portal\/wp-json\/wp\/v2\/users\/8"}],"replies":[{"embeddable":true,"href":"https:\/\/imais.online\/portal\/wp-json\/wp\/v2\/comments?post=21954"}],"version-history":[{"count":1,"href":"https:\/\/imais.online\/portal\/wp-json\/wp\/v2\/posts\/21954\/revisions"}],"predecessor-version":[{"id":21956,"href":"https:\/\/imais.online\/portal\/wp-json\/wp\/v2\/posts\/21954\/revisions\/21956"}],"wp:featuredmedia":[{"embeddable":true,"href":"https:\/\/imais.online\/portal\/wp-json\/wp\/v2\/media\/21955"}],"wp:attachment":[{"href":"https:\/\/imais.online\/portal\/wp-json\/wp\/v2\/media?parent=21954"}],"wp:term":[{"taxonomy":"category","embeddable":true,"href":"https:\/\/imais.online\/portal\/wp-json\/wp\/v2\/categories?post=21954"},{"taxonomy":"post_tag","embeddable":true,"href":"https:\/\/imais.online\/portal\/wp-json\/wp\/v2\/tags?post=21954"}],"curies":[{"name":"wp","href":"https:\/\/api.w.org\/{rel}","templated":true}]}}