{"id":21966,"date":"2024-02-21T15:32:28","date_gmt":"2024-02-21T18:32:28","guid":{"rendered":"https:\/\/imais.online\/portal\/?p=21966"},"modified":"2024-02-21T15:32:29","modified_gmt":"2024-02-21T18:32:29","slug":"secretaria-de-cultura-abre-inscricoes-para-audicoes-do-grupo-de-referencia-em-teatro","status":"publish","type":"post","link":"https:\/\/imais.online\/portal\/secretaria-de-cultura-abre-inscricoes-para-audicoes-do-grupo-de-referencia-em-teatro\/","title":{"rendered":"Secretaria de Cultura abre inscri\u00e7\u00f5es para audi\u00e7\u00f5es do Grupo de Refer\u00eancia em Teatro"},"content":{"rendered":"<div class=\"imais-before-content-placement\" id=\"imais-601412927\"><script async src=\"\/\/pagead2.googlesyndication.com\/pagead\/js\/adsbygoogle.js?client=ca-pub-8787528412751566\" crossorigin=\"anonymous\"><\/script><ins class=\"adsbygoogle\" style=\"display:block;\" data-ad-client=\"ca-pub-8787528412751566\" \ndata-ad-slot=\"\" \ndata-ad-format=\"auto\"><\/ins>\n<script> \n(adsbygoogle = window.adsbygoogle || []).push({}); \n<\/script>\n<\/div>\n<p><em><small>Interessados devem ter a partir de 13 anos e confirmar participa\u00e7\u00e3o at\u00e9 dia 29 de fevereiro<\/small><\/em><\/p>\n\n\n\n<p>A Prefeitura de Indaiatuba, por meio da Secretaria Municipal de Cultura, abre audi\u00e7\u00e3o para o Grupo de Refer\u00eancia em Teatro. Os interessados devem ter a partir de 13 anos e preencher o formul\u00e1rio dispon\u00edvel no&nbsp;<a href=\"https:\/\/www.indaiatuba.sp.gov.br\/cultura-online\/\" target=\"_blank\" rel=\"noreferrer noopener\"><strong><u>Cultura Online<\/u><\/strong><\/a>&nbsp;at\u00e9 o dia 29 de fevereiro. As seletivas acontecem dias 2 e 3 de mar\u00e7o no Centro Cultural Hermenegildo Pinto (Piano), das 8h30 \u00e0s 17h.<\/p>\n\n\n\n<p>O objetivo do Grupo de Refer\u00eancia em Teatro \u00e9 trabalhar a arte&nbsp;de maneira imersiva e em n\u00edvel avan\u00e7ado,&nbsp;al\u00e9m de representar o munic\u00edpio em festivais, concursos, premia\u00e7\u00f5es e apresenta\u00e7\u00f5es. Por isso, \u00e9 preciso que o interessado possua pelo menos um ano de experi\u00eancia na \u00e1rea teatral.&nbsp;<\/p>\n\n\n\n<p>Na inscri\u00e7\u00e3o online, al\u00e9m dos dados pessoais, \u00e9 preciso enviar c\u00f3pias do comprovante de endere\u00e7o, RG e CPF. Se o interessado for menor de idade, \u00e9 necess\u00e1rio enviar tamb\u00e9m o CPF do pai ou respons\u00e1vel.<\/p>\n\n\n\n<p>Os interessados devem participar dos dois dias de audi\u00e7\u00f5es, que contar\u00e3o com diversas atividades como exerc\u00edcios corporais e vocais, de improvisa\u00e7\u00e3o e interpreta\u00e7\u00e3o. Aos aprovados, as aulas acontecem \u00e0s ter\u00e7as e quartas-feiras, das 18h \u00e0s 21h, no Complexo Cultural Viber \u2018Vicente Bernardinetti\u2019, localizado na Rua Paran\u00e1, s\/n\u00ba,&nbsp;bairro Cidade Nova 2.<\/p>\n\n\n\n<p>Os alunos j\u00e1 matriculados nas&nbsp;Oficinas&nbsp;de Teatro Juvenil ou Adulto, caso classificados&nbsp;na audi\u00e7\u00e3o, ser\u00e3o transferidos automaticamente para o Grupo de Refer\u00eancia em Teatro.&nbsp;<\/p>\n\n\n\n<p>Al\u00e9m das aulas, \u00e9 importante que os interessados no projeto tamb\u00e9m possam participar de eventuais ensaios extras para apresenta\u00e7\u00f5es em hor\u00e1rios que ser\u00e3o combinados ao longo do ano letivo.<\/p>\n\n\n\n<p>Criado em 2022, no ano passado o Grupo de Refer\u00eancia em Teatro recebeu diversos pr\u00eamios e certificados e tamb\u00e9m participou ativamente dos espet\u00e1culos&nbsp;<em>A Ressurrei\u00e7\u00e3o<\/em>, realizado em junho, e do&nbsp;<em>Encantos de Natal<\/em>, em dezembro.<\/p>\n\n\n\n<p><strong>Audi\u00e7\u00f5es para Grupo de Refer\u00eancia em Teatro<\/strong><\/p>\n\n\n\n<p><strong>Datas:&nbsp;<\/strong>2 e 3 de mar\u00e7o<br><strong>Hor\u00e1rio:<\/strong>&nbsp;a partir das 8h30<br><strong>Faixa et\u00e1ria:<\/strong>&nbsp;a partir de 13 anos<br><strong>Inscri\u00e7\u00f5es:<\/strong>&nbsp;<a href=\"https:\/\/forms.gle\/W6peKRs1373PVhVw7\" target=\"_blank\" rel=\"noreferrer noopener\"><strong><u>neste link<\/u><\/strong><\/a>&nbsp;<br><strong>Local:&nbsp;<\/strong>Centro Cultural Hermenegildo Pinto (Piano)<br><strong>Endere\u00e7o:&nbsp;<\/strong>Avenida&nbsp;Engenheiro&nbsp;F\u00e1bio Roberto Barnab\u00e9, 5924 &#8211; Jardim Morada do Sol<br><strong>Informa\u00e7\u00f5es:&nbsp;<\/strong>(19) 3801-1340<\/p>\n\n\n\n<p><strong>CERTIFICADOS E PREMIA\u00c7\u00d5ES<\/strong><\/p>\n\n\n\n<p>&#8211; Terceiro lugar na categoria Adulto para&nbsp;<em>Piquenique no Front&nbsp;<\/em>no Festival de Cenas Teatrais 2023 de Santos<br>&#8211; Indica\u00e7\u00e3o a F\u00e1bio Pimenta em Cenografia por&nbsp;<em>Piquenique no Front&nbsp;<\/em>no Festival de Cenas Teatrais 2023 de Santos<br>&#8211; Indica\u00e7\u00e3o a Melhor Cena para&nbsp;<em>Piquenique no Front&nbsp;<\/em>no Festival de Cenas Teatrais 2023 de Santos<br>&#8211; Melhor Dire\u00e7\u00e3o para F\u00e1bio Pimenta por&nbsp;<em>Piquenique no Front&nbsp;<\/em>no Festival de Cenas Teatrais 2023 de Santos<br>&#8211; Indica\u00e7\u00e3o a Ator Revela\u00e7\u00e3o para Luan Henrique Floriano por&nbsp;<em>Piquenique no Front&nbsp;<\/em>no Festival de Cenas Teatrais 2023 de Santos<br>&#8211; Melhor Atriz Adulto para Janete Russ por&nbsp;<em>Piquenique no Front&nbsp;<\/em>no Festival de Cenas Teatrais 2023 de Santos<br>&#8211; Men\u00e7\u00e3o Honrosa para&nbsp;<em>Piquenique no Front&nbsp;<\/em>no 2\u00ba Festival de Cenas Curtas de Mogi Mirim 2023<br>&#8211; Melhor ator para Nathan Barros por&nbsp;<em>Piquenique no Front<\/em>&nbsp;no 3\u00ba Festival de Teatro Dago Menezes 2023 em Itu<br>&#8211; Men\u00e7\u00e3o honrosa para as atrizes Isabela Antoniassi e Alice Consani no 3\u00ba Festival de Teatro Dago Menezes 2023 em Itu<\/p>\n","protected":false},"excerpt":{"rendered":"<p>Interessados devem ter a partir de 13 anos e confirmar participa\u00e7\u00e3o at\u00e9 dia 29 de fevereiro A Prefeitura de Indaiatuba, por meio da Secretaria Municipal de Cultura, abre audi\u00e7\u00e3o para o Grupo de Refer\u00eancia em Teatro. Os interessados devem ter a partir de 13 anos e preencher o formul\u00e1rio dispon\u00edvel no&nbsp;Cultura Online&nbsp;at\u00e9 o dia 29 [&hellip;]<\/p>\n","protected":false},"author":8,"featured_media":21967,"comment_status":"closed","ping_status":"open","sticky":false,"template":"","format":"standard","meta":{"rop_custom_images_group":[],"rop_custom_messages_group":[],"rop_publish_now":"initial","rop_publish_now_accounts":[],"rop_publish_now_history":[],"rop_publish_now_status":"pending","footnotes":""},"categories":[188],"tags":[],"class_list":["post-21966","post","type-post","status-publish","format-standard","has-post-thumbnail","hentry","category-indaiatuba"],"amp_enabled":true,"_links":{"self":[{"href":"https:\/\/imais.online\/portal\/wp-json\/wp\/v2\/posts\/21966","targetHints":{"allow":["GET"]}}],"collection":[{"href":"https:\/\/imais.online\/portal\/wp-json\/wp\/v2\/posts"}],"about":[{"href":"https:\/\/imais.online\/portal\/wp-json\/wp\/v2\/types\/post"}],"author":[{"embeddable":true,"href":"https:\/\/imais.online\/portal\/wp-json\/wp\/v2\/users\/8"}],"replies":[{"embeddable":true,"href":"https:\/\/imais.online\/portal\/wp-json\/wp\/v2\/comments?post=21966"}],"version-history":[{"count":1,"href":"https:\/\/imais.online\/portal\/wp-json\/wp\/v2\/posts\/21966\/revisions"}],"predecessor-version":[{"id":21968,"href":"https:\/\/imais.online\/portal\/wp-json\/wp\/v2\/posts\/21966\/revisions\/21968"}],"wp:featuredmedia":[{"embeddable":true,"href":"https:\/\/imais.online\/portal\/wp-json\/wp\/v2\/media\/21967"}],"wp:attachment":[{"href":"https:\/\/imais.online\/portal\/wp-json\/wp\/v2\/media?parent=21966"}],"wp:term":[{"taxonomy":"category","embeddable":true,"href":"https:\/\/imais.online\/portal\/wp-json\/wp\/v2\/categories?post=21966"},{"taxonomy":"post_tag","embeddable":true,"href":"https:\/\/imais.online\/portal\/wp-json\/wp\/v2\/tags?post=21966"}],"curies":[{"name":"wp","href":"https:\/\/api.w.org\/{rel}","templated":true}]}}